{"id":1635,"date":"2015-10-23T00:00:00","date_gmt":"2015-10-23T00:00:00","guid":{"rendered":"https:\/\/www.salvatorianas.org.br\/blog\/relatorio-do-sinodo-recebe-ultimos-ajustes\/"},"modified":"2015-10-23T00:00:00","modified_gmt":"2015-10-23T00:00:00","slug":"relatorio-do-sinodo-recebe-ultimos-ajustes","status":"publish","type":"post","link":"https:\/\/www.salvatorianas.org.br\/blog\/relatorio-do-sinodo-recebe-ultimos-ajustes\/","title":{"rendered":"Relat\u00f3rio do S\u00ednodo recebe \u00faltimos ajustes"},"content":{"rendered":"<p style=\"font-weight: 300; text-align: justify;\">[imagem1]<\/p>\n<p style=\"font-weight: 300; text-align: justify;\">&nbsp;<\/p>\n<p style=\"font-weight: 300; text-align: justify;\">O papa Francisco iniciou as atividades na&nbsp;quinta-feira, 22, celebrando missa na capela da Casa Santa Marta. &nbsp;H&aacute; dois dias do encerramento da 14&ordf; Assembleia Ordin&aacute;ria do S&iacute;nodo dos Bispos sobre a Fam&iacute;lia, no Vaticano, ele recordou que a convers&atilde;o, para o crist&atilde;o, &ldquo;&eacute; uma tarefa, &eacute; um trabalho de todos os dias&rdquo;.<\/p>\n<p style=\"font-weight: 300; text-align: justify;\">Francisco disse ainda que &ldquo;o esfor&ccedil;o do crist&atilde;o &eacute; propenso a abrir a porta do cora&ccedil;&atilde;o ao Esp&iacute;rito Santo&rdquo;. Ap&oacute;s a missa, o papa seguiu para os trabalhos do S&iacute;nodo dos Bispos. Os padre sinodais permanecem livres pela manh&atilde;. &Agrave; tarde, em plen&aacute;rio, haver&aacute; apresenta&ccedil;&atilde;o do relat&oacute;rio final, produzido a partir das reflex&otilde;es dos grupos.<\/p>\n<p style=\"font-weight: 300; text-align: justify;\">Em entrevista &agrave; R&aacute;dio Vaticano, o arcebispo de S&atilde;o Paulo (SP), cardeal Odilo Pedro Scherer, comentou que essa&nbsp;etapa do S&iacute;nodo busca recolher os resultados das reflex&otilde;es sobre a voca&ccedil;&atilde;o e miss&atilde;o da fam&iacute;lia na Igreja e no mundo contempor&acirc;neo.<\/p>\n<p style=\"font-weight: 300; text-align: justify;\">&nbsp;&ldquo;Hoje &agrave; tarde, ser&aacute; apresentado o relat&oacute;rio elaborado pela Comiss&atilde;o de Reda&ccedil;&atilde;o, a partir de todas as contribui&ccedil;&otilde;es recebidas em plen&aacute;rio e nos c&iacute;rculos menores. Depois, teremos ainda a sexta-feira para mais um momento de reflex&atilde;o em plen&aacute;rio sobre o pr&oacute;prio relat&oacute;rio, antes que se parta para a vota&ccedil;&atilde;o ponto por ponto no s&aacute;bado&rdquo;, explicou dom Odilo.<\/p>\n<p style=\"font-weight: 300; text-align: justify;\"><strong><strong>Reflex&otilde;es pastorais<\/strong><\/strong><\/p>\n<p style=\"font-weight: 300; text-align: justify;\">Sobre as expectativas em rela&ccedil;&atilde;o aos encaminhamentos pastorais dos divorciados recados, o cardeal pontua que houve intensas contribui&ccedil;&otilde;es do plen&aacute;rio. &ldquo;Foi motivo de reflex&atilde;o sobretudo na terceira parte do Instrumento de Trabalho, na linha pastoral, n&atilde;o na linha doutrinal. Quer dizer, primeiramente fica descartada a possibilidade de pensar que a Igreja vai aprovar o div&oacute;rcio. J&aacute; foi feito o <em>motu proprio<\/em> sobre a agiliza&ccedil;&atilde;o dos processos de reconhecimento da nulidade matrimonial, mas isto vai na linha da nulidade, n&atilde;o da anula&ccedil;&atilde;o, ou seja, do div&oacute;rcio. Onde houver a possibilidade de reconhecer a nulidade, ent&atilde;o haver&aacute; tamb&eacute;m a possibilidade de um casamento verdadeiro&rdquo;, comentou o arcebispo.<\/p>\n<p style=\"font-weight: 300; text-align: justify;\">Fonte: CNBB<\/p>\n<p style=\"font-weight: 300; text-align: justify;\">&nbsp;<\/p>\n<p style=\"font-weight: 300; text-align: justify;\">&nbsp;<\/p>\n","protected":false},"excerpt":{"rendered":"<p>[imagem1] &nbsp; O papa Francisco iniciou as atividades na&nbsp;quinta-feira, 22, celebrando missa na capela da Casa Santa Marta. &nbsp;H&aacute; dois dias do encerramento da 14&ordf; Assembleia Ordin&aacute;ria do S&iacute;nodo dos Bispos sobre a&#8230;<\/p>\n","protected":false},"author":1,"featured_media":2037,"comment_status":"open","ping_status":"open","sticky":false,"template":"","format":"standard","meta":[],"categories":[1],"tags":[],"_links":{"self":[{"href":"https:\/\/www.salvatorianas.org.br\/blog\/wp-json\/wp\/v2\/posts\/1635"}],"collection":[{"href":"https:\/\/www.salvatorianas.org.br\/blog\/wp-json\/wp\/v2\/posts"}],"about":[{"href":"https:\/\/www.salvatorianas.org.br\/blog\/wp-json\/wp\/v2\/types\/post"}],"author":[{"embeddable":true,"href":"https:\/\/www.salvatorianas.org.br\/blog\/wp-json\/wp\/v2\/users\/1"}],"replies":[{"embeddable":true,"href":"https:\/\/www.salvatorianas.org.br\/blog\/wp-json\/wp\/v2\/comments?post=1635"}],"version-history":[{"count":0,"href":"https:\/\/www.salvatorianas.org.br\/blog\/wp-json\/wp\/v2\/posts\/1635\/revisions"}],"wp:featuredmedia":[{"embeddable":true,"href":"https:\/\/www.salvatorianas.org.br\/blog\/wp-json\/wp\/v2\/media\/2037"}],"wp:attachment":[{"href":"https:\/\/www.salvatorianas.org.br\/blog\/wp-json\/wp\/v2\/media?parent=1635"}],"wp:term":[{"taxonomy":"category","embeddable":true,"href":"https:\/\/www.salvatorianas.org.br\/blog\/wp-json\/wp\/v2\/categories?post=1635"},{"taxonomy":"post_tag","embeddable":true,"href":"https:\/\/www.salvatorianas.org.br\/blog\/wp-json\/wp\/v2\/tags?post=1635"}],"curies":[{"name":"wp","href":"https:\/\/api.w.org\/{rel}","templated":true}]}}