{"id":16333,"date":"2021-07-21T13:26:10","date_gmt":"2021-07-21T13:26:10","guid":{"rendered":"https:\/\/www.salvatorianas.org.br\/blog\/?p=16333"},"modified":"2021-07-23T11:45:50","modified_gmt":"2021-07-23T11:45:50","slug":"21-de-julho-festa-do-bem-aventurado-francisco-jordan","status":"publish","type":"post","link":"https:\/\/www.salvatorianas.org.br\/blog\/21-de-julho-festa-do-bem-aventurado-francisco-jordan\/","title":{"rendered":"21 de julho, festa do Bem-aventurado Francisco Jordan"},"content":{"rendered":"\n<p> Todos os anos, no dia 21 de julho, celebra-se a festividade do Bem-aventurado Francisco Jordan, como o cardeal  Angelo de Donatis&nbsp;  indicou no dia da beatifica\u00e7\u00e3o. <\/p>\n\n\n\n<p>No dia 21 de julho de 1878, aos 30 anos, o jovem Francisco Maria da Cruz Jordan foi ordenado sacerdote,  no Semin\u00e1rio S\u00e3o Pedro, em Friburgo. Essa foi a data escolhida para definir a festa do novo  bem-aventurado no santoral. <\/p>\n\n\n\n<p>Hoje, celebramos esta data t\u00e3o especial para n\u00f3s, recordando uma frase dita pelo Bem-aventurado Francisco Jordan: <em>\u201cEnquanto houver um homem no mundo que n\u00e3o conhe\u00e7a a Deus e O ame acima de todas as coisas, voc\u00ea n\u00e3o pode descansar.\u201d<\/em><br><\/p>\n\n\n\n<p style=\"text-align:center\"><strong>Ano de A\u00e7\u00e3o de Gra\u00e7as ao Bem-aventurado Francisco Jordan<\/strong><br> 2021 \u2013 21 de Julho \u2013 2022<\/p>\n\n\n\n<p><\/p>\n\n\n\n<figure class=\"wp-block-image\"><img decoding=\"async\" loading=\"lazy\" width=\"696\" height=\"1024\" src=\"https:\/\/www.salvatorianas.org.br\/blog\/wp-content\/uploads\/2021\/07\/WhatsApp-Image-2021-07-15-at-13.51.02-696x1024.jpeg\" alt=\"\" class=\"wp-image-16334\" srcset=\"https:\/\/www.salvatorianas.org.br\/blog\/wp-content\/uploads\/2021\/07\/WhatsApp-Image-2021-07-15-at-13.51.02-696x1024.jpeg 696w, https:\/\/www.salvatorianas.org.br\/blog\/wp-content\/uploads\/2021\/07\/WhatsApp-Image-2021-07-15-at-13.51.02-204x300.jpeg 204w, https:\/\/www.salvatorianas.org.br\/blog\/wp-content\/uploads\/2021\/07\/WhatsApp-Image-2021-07-15-at-13.51.02-768x1130.jpeg 768w, https:\/\/www.salvatorianas.org.br\/blog\/wp-content\/uploads\/2021\/07\/WhatsApp-Image-2021-07-15-at-13.51.02.jpeg 870w\" sizes=\"(max-width: 696px) 100vw, 696px\" \/><\/figure>\n\n\n\n<p>Como uma forma de agradecimento ao testemunho da santidade apost\u00f3lica do nosso Pai espiritual, a Fam\u00edlia Salvatoriana anuncia o <strong>&#8220;Ano de A\u00e7\u00e3o de Gra\u00e7as ao Bem-aventurado Francisco Jordan&#8221;<\/strong> que ter\u00e1 in\u00edcio em 21 de julho de 2021 e se estender\u00e1 at\u00e9 21 de julho de 2022. Ser\u00e1 um tempo de a\u00e7\u00e3o de gra\u00e7as para os Salvatorianos e Salvatorianas de todas as idades, classes sociais e culturas. Um tempo para aprofundar a preciosidade da voca\u00e7\u00e3o apost\u00f3lica e a fortalecer nossos la\u00e7os da indispens\u00e1vel intercolabora\u00e7\u00e3o, revitalizando assim nosso humilde, mas firme servi\u00e7o mission\u00e1rio na Igreja.<\/p>\n\n\n\n<p>Inspirados pelo testemunho de santidade do nosso Fundador, que sejamos <strong>&#8220;ap\u00f3stolos al\u00e9m das fronteiras&#8221;<\/strong>, por meio de uma vida fecunda, criativa e aberta aos desafios futuros, pois como o Padre Jordan mesmo nos recomendou: <em>&#8220;Se quiserem realizar grandes coisas, sejam pessoas de ora\u00e7\u00e3o!\u201d&nbsp;<\/em><\/p>\n\n\n\n<p>Esta \u00e9 a nossa voca\u00e7\u00e3o comum: ser ap\u00f3stolos de Jesus Cristo em qualquer parte do mundo, com aquele mesmo ardor que havia no cora\u00e7\u00e3o mission\u00e1rio do Bem-aventurado Francisco Jordan!<\/p>\n\n\n\n<p>Que este ano de A\u00e7\u00e3o de Gra\u00e7as seja um tempo de b\u00ean\u00e7\u00e3os para toda a Fam\u00edlia Salvatoriana nos mais diferentes contextos!<\/p>\n\n\n\n<p><br><strong>Bem-aventurado Francisco Jordan, Intercedei por n\u00f3s! <\/strong><\/p>\n\n\n\n<p><\/p>\n\n\n\n<p>Ora\u00e7\u00e3o do ano de A\u00e7\u00e3o de Gra\u00e7as ao Bem-aventurado Francisco Jordan:<\/p>\n\n\n\n<p><\/p>\n\n\n\n<p><strong>Celebra\u00e7\u00f5es do dia do Bem-aventurado Francisco Jordan:<\/strong><\/p>\n\n\n\n<figure><iframe loading=\"lazy\" src=\"https:\/\/www.facebook.com\/plugins\/post.php?href=https%3A%2F%2Fwww.facebook.com%2Fsalvatorianas%2Fposts%2F1958282640977105&amp;show_text=true&amp;width=500\" width=\"500\" height=\"781\" allowfullscreen=\"true\"><\/iframe><\/figure>\n\n\n\n<p style=\"text-align:left\"><\/p>\n","protected":false},"excerpt":{"rendered":"<p>Todos os anos, no dia 21 de julho, celebra-se a festividade do Bem-aventurado Francisco Jordan, como o cardeal Angelo de Donatis&nbsp; indicou no dia da beatifica\u00e7\u00e3o. No dia 21 de julho de 1878,&#8230;<\/p>\n","protected":false},"author":2,"featured_media":16335,"comment_status":"open","ping_status":"open","sticky":false,"template":"","format":"standard","meta":[],"categories":[40,1],"tags":[],"_links":{"self":[{"href":"https:\/\/www.salvatorianas.org.br\/blog\/wp-json\/wp\/v2\/posts\/16333"}],"collection":[{"href":"https:\/\/www.salvatorianas.org.br\/blog\/wp-json\/wp\/v2\/posts"}],"about":[{"href":"https:\/\/www.salvatorianas.org.br\/blog\/wp-json\/wp\/v2\/types\/post"}],"author":[{"embeddable":true,"href":"https:\/\/www.salvatorianas.org.br\/blog\/wp-json\/wp\/v2\/users\/2"}],"replies":[{"embeddable":true,"href":"https:\/\/www.salvatorianas.org.br\/blog\/wp-json\/wp\/v2\/comments?post=16333"}],"version-history":[{"count":6,"href":"https:\/\/www.salvatorianas.org.br\/blog\/wp-json\/wp\/v2\/posts\/16333\/revisions"}],"predecessor-version":[{"id":16355,"href":"https:\/\/www.salvatorianas.org.br\/blog\/wp-json\/wp\/v2\/posts\/16333\/revisions\/16355"}],"wp:featuredmedia":[{"embeddable":true,"href":"https:\/\/www.salvatorianas.org.br\/blog\/wp-json\/wp\/v2\/media\/16335"}],"wp:attachment":[{"href":"https:\/\/www.salvatorianas.org.br\/blog\/wp-json\/wp\/v2\/media?parent=16333"}],"wp:term":[{"taxonomy":"category","embeddable":true,"href":"https:\/\/www.salvatorianas.org.br\/blog\/wp-json\/wp\/v2\/categories?post=16333"},{"taxonomy":"post_tag","embeddable":true,"href":"https:\/\/www.salvatorianas.org.br\/blog\/wp-json\/wp\/v2\/tags?post=16333"}],"curies":[{"name":"wp","href":"https:\/\/api.w.org\/{rel}","templated":true}]}}