{"id":1632,"date":"2015-10-25T00:00:00","date_gmt":"2015-10-25T00:00:00","guid":{"rendered":"https:\/\/www.salvatorianas.org.br\/blog\/serie-2-missao-e-servir-na-acolhida-calorosa-vida-consagrada-em-salvador-evangelho-profecia-e-esperanca\/"},"modified":"2015-10-25T00:00:00","modified_gmt":"2015-10-25T00:00:00","slug":"serie-2-missao-e-servir-na-acolhida-calorosa-vida-consagrada-em-salvador-evangelho-profecia-e-esperanca","status":"publish","type":"post","link":"https:\/\/www.salvatorianas.org.br\/blog\/serie-2-missao-e-servir-na-acolhida-calorosa-vida-consagrada-em-salvador-evangelho-profecia-e-esperanca\/","title":{"rendered":"S\u00e9rie 2 &#8211; Miss\u00e3o \u00e9&#8230;servir na acolhida calorosa. Vida Consagrada em Salvador: Evangelho, Profecia e Esperan\u00e7a"},"content":{"rendered":"<p>&nbsp;<\/p>\n<p>Na s&eacute;rie de hoje apresentamos a hist&oacute;ria do sr. Elias, ex-morador de rua que hoje &eacute; membro da Comunidade da Trindade.&nbsp; Ele nos conta como chegou at&eacute; a Comunidade e como foi acolhido pelo grupo.<\/p>\n<p>&nbsp;&nbsp;<\/p>\n<p class=\"avPlayerWrapper avVideo\">\n<p class=\"avPlayerContainer\">\n<p id=\"AVPlayerID_1d96346a_342580671\" class=\"avPlayerBlock\"><iframe loading=\"lazy\" title=\"JoomlaWorks AllVideos Player\" src=\"http:\/\/www.youtube.com\/embed\/5ANIYMZS_Eg?rel=0&amp;fs=1&amp;wmode=transparent\" width=\"640\" height=\"385\" frameborder=\"0\" allowfullscreen=\"allowfullscreen\"><\/iframe><\/p>\n<p class=\"avPlayerBlock\">&nbsp;<\/p>\n<p class=\"avPlayerBlock\">&nbsp;<\/p>\n<\/p>\n<p class=\"css_buttons1\">&nbsp;<\/p>\n","protected":false},"excerpt":{"rendered":"<p>&nbsp; Na s&eacute;rie de hoje apresentamos a hist&oacute;ria do sr. Elias, ex-morador de rua que hoje &eacute; membro da Comunidade da Trindade.&nbsp; Ele nos conta como chegou at&eacute; a Comunidade e como foi&#8230;<\/p>\n","protected":false},"author":1,"featured_media":2033,"comment_status":"open","ping_status":"open","sticky":false,"template":"","format":"standard","meta":[],"categories":[1],"tags":[],"_links":{"self":[{"href":"https:\/\/www.salvatorianas.org.br\/blog\/wp-json\/wp\/v2\/posts\/1632"}],"collection":[{"href":"https:\/\/www.salvatorianas.org.br\/blog\/wp-json\/wp\/v2\/posts"}],"about":[{"href":"https:\/\/www.salvatorianas.org.br\/blog\/wp-json\/wp\/v2\/types\/post"}],"author":[{"embeddable":true,"href":"https:\/\/www.salvatorianas.org.br\/blog\/wp-json\/wp\/v2\/users\/1"}],"replies":[{"embeddable":true,"href":"https:\/\/www.salvatorianas.org.br\/blog\/wp-json\/wp\/v2\/comments?post=1632"}],"version-history":[{"count":0,"href":"https:\/\/www.salvatorianas.org.br\/blog\/wp-json\/wp\/v2\/posts\/1632\/revisions"}],"wp:featuredmedia":[{"embeddable":true,"href":"https:\/\/www.salvatorianas.org.br\/blog\/wp-json\/wp\/v2\/media\/2033"}],"wp:attachment":[{"href":"https:\/\/www.salvatorianas.org.br\/blog\/wp-json\/wp\/v2\/media?parent=1632"}],"wp:term":[{"taxonomy":"category","embeddable":true,"href":"https:\/\/www.salvatorianas.org.br\/blog\/wp-json\/wp\/v2\/categories?post=1632"},{"taxonomy":"post_tag","embeddable":true,"href":"https:\/\/www.salvatorianas.org.br\/blog\/wp-json\/wp\/v2\/tags?post=1632"}],"curies":[{"name":"wp","href":"https:\/\/api.w.org\/{rel}","templated":true}]}}