{"id":163,"date":"2017-12-29T00:00:00","date_gmt":"2017-12-29T00:00:00","guid":{"rendered":"https:\/\/www.salvatorianas.org.br\/blog\/convivencia-vocacional\/"},"modified":"2018-05-21T10:57:13","modified_gmt":"2018-05-21T10:57:13","slug":"convivencia-vocacional","status":"publish","type":"post","link":"https:\/\/www.salvatorianas.org.br\/blog\/convivencia-vocacional\/","title":{"rendered":"Conviv\u00eancia Vocacional"},"content":{"rendered":"<p class=\"MsoNormal\" style=\"text-align: justify;\"><span style=\"line-height: 105%;\"><b><i>\u00a0<\/i><\/b><\/span><\/p>\n<p class=\"MsoNormal\" style=\"text-align: justify;\"><span style=\"line-height: 105%;\"><b><i>\u201cSeremos respons\u00e1vel por levar o teu nome, \u00f3 Cristo Salvador! Ajudai-nos em nossa miss\u00e3o!\u201d<\/i><\/b> Certas de que o an\u00fancio do Salvador acontece em todos os instantes de nossa vida cotidiana, \u00e9 que nos dias 21 a 23 de dezembro proporcionamos \u00e0s jovens vocacionadas de Coelho Neto e Duque Bacelar \u2013 MA, um tempo de\u00a0 conviv\u00eancia vocacional em nossa Comunidade Sant\u00edssima Trindade. Nesta viv\u00eancia tivemos a presen\u00e7a das irm\u00e3s da Comunidade (Teresinha Fontana, Henriqueta Mezzomo, Elzi Bitencourt)Ir. Jovelina Oliveira e a postulante Luana Oliveira.\u00a0<\/span><\/p>\n<p class=\"MsoNormal\" style=\"text-align: justify;\"><span style=\"line-height: 105%;\">\u00a0<\/span><\/p>\n<p class=\"MsoNormal\" style=\"text-align: justify;\"><span style=\"line-height: 105%;\">Foram momentos de ora\u00e7\u00e3o,partilha do processo de discernimento que cada uma vem fazendo, estudos sobre o chamado de Deus e a resposta pessoal de cada uma. Participamos tamb\u00e9m do momento de encerramento das atividades da Pastoral Familiar e Pastoral da Juventude. Esta viv\u00eancia na Par\u00f3quia S\u00e3o Jos\u00e9 alimentou a esperan\u00e7a e o compromisso de ser uma comunidade que acredita nas voca\u00e7\u00f5es. \u00a0Isso ficou concretizado pela cria\u00e7\u00e3o da Pastoral Vocacional na par\u00f3quia e simbolicamente foi plantada uma \u00e1rvore, na certeza de que a semente foi lan\u00e7ada e vai depender de cada um para faz\u00ea-la frutificar. <\/span><\/p>\n<p class=\"MsoNormal\" style=\"text-align: justify;\"><span style=\"line-height: 105%;\">\u00a0<\/span><\/p>\n<p class=\"MsoNormal\" style=\"text-align: center;\" align=\"center\"><span style=\"line-height: 105%;\"><b>Depoimento das jovens<\/b><\/span><\/p>\n<p class=\"MsoNormal\" style=\"text-align: center;\" align=\"center\"><span style=\"line-height: 105%;\"><b>\u00a0<\/b><\/span><\/p>\n<p class=\"MsoNormal\" style=\"text-align: justify;\"><span style=\"line-height: 105%;\"><b>Maria do Socorro<\/b> (Duque Bacelar)<\/span><span style=\"line-height: 105%;\">&#8211; \u201cFicou um maior aprofundamento da caminhada quevenho fazendo de decis\u00e3o. Tenho uma maior certeza do meu desejo de quererretornar a congrega\u00e7\u00e3o das irm\u00e3s do Divino Salvador. Os conte\u00fados, a viv\u00eanciame ajudou muito. Agora \u00e9 voltar para casa e come\u00e7ar uma viv\u00eancia maior comigo erefletir tudo que vivencie esses dias com as irm\u00e3s e as outras vocacionadas.Pois n\u00e3o basta apenas ouvir, \u00e9 preciso viver agora isto dentro de mim\u201d. <\/span><\/p>\n<p class=\"MsoNormal\" style=\"text-align: justify;\"><span style=\"line-height: 105%;\">\u00a0<\/span><\/p>\n<p class=\"MsoNormal\" style=\"text-align: justify;\"><span style=\"line-height: 105%;\"><b>Gilmara<\/b><\/span><span style=\"line-height: 105%;\">(Coelho Neto): foram dias muito diferentes. Me senti muita ansiosa, pois euqueria descobrir logo o que Deus queria de mim. Tenho um desejo muito grande deser mission\u00e1ria, sair anunciando por terras desconhecidas. N\u00e3o sei o que possoencontrar pelo caminho, mas desejo anunciar o Salvador e fazer o que Elefez.\u00a0 Continuarei rezando a Deus para queeu possa descobrir tal desejo, pois s\u00e3o muitas as perguntas que se passam emmim e poucas as respostas. Esses dias para mim resumo como questionamentosinteriores.<\/span><\/p>\n<p class=\"MsoNormal\" style=\"text-align: justify;\"><span style=\"line-height: 105%;\">\u00a0<\/span><\/p>\n<p class=\"MsoNormal\" style=\"text-align: justify;\"><span style=\"line-height: 105%;\"><b>Suyanne<\/b> (Coelho Neto<\/span><span style=\"line-height: 105%;\">): Nestes tr\u00eas dias tive uma experi\u00eancia nunca vivida, embora que tenhasido t\u00e3o pouco tempo aprendi muito e tive maior clareza sobre a vida das irm\u00e3s salvatorianase me fez pensar mais ainda em minha decis\u00e3o de seguimento do Salvador.<\/span><\/p>\n<p class=\"MsoNormal\" style=\"text-align: justify;\"><span style=\"line-height: 105%;\">\u00a0<\/span><\/p>\n<p class=\"MsoNormal\" style=\"text-align: justify;\"><span style=\"line-height: 105%;\">\u00a0<\/span><\/p>\n<p class=\"MsoNormal\" style=\"text-align: justify;\"><span style=\"line-height: 105%;\">Colabora\u00e7\u00e3o: Ir. Van\u00facia Silva\u00a0<\/span><\/p>\n<p class=\"MsoNormal\" style=\"text-align: justify;\"><span style=\"line-height: 105%;\">\u00a0<\/span><\/p>\n<p class=\"MsoNormal\" style=\"text-align: justify;\"><span style=\"line-height: 105%;\"><b><\/b><b><br \/>\n<\/b><\/span><\/p>\n<p class=\"MsoNormal\" style=\"text-align: justify;\"><span style=\"font-size: 12.0pt; line-height: 105%;\">\u00a0<\/span><\/p>\n","protected":false},"excerpt":{"rendered":"<p>\u00a0 \u201cSeremos respons\u00e1vel por levar o teu nome, \u00f3 Cristo Salvador! Ajudai-nos em nossa miss\u00e3o!\u201d Certas de que o an\u00fancio do Salvador acontece em todos os instantes de nossa vida cotidiana, \u00e9 que&#8230;<\/p>\n","protected":false},"author":1,"featured_media":6131,"comment_status":"open","ping_status":"open","sticky":false,"template":"","format":"standard","meta":[],"categories":[28,1],"tags":[32],"_links":{"self":[{"href":"https:\/\/www.salvatorianas.org.br\/blog\/wp-json\/wp\/v2\/posts\/163"}],"collection":[{"href":"https:\/\/www.salvatorianas.org.br\/blog\/wp-json\/wp\/v2\/posts"}],"about":[{"href":"https:\/\/www.salvatorianas.org.br\/blog\/wp-json\/wp\/v2\/types\/post"}],"author":[{"embeddable":true,"href":"https:\/\/www.salvatorianas.org.br\/blog\/wp-json\/wp\/v2\/users\/1"}],"replies":[{"embeddable":true,"href":"https:\/\/www.salvatorianas.org.br\/blog\/wp-json\/wp\/v2\/comments?post=163"}],"version-history":[{"count":2,"href":"https:\/\/www.salvatorianas.org.br\/blog\/wp-json\/wp\/v2\/posts\/163\/revisions"}],"predecessor-version":[{"id":6132,"href":"https:\/\/www.salvatorianas.org.br\/blog\/wp-json\/wp\/v2\/posts\/163\/revisions\/6132"}],"wp:featuredmedia":[{"embeddable":true,"href":"https:\/\/www.salvatorianas.org.br\/blog\/wp-json\/wp\/v2\/media\/6131"}],"wp:attachment":[{"href":"https:\/\/www.salvatorianas.org.br\/blog\/wp-json\/wp\/v2\/media?parent=163"}],"wp:term":[{"taxonomy":"category","embeddable":true,"href":"https:\/\/www.salvatorianas.org.br\/blog\/wp-json\/wp\/v2\/categories?post=163"},{"taxonomy":"post_tag","embeddable":true,"href":"https:\/\/www.salvatorianas.org.br\/blog\/wp-json\/wp\/v2\/tags?post=163"}],"curies":[{"name":"wp","href":"https:\/\/api.w.org\/{rel}","templated":true}]}}