{"id":1621,"date":"2015-10-26T00:00:00","date_gmt":"2015-10-26T00:00:00","guid":{"rendered":"https:\/\/www.salvatorianas.org.br\/blog\/publicado-relatorio-final-do-sinodo-dos-bispos-sobre-as-familias\/"},"modified":"2015-10-26T00:00:00","modified_gmt":"2015-10-26T00:00:00","slug":"publicado-relatorio-final-do-sinodo-dos-bispos-sobre-as-familias","status":"publish","type":"post","link":"https:\/\/www.salvatorianas.org.br\/blog\/publicado-relatorio-final-do-sinodo-dos-bispos-sobre-as-familias\/","title":{"rendered":"Publicado relat\u00f3rio final do S\u00ednodo dos Bispos sobre as Fam\u00edlias"},"content":{"rendered":"<h2>O documento foi aprovado com a maioria dos votos dos participantes do S&iacute;nodo. O Relat&oacute;rio foi divulgado na &iacute;ntegra a pedido do Papa Francisco<\/h2>\n<p>&nbsp;<\/p>\n<p><a href=\"http:\/\/img.cancaonova.com\/cnimages\/canais\/uploads\/sites\/11\/2015\/10\/Relatorio-final-do-sinodo.jpg\" target=\"_blank\"><img decoding=\"async\" loading=\"lazy\" class=\"aligncenter size-full wp-image-144845\" style=\"display: block; margin-left: auto; margin-right: auto;\" src=\"http:\/\/img.cancaonova.com\/cnimages\/canais\/uploads\/sites\/11\/2015\/10\/Relatorio-final-do-sinodo.jpg\" alt=\"Relat&oacute;rio final do s&iacute;nodo\" width=\"600\" height=\"338\" \/><\/a><\/p>\n<p>&nbsp;<\/p>\n<p>O Relat&oacute;rio final do S&iacute;nodo dos Bispos sobre a Fam&iacute;lia foi aprovado&nbsp;no s&aacute;bado, 24, e publicado &agrave; imprensa, a pedido do Papa Francisco. At&eacute; o momento s&oacute; est&aacute; dispon&iacute;vel a vers&atilde;o em italiano.<\/p>\n<p>O texto tem 94 pontos, todos aprovados pela maioria necess&aacute;ria de 2\/3 dos participantes. Os padres sinodais presentes na vota&ccedil;&atilde;o eram 265. Neste caso, era considerada maioria a aprova&ccedil;&atilde;o a partir de 177 votos.<\/p>\n<p><strong>Acesse<\/strong><br \/><strong><a href=\"http:\/\/press.vatican.va\/content\/salastampa\/pt\/bollettino\/pubblico\/2015\/10\/24\/0816\/01825.html\" target=\"_blank\">.: Relat&oacute;rio final do S&iacute;nodo<\/a><\/strong><\/p>\n<p>Como no ano passado, com o S&iacute;nodo extraordin&aacute;rio, o Relat&oacute;rio final foi publicado com a porcentagem de votos de cada par&aacute;grafo. Os pontos que dizem respeito &agrave; pastoral das fam&iacute;lias feridas, que incluem temas como as conviv&ecirc;ncias ou os divorciados recasados, obtiveram menor consenso, mas sempre a maioria absoluta. Estes pontos se encontram no terceiro cap&iacute;tulo da terceira parte.<\/p>\n<p>Diante deste resultado, afirmou o Diretor da Sala de Imprensa da Santa S&eacute;, padre Federico Lombardi, houve &ldquo;satisfa&ccedil;&atilde;o geral da Assembleia no seu conjunto&rdquo;.<\/p>\n<p><span id=\"testo-articolo\">Os padres sinodais est&atilde;o reunidos no Vaticano desde o dia 4 deste m&ecirc;s, para refletir sobre o tema&rdquo;A voca&ccedil;&atilde;o e a miss&atilde;o da fam&iacute;lia na Igreja e no mundo contempor&acirc;neo&rdquo;.<\/span><\/p>\n<p>&nbsp;<\/p>\n<p>Fonte: CN Not&iacute;cias<\/p>\n<p>&nbsp;<\/p>\n<p>&nbsp;<\/p>\n","protected":false},"excerpt":{"rendered":"<p>O documento foi aprovado com a maioria dos votos dos participantes do S&iacute;nodo. O Relat&oacute;rio foi divulgado na &iacute;ntegra a pedido do Papa Francisco &nbsp; &nbsp; O Relat&oacute;rio final do S&iacute;nodo dos Bispos&#8230;<\/p>\n","protected":false},"author":1,"featured_media":1770,"comment_status":"open","ping_status":"open","sticky":false,"template":"","format":"standard","meta":[],"categories":[1],"tags":[],"_links":{"self":[{"href":"https:\/\/www.salvatorianas.org.br\/blog\/wp-json\/wp\/v2\/posts\/1621"}],"collection":[{"href":"https:\/\/www.salvatorianas.org.br\/blog\/wp-json\/wp\/v2\/posts"}],"about":[{"href":"https:\/\/www.salvatorianas.org.br\/blog\/wp-json\/wp\/v2\/types\/post"}],"author":[{"embeddable":true,"href":"https:\/\/www.salvatorianas.org.br\/blog\/wp-json\/wp\/v2\/users\/1"}],"replies":[{"embeddable":true,"href":"https:\/\/www.salvatorianas.org.br\/blog\/wp-json\/wp\/v2\/comments?post=1621"}],"version-history":[{"count":0,"href":"https:\/\/www.salvatorianas.org.br\/blog\/wp-json\/wp\/v2\/posts\/1621\/revisions"}],"wp:featuredmedia":[{"embeddable":true,"href":"https:\/\/www.salvatorianas.org.br\/blog\/wp-json\/wp\/v2\/media\/1770"}],"wp:attachment":[{"href":"https:\/\/www.salvatorianas.org.br\/blog\/wp-json\/wp\/v2\/media?parent=1621"}],"wp:term":[{"taxonomy":"category","embeddable":true,"href":"https:\/\/www.salvatorianas.org.br\/blog\/wp-json\/wp\/v2\/categories?post=1621"},{"taxonomy":"post_tag","embeddable":true,"href":"https:\/\/www.salvatorianas.org.br\/blog\/wp-json\/wp\/v2\/tags?post=1621"}],"curies":[{"name":"wp","href":"https:\/\/api.w.org\/{rel}","templated":true}]}}