{"id":16097,"date":"2021-06-01T12:15:57","date_gmt":"2021-06-01T12:15:57","guid":{"rendered":"https:\/\/www.salvatorianas.org.br\/blog\/?p=16097"},"modified":"2021-06-01T12:36:54","modified_gmt":"2021-06-01T12:36:54","slug":"abertura-do-mes-salvatoriano-2","status":"publish","type":"post","link":"https:\/\/www.salvatorianas.org.br\/blog\/abertura-do-mes-salvatoriano-2\/","title":{"rendered":"Abertura do M\u00eas Salvatoriano"},"content":{"rendered":"\n<p>Iniciamos com muita alegria mais um <strong>M\u00eas Salvatoriano<\/strong>, dentro do qual, al\u00e9m de refletirmos sobre a import\u00e2ncia e o alcance de nosso carisma, espiritualidade e miss\u00e3o, celebraremos a alegria de sermos continuadores da obra dos nossos fundadores, Pe. Francisco Jordan e Madre Maria dos Ap\u00f3stolos. <\/p>\n\n\n\n<p>Neste ano de 2021, temos um motivo a mais para celebrar, pois no \u00faltimo dia 15 de maio, toda a Fam\u00edlia Salvatoriana, juntamente com toda a Igreja no Mundo, p\u00f4de testemunhar o reconhecimento oficial do Fundador da Fam\u00edlia Salvatoriana como Bem-aventurado: <\/p>\n\n\n\n<p><em>\u201cN\u00f3s,\nacolhendo o desejo do nosso Irm\u00e3o, Cardeal Angelo De Donatis, nosso\nVig\u00e1rio-Geral da Diocese de Roma, e de muitos outros Irm\u00e3os no Episcopado e de\nnumerosos fi\u00e9is, depois de termos ouvido o parecer da Congrega\u00e7\u00e3o para as\nCausas dos Santos, com a nossa Autoridade Apost\u00f3lica concedemos que o Vener\u00e1vel\nServo de Deus FRANCISCO MARIA DA CRUZ (no mundo Jo\u00e3o Batista Jordan)\npresb\u00edtero, fundador da Sociedade do Divino Salvador e da Congrega\u00e7\u00e3o das Irm\u00e3s\ndo Divino Salvador, que usando de todos os meios que o amor de Cristo o\ninspirava, foi animado pelo zelo apost\u00f3lico e incans\u00e1vel arauto do Evangelho,\ndoravante seja chamado Bem-aventurado, e que se possa celebrar a sua festa nos\nlugares e em conformidade com as regras de direito, todos os anos, no dia 21 de\njulho. Em nome do Pai e do Filho e do Esp\u00edrito Santo.&nbsp; Am\u00e9m. Concedido em Roma, na Bas\u00edlica Lateranense,\nem 15 de maio do ano do Senhor 2021, o nono de nosso Pontificado. Francisco\u201d.<\/em><\/p>\n\n\n\n<p>Agora podemos invocar e pedir\na intercess\u00e3o de forma p\u00fablica do nosso amado fundador, o Bem-aventurado\nFrancisco Jordan. <\/p>\n\n\n\n<p>Para este ano, mais uma vez vamos celebrar com um tr\u00edduo preparat\u00f3rio, o nascimento para este mundo, do Bem-aventurado Padre Francisco Jordan. Iluminados pelo tema geral: <strong>\u201cBem-aventurado Francisco Jordan, ap\u00f3stolo para al\u00e9m das Fronteiras\u201d<\/strong>, abriremos o tr\u00edduo preparat\u00f3rio no <strong>dia 12 de junho<\/strong>, com uma celebra\u00e7\u00e3o transmitida ao vivo direto da Par\u00f3quia S\u00e3o Jos\u00e9 em Fortaleza- CE. Nos <strong>dias 13, 14 e 15 de junho<\/strong>, celebraremos o tr\u00edduo, com transmiss\u00f5es ao vivo respectivamente das par\u00f3quias de Mo\u00e7ambique (Par\u00f3quia a ser definida), Rio de Janeiro \u2013 RJ (Par\u00f3quia Divino Salvador) e Videira \u2013 SC (Par\u00f3quia Imaculada Concei\u00e7\u00e3o). No <strong>dia 16 de junho<\/strong>, celebraremos em A\u00e7\u00e3o de Gra\u00e7as o nascimento do nosso Bem-aventurado fundador, com uma missa transmitida direto da Par\u00f3quia Nossa Senhora Aparecida em S\u00e3o Paulo \u2013 SP.<\/p>\n\n\n\n<p>O Bem-aventurado Francisco Jordan foi um homem \u00e0 frente do seu tempo, que atrav\u00e9s da a\u00e7\u00e3o do Esp\u00edrito Santo e sua sens\u00edvel intui\u00e7\u00e3o apost\u00f3lica, buscou reunir as for\u00e7as vivas da Igreja, todos os batizados (ministros ordenados, religiosos(as) e leigos(as) para combaterem a ignor\u00e2ncia religiosa, tornando o Salvador conhecido e amado!<\/p>\n\n\n\n<p>Que mais uma vez este ano possamos celebrar o <strong>M\u00eas Salvatoriano<\/strong>, sendo para os nossos paroquianos, confrades, coirm\u00e3s, familiares, colaboradores e amigos, exemplo de uni\u00e3o e fraternidade no amor, assim como nos exortava o nosso amado fundador! <\/p>\n","protected":false},"excerpt":{"rendered":"<p>Iniciamos com muita alegria mais um M\u00eas Salvatoriano, dentro do qual, al\u00e9m de refletirmos sobre a import\u00e2ncia e o alcance de nosso carisma, espiritualidade e miss\u00e3o, celebraremos a alegria de sermos continuadores da&#8230;<\/p>\n","protected":false},"author":2,"featured_media":16098,"comment_status":"open","ping_status":"open","sticky":false,"template":"","format":"standard","meta":[],"categories":[40,1],"tags":[],"_links":{"self":[{"href":"https:\/\/www.salvatorianas.org.br\/blog\/wp-json\/wp\/v2\/posts\/16097"}],"collection":[{"href":"https:\/\/www.salvatorianas.org.br\/blog\/wp-json\/wp\/v2\/posts"}],"about":[{"href":"https:\/\/www.salvatorianas.org.br\/blog\/wp-json\/wp\/v2\/types\/post"}],"author":[{"embeddable":true,"href":"https:\/\/www.salvatorianas.org.br\/blog\/wp-json\/wp\/v2\/users\/2"}],"replies":[{"embeddable":true,"href":"https:\/\/www.salvatorianas.org.br\/blog\/wp-json\/wp\/v2\/comments?post=16097"}],"version-history":[{"count":2,"href":"https:\/\/www.salvatorianas.org.br\/blog\/wp-json\/wp\/v2\/posts\/16097\/revisions"}],"predecessor-version":[{"id":16101,"href":"https:\/\/www.salvatorianas.org.br\/blog\/wp-json\/wp\/v2\/posts\/16097\/revisions\/16101"}],"wp:featuredmedia":[{"embeddable":true,"href":"https:\/\/www.salvatorianas.org.br\/blog\/wp-json\/wp\/v2\/media\/16098"}],"wp:attachment":[{"href":"https:\/\/www.salvatorianas.org.br\/blog\/wp-json\/wp\/v2\/media?parent=16097"}],"wp:term":[{"taxonomy":"category","embeddable":true,"href":"https:\/\/www.salvatorianas.org.br\/blog\/wp-json\/wp\/v2\/categories?post=16097"},{"taxonomy":"post_tag","embeddable":true,"href":"https:\/\/www.salvatorianas.org.br\/blog\/wp-json\/wp\/v2\/tags?post=16097"}],"curies":[{"name":"wp","href":"https:\/\/api.w.org\/{rel}","templated":true}]}}