{"id":16062,"date":"2021-05-27T12:26:40","date_gmt":"2021-05-27T12:26:40","guid":{"rendered":"https:\/\/www.salvatorianas.org.br\/blog\/?p=16062"},"modified":"2021-05-27T12:53:00","modified_gmt":"2021-05-27T12:53:00","slug":"casa-geral-das-irmas-salvatorianas-recebe-relicario-do-bem-aventurado-francisco-jordan","status":"publish","type":"post","link":"https:\/\/www.salvatorianas.org.br\/blog\/casa-geral-das-irmas-salvatorianas-recebe-relicario-do-bem-aventurado-francisco-jordan\/","title":{"rendered":"Casa Geral das Irm\u00e3s Salvatorianas recebe relic\u00e1rio do Bem-aventurado Francisco Jordan"},"content":{"rendered":"\n<p>O recebimento da rel\u00edquia, ocorreu no dia 15 de maio de 2021, dia da beatifica\u00e7\u00e3o do Padre Francisco Jordan, Fundador da Fam\u00edlia Salvatoriana. Neste mesmo dia, a Sr. Heidrun Bauer, SDS, fez uma reflex\u00e3o sobre o relic\u00e1rio na capela da Bem-aventurada Maria dos ap\u00f3stolos, na Casa M\u00e3e das Irm\u00e3s Salvatorianas, em Roma.<\/p>\n\n\n\n<p>Atrav\u00e9s\ndo relic\u00e1rio, a vis\u00e3o do Bem-aventurado Francisco Jordan, torna-se vis\u00edvel, ele\nfoi chamado por Deus para fundar uma comunidade mundial, para que todos\npudessem ter vida eterna, reconhecendo o \u00fanico Deus verdadeiro e a quem Ele\nenviou: Jesus Cristo (Jo, 17, 3).<\/p>\n\n\n\n<h4 class=\"wp-block-heading\"><strong>Simbolismo\ndo relic\u00e1rio:<\/strong><\/h4>\n\n\n\n<p>Pe\u00e7a\ncentral posicionada em um hemisf\u00e9rio com uma placa de base oval (colina da\ncrucifica\u00e7\u00e3o, dor e sofrimento).<\/p>\n\n\n\n<p>Al\u00e7a\nem forma de cruz indica os quatro pontos cardeais (dissemina\u00e7\u00e3o do Evangelho).<\/p>\n\n\n\n<p>Parte superior flutuante com  mapa-m\u00fandi &#8211; continentes &#8211; impress\u00e3o e rel\u00edquia (a miss\u00e3o mundial da Fam\u00edlia Salvatoriana e do Bem-aventurado Francisco Jordan).<\/p>\n\n\n\n<p>No\ncentro do corpo de vidro oval est\u00e1 a c\u00e1psula da rel\u00edquia. O orif\u00edcio de vidro\ndo relic\u00e1rio foi escolhido para que a c\u00e1psula do relic\u00e1rio pudesse ser colocada\nno meio dos oceanos &#8211; no sentido da frase do Di\u00e1rio Espiritual do Padre Jordan:\n\u201cMergulhe no oceano do amor de seu Deus!\u201d<\/p>\n\n\n\n<p>A parte da base consiste em uma moldura oval lisa com grava\u00e7\u00e3o (frente: \u00a0BEATUS FRANCISCUS MARIA A CRUCE JORDAN, SDS verso: matriz 15 m. Maii AD MMXXI).<\/p>\n\n\n\n<figure class=\"wp-block-image\"><img decoding=\"async\" loading=\"lazy\" width=\"800\" height=\"450\" src=\"https:\/\/www.salvatorianas.org.br\/blog\/wp-content\/uploads\/2021\/05\/Sr._Heidrun_Bauer_und_P._Leo_Thenner_mit_der_Reliquiar-20210510_reliquiar_01_700.jpg\" alt=\"\" class=\"wp-image-16063\" srcset=\"https:\/\/www.salvatorianas.org.br\/blog\/wp-content\/uploads\/2021\/05\/Sr._Heidrun_Bauer_und_P._Leo_Thenner_mit_der_Reliquiar-20210510_reliquiar_01_700.jpg 800w, https:\/\/www.salvatorianas.org.br\/blog\/wp-content\/uploads\/2021\/05\/Sr._Heidrun_Bauer_und_P._Leo_Thenner_mit_der_Reliquiar-20210510_reliquiar_01_700-300x169.jpg 300w, https:\/\/www.salvatorianas.org.br\/blog\/wp-content\/uploads\/2021\/05\/Sr._Heidrun_Bauer_und_P._Leo_Thenner_mit_der_Reliquiar-20210510_reliquiar_01_700-768x432.jpg 768w\" sizes=\"(max-width: 800px) 100vw, 800px\" \/><figcaption> O relic\u00e1rio foi feito de forma simples e contempor\u00e2nea e foi idealizado pela Sr. Heidrun Bauer SDS e P. Leo Thenner SDS (idealizadores do Relic\u00e1rio) <\/figcaption><\/figure>\n\n\n\n<p><\/p>\n\n\n\n<figure class=\"wp-block-image\"><img decoding=\"async\" loading=\"lazy\" width=\"700\" height=\"933\" src=\"https:\/\/www.salvatorianas.org.br\/blog\/wp-content\/uploads\/2021\/05\/Der_kunstfertige_Goldschmied_Guido_Kapsch_aus_Klagenfurt_ist_der_Sch_pfer_des_Reliquiars.-20210510_reliquiar_02_700.jpg\" alt=\"\" class=\"wp-image-16064\" srcset=\"https:\/\/www.salvatorianas.org.br\/blog\/wp-content\/uploads\/2021\/05\/Der_kunstfertige_Goldschmied_Guido_Kapsch_aus_Klagenfurt_ist_der_Sch_pfer_des_Reliquiars.-20210510_reliquiar_02_700.jpg 700w, https:\/\/www.salvatorianas.org.br\/blog\/wp-content\/uploads\/2021\/05\/Der_kunstfertige_Goldschmied_Guido_Kapsch_aus_Klagenfurt_ist_der_Sch_pfer_des_Reliquiars.-20210510_reliquiar_02_700-225x300.jpg 225w\" sizes=\"(max-width: 700px) 100vw, 700px\" \/><figcaption> O habilidoso Guido Kapsch \u00e9 o criador do relic\u00e1rio. O especialista Guido j\u00e1 fez in\u00fameros objetos sagrados e \u00a0at\u00e9 trabalhou para um dos papas. <\/figcaption><\/figure>\n\n\n\n<p><\/p>\n\n\n\n<p>Que o relic\u00e1rio do Bem-aventurado Francisco Maria da Cruz Jordan indique que Deus s\u00f3 pode continuar a escrever a Sua Hist\u00f3ria de Salva\u00e7\u00e3o aqui na terra, no meio da sua cria\u00e7\u00e3o, junto com pessoas de carne e osso que est\u00e3o abertos \u00e0 sua Palavra.<\/p>\n\n\n\n<p>A rel\u00edquia do Bem-aventurado Francisco Jordan est\u00e1 exposto na Capela da Bem-aventurada Maria dos Ap\u00f3stolos, na Casa M\u00e3e das Irm\u00e3s Salvatorianas, em Roma.<\/p>\n\n\n\n<p style=\"text-align:center\"> <strong>\u201cVoc\u00eas foram chamados\u00a0 para irradiar luz sobre o mundo, para brilhar.\u201d \u00a0<\/strong> <br> (Bem-aventurado Francisco Jordan) <\/p>\n","protected":false},"excerpt":{"rendered":"<p>O recebimento da rel\u00edquia, ocorreu no dia 15 de maio de 2021, dia da beatifica\u00e7\u00e3o do Padre Francisco Jordan, Fundador da Fam\u00edlia Salvatoriana. Neste mesmo dia, a Sr. Heidrun Bauer, SDS, fez uma&#8230;<\/p>\n","protected":false},"author":2,"featured_media":16065,"comment_status":"open","ping_status":"open","sticky":false,"template":"","format":"standard","meta":[],"categories":[40,1],"tags":[],"_links":{"self":[{"href":"https:\/\/www.salvatorianas.org.br\/blog\/wp-json\/wp\/v2\/posts\/16062"}],"collection":[{"href":"https:\/\/www.salvatorianas.org.br\/blog\/wp-json\/wp\/v2\/posts"}],"about":[{"href":"https:\/\/www.salvatorianas.org.br\/blog\/wp-json\/wp\/v2\/types\/post"}],"author":[{"embeddable":true,"href":"https:\/\/www.salvatorianas.org.br\/blog\/wp-json\/wp\/v2\/users\/2"}],"replies":[{"embeddable":true,"href":"https:\/\/www.salvatorianas.org.br\/blog\/wp-json\/wp\/v2\/comments?post=16062"}],"version-history":[{"count":5,"href":"https:\/\/www.salvatorianas.org.br\/blog\/wp-json\/wp\/v2\/posts\/16062\/revisions"}],"predecessor-version":[{"id":16072,"href":"https:\/\/www.salvatorianas.org.br\/blog\/wp-json\/wp\/v2\/posts\/16062\/revisions\/16072"}],"wp:featuredmedia":[{"embeddable":true,"href":"https:\/\/www.salvatorianas.org.br\/blog\/wp-json\/wp\/v2\/media\/16065"}],"wp:attachment":[{"href":"https:\/\/www.salvatorianas.org.br\/blog\/wp-json\/wp\/v2\/media?parent=16062"}],"wp:term":[{"taxonomy":"category","embeddable":true,"href":"https:\/\/www.salvatorianas.org.br\/blog\/wp-json\/wp\/v2\/categories?post=16062"},{"taxonomy":"post_tag","embeddable":true,"href":"https:\/\/www.salvatorianas.org.br\/blog\/wp-json\/wp\/v2\/tags?post=16062"}],"curies":[{"name":"wp","href":"https:\/\/api.w.org\/{rel}","templated":true}]}}