{"id":15973,"date":"2021-05-16T22:21:26","date_gmt":"2021-05-16T22:21:26","guid":{"rendered":"https:\/\/www.salvatorianas.org.br\/blog\/?p=15973"},"modified":"2021-05-19T11:55:11","modified_gmt":"2021-05-19T11:55:11","slug":"celebracao-de-acao-de-gracas-pela-beatificacao-de-padre-francisco-jordan","status":"publish","type":"post","link":"https:\/\/www.salvatorianas.org.br\/blog\/celebracao-de-acao-de-gracas-pela-beatificacao-de-padre-francisco-jordan\/","title":{"rendered":"Celebra\u00e7\u00e3o de A\u00e7\u00e3o de Gra\u00e7as pela Beatifica\u00e7\u00e3o de Padre Francisco Jordan"},"content":{"rendered":"\n<p>A Fam\u00edlia Salvatoriana de todo o mundo vive a alegria da beatifica\u00e7\u00e3o de seu Fundador, \u00a0Bem-aventurado Francisco Jordan. Neste domingo, 16 de maio, solenidade da Ascens\u00e3o do Senhor, na Bas\u00edlica de S\u00e3o Pedro em Roma, foi rezado o Santo Ros\u00e1rio e uma solene Celebra\u00e7\u00e3o Eucar\u00edstica  presidida pelo cardeal secret\u00e1rio de Estado, Pietro Parolin.<\/p>\n\n\n\n<p>Agradecidos ao Divino Salvador pela grande ben\u00e7\u00e3o da\nbeatifica\u00e7\u00e3o, a Fam\u00edlia Salvatoriana foi convidada a rezar o Santo Ros\u00e1rio, uma\nora\u00e7\u00e3o que acompanhou Padre Jordan at\u00e9 o fim, contemplando os mist\u00e9rios gloriosos\nbaseados em cita\u00e7\u00f5es do Di\u00e1rio Espiritual do novo beato. O Santo Ter\u00e7o foi rezado\nem sete l\u00ednguas: latim, italiano, alem\u00e3o, vietnamita, alban\u00eas, sua\u00edli e\nportugu\u00eas, evidenciando a universalidade da obra iniciada pelo Bem-aventurado Francisco\nJordan.<\/p>\n\n\n\n<p>Ap\u00f3s o t\u00e9rmino da ora\u00e7\u00e3o do Ros\u00e1rio, teve in\u00edcio a Santa Missa, presidida pelo Secret\u00e1rio de Estado da Santa S\u00e9, Cardeal Pietro Parolin.<\/p>\n\n\n\n<figure class=\"wp-block-image\"><img decoding=\"async\" loading=\"lazy\" width=\"1024\" height=\"576\" src=\"https:\/\/www.salvatorianas.org.br\/blog\/wp-content\/uploads\/2021\/05\/24-1024x576.jpg\" alt=\"\" class=\"wp-image-15980\" srcset=\"https:\/\/www.salvatorianas.org.br\/blog\/wp-content\/uploads\/2021\/05\/24-1024x576.jpg 1024w, https:\/\/www.salvatorianas.org.br\/blog\/wp-content\/uploads\/2021\/05\/24-300x169.jpg 300w, https:\/\/www.salvatorianas.org.br\/blog\/wp-content\/uploads\/2021\/05\/24-768x432.jpg 768w, https:\/\/www.salvatorianas.org.br\/blog\/wp-content\/uploads\/2021\/05\/24.jpg 1920w\" sizes=\"(max-width: 1024px) 100vw, 1024px\" \/><\/figure>\n\n\n\n<p><\/p>\n\n\n\n<p>No in\u00edcio da homilia, o Cardeal expressou sua alegria pela beatifica\u00e7\u00e3o do Padre Francis Jordan e destacou a miss\u00e3o especial da Fam\u00edlia Salvatoriana no mundo, que \u00e9 \u201caprofundar e propagar o conhecimento de Jesus como o verdadeiro e \u00fanico Salvador do mundo\u201d. Essa ideia de fundar uma obra apost\u00f3lica, impressas no cora\u00e7\u00e3o do Beato Jordan est\u00e3o sobretudo no Evangelho de Jo\u00e3o 17, 3: \u201cEsta \u00e9 a vida eterna: que te conhe\u00e7am, o \u00fanico Deus verdadeiro, e a Jesus Cristo, a quem enviaste\u201d.<\/p>\n\n\n\n<p>Um disc\u00edpulo de Jesus Cristo conhece a Palavra de Deus e a\nvive todos os dias. O cardeal mostrou que a semente lan\u00e7ada pelo Bem-aventurado\nFrancisco Jordan nasce do conhecimento da Palavra, de sua contempla\u00e7\u00e3o, ora\u00e7\u00e3o\ne leitura com o cora\u00e7\u00e3o aberto.<\/p>\n\n\n\n<p>Por fim, dirigiu-se a assembleia reunida, destacando que \u00a0\u201caqueles que percorrem os caminhos da santidade deixam uma marca duradoura sobre a terra, sempre em benef\u00edcio da humanidade. Isso tamb\u00e9m aconteceu com o beato Francisco Jordan, e hoje \u00e9 a presen\u00e7a da Fam\u00edlia Salvatoriana que o testemunha, chamada, por sua vez, a incidir beneficamente em todo lugar que seja impelida a realizar a pr\u00f3pria miss\u00e3o&#8221;.<\/p>\n\n\n\n<p>Ao expressar a sua sauda\u00e7\u00e3o a Fam\u00edlia Salvatoriana, o Cardeal usou as palavras do Bem-aventurado Francisco Jordan extra\u00eddas do seu testamento espiritual: \u201cSejam sempre verdadeiros e fi\u00e9is filhos da Santa Madre Igreja Romana, ensinem o que ela ensina, acreditem no que ela acredita e rejeitem o que ela rejeita\u201d.<\/p>\n\n\n\n<figure class=\"wp-block-image\"><img decoding=\"async\" loading=\"lazy\" width=\"1024\" height=\"576\" src=\"https:\/\/www.salvatorianas.org.br\/blog\/wp-content\/uploads\/2021\/05\/42-1024x576.jpg\" alt=\"\" class=\"wp-image-15981\" srcset=\"https:\/\/www.salvatorianas.org.br\/blog\/wp-content\/uploads\/2021\/05\/42-1024x576.jpg 1024w, https:\/\/www.salvatorianas.org.br\/blog\/wp-content\/uploads\/2021\/05\/42-300x169.jpg 300w, https:\/\/www.salvatorianas.org.br\/blog\/wp-content\/uploads\/2021\/05\/42-768x432.jpg 768w, https:\/\/www.salvatorianas.org.br\/blog\/wp-content\/uploads\/2021\/05\/42.jpg 1920w\" sizes=\"(max-width: 1024px) 100vw, 1024px\" \/><\/figure>\n\n\n\n<p><\/p>\n\n\n\n<p>Antes da b\u00ean\u00e7\u00e3o final da Santa Missa, o Superior Geral da Sociedade do Divino Salvador, Padre Milton Zonta, em nome de todos os membros da Fam\u00edlia Salvatoriana, expressou palavras de profunda gratid\u00e3o por estes belos acontecimentos ocorridos nos \u00faltimos dias: pela beatifica\u00e7\u00e3o do Fundador, pela Missa de agradecimento, pela ora\u00e7\u00e3o, pela alegria e pela unidade de todo o mundo salvatoriano unindo-se a Roma atrav\u00e9s dos meios de comunica\u00e7\u00e3o. De maneira especial, Padre Milton agradeceu ao Cardeal Pietro Parolini. Palavras de agradecimento foram dirigidas a todos aqueles que contribu\u00edram para a prepara\u00e7\u00e3o destas celebra\u00e7\u00f5es.<\/p>\n\n\n\n<p>No final da Santa Missa, foi feita uma ora\u00e7\u00e3o especial de agradecimento pela beatifica\u00e7\u00e3o do Beato. Francis Jordan, e ap\u00f3s a b\u00ean\u00e7\u00e3o solene, foi cantada a ora\u00e7\u00e3o do Regina Coeli (Rainha do C\u00e9u).<\/p>\n\n\n\n<h4 class=\"wp-block-heading\">Missa de A\u00e7\u00e3o de Gra\u00e7as \u00e9 celebrada no Brasil<\/h4>\n\n\n\n<figure class=\"wp-block-image\"><img decoding=\"async\" loading=\"lazy\" width=\"960\" height=\"626\" src=\"https:\/\/www.salvatorianas.org.br\/blog\/wp-content\/uploads\/2021\/05\/06-2.jpg\" alt=\"\" class=\"wp-image-15979\" srcset=\"https:\/\/www.salvatorianas.org.br\/blog\/wp-content\/uploads\/2021\/05\/06-2.jpg 960w, https:\/\/www.salvatorianas.org.br\/blog\/wp-content\/uploads\/2021\/05\/06-2-300x196.jpg 300w, https:\/\/www.salvatorianas.org.br\/blog\/wp-content\/uploads\/2021\/05\/06-2-768x501.jpg 768w\" sizes=\"(max-width: 960px) 100vw, 960px\" \/><\/figure>\n\n\n\n<p><\/p>\n\n\n\n<p>A Fam\u00edlia Salvatoriana do Brasil celebrou com intensa alegria e j\u00fabilo a Beatifica\u00e7\u00e3o do Padre Francisco Jordan, realizada no dia 15 de maio, neste mesmo dia aconteceu a Santa Missa de a\u00e7\u00e3o de gra\u00e7as, realizada na Par\u00f3quia Nossa Senhora da Concei\u00e7\u00e3o Vila Arens, em Jundia\u00ed\/SP, cidade onde mora a fam\u00edlia cuja crian\u00e7a recebeu milagre de Padre Jordan. A Celebra\u00e7\u00e3o Eucar\u00edstica foi presidida por Dom Vicente Costa, Bispo da Diocese de Jundia\u00ed.<\/p>\n\n\n\n<p><\/p>\n\n\n\n<h4 class=\"wp-block-heading\"><strong>ORA\u00c7\u00c3O DE A\u00c7\u00c3O DE GRA\u00c7AS PELA BEATIFICA\u00c7\u00c3O DO PADRE FRANCISCO MARIA DA CRUZ JORDAN<\/strong><\/h4>\n\n\n\n<p>\u00d3 Deus de amor e bondade, n\u00f3s vos rendemos gra\u00e7as por terdes revelado ao vosso povo o exemplo inspirador do Bem-aventurado Francisco Jordan.<\/p>\n\n\n\n<p>Atendei nossas preces, para que a seu exemplo e pela sua intercess\u00e3o, alcancemos a gra\u00e7a de responder \u00e0 nossa voca\u00e7\u00e3o apost\u00f3lica, com zelo e confian\u00e7a. A exemplo do Bem-aventurado Francisco Jordan, concedei-nos, \u00f3 Senhor, a gra\u00e7a de que possamos responder com coragem ao vosso chamado, alimentando o firme desejo de salvar a todos. Iluminai-nos a sermos unidos na miss\u00e3o, para que todos possam conhecer, amar e servir nosso Divino Salvador. N\u00f3s vos pedimos, \u00f3 Senhor, por meio de Jesus Cristo, que vive e reina convosco na unidade do Esp\u00edrito Santo, pelos s\u00e9culos dos s\u00e9culos. Am\u00e9m!  <\/p>\n\n\n\n<figure class=\"wp-block-image\"><img decoding=\"async\" loading=\"lazy\" width=\"960\" height=\"960\" src=\"https:\/\/www.salvatorianas.org.br\/blog\/wp-content\/uploads\/2021\/05\/01.jpg\" alt=\"\" class=\"wp-image-15982\" srcset=\"https:\/\/www.salvatorianas.org.br\/blog\/wp-content\/uploads\/2021\/05\/01.jpg 960w, https:\/\/www.salvatorianas.org.br\/blog\/wp-content\/uploads\/2021\/05\/01-150x150.jpg 150w, https:\/\/www.salvatorianas.org.br\/blog\/wp-content\/uploads\/2021\/05\/01-300x300.jpg 300w, https:\/\/www.salvatorianas.org.br\/blog\/wp-content\/uploads\/2021\/05\/01-768x768.jpg 768w\" sizes=\"(max-width: 960px) 100vw, 960px\" \/><\/figure>\n\n\n\n<figure class=\"wp-block-image\"><img decoding=\"async\" loading=\"lazy\" width=\"960\" height=\"960\" src=\"https:\/\/www.salvatorianas.org.br\/blog\/wp-content\/uploads\/2021\/05\/05-2.jpg\" alt=\"\" class=\"wp-image-15983\" srcset=\"https:\/\/www.salvatorianas.org.br\/blog\/wp-content\/uploads\/2021\/05\/05-2.jpg 960w, https:\/\/www.salvatorianas.org.br\/blog\/wp-content\/uploads\/2021\/05\/05-2-150x150.jpg 150w, https:\/\/www.salvatorianas.org.br\/blog\/wp-content\/uploads\/2021\/05\/05-2-300x300.jpg 300w, https:\/\/www.salvatorianas.org.br\/blog\/wp-content\/uploads\/2021\/05\/05-2-768x768.jpg 768w\" sizes=\"(max-width: 960px) 100vw, 960px\" \/><\/figure>\n\n\n\n<figure class=\"wp-block-image\"><img decoding=\"async\" loading=\"lazy\" width=\"960\" height=\"960\" src=\"https:\/\/www.salvatorianas.org.br\/blog\/wp-content\/uploads\/2021\/05\/17.jpg\" alt=\"\" class=\"wp-image-15984\" srcset=\"https:\/\/www.salvatorianas.org.br\/blog\/wp-content\/uploads\/2021\/05\/17.jpg 960w, https:\/\/www.salvatorianas.org.br\/blog\/wp-content\/uploads\/2021\/05\/17-150x150.jpg 150w, https:\/\/www.salvatorianas.org.br\/blog\/wp-content\/uploads\/2021\/05\/17-300x300.jpg 300w, https:\/\/www.salvatorianas.org.br\/blog\/wp-content\/uploads\/2021\/05\/17-768x768.jpg 768w\" sizes=\"(max-width: 960px) 100vw, 960px\" \/><\/figure>\n\n\n\n<figure class=\"wp-block-image\"><img decoding=\"async\" loading=\"lazy\" width=\"960\" height=\"960\" src=\"https:\/\/www.salvatorianas.org.br\/blog\/wp-content\/uploads\/2021\/05\/19.jpg\" alt=\"\" class=\"wp-image-15985\" srcset=\"https:\/\/www.salvatorianas.org.br\/blog\/wp-content\/uploads\/2021\/05\/19.jpg 960w, https:\/\/www.salvatorianas.org.br\/blog\/wp-content\/uploads\/2021\/05\/19-150x150.jpg 150w, https:\/\/www.salvatorianas.org.br\/blog\/wp-content\/uploads\/2021\/05\/19-300x300.jpg 300w, https:\/\/www.salvatorianas.org.br\/blog\/wp-content\/uploads\/2021\/05\/19-768x768.jpg 768w\" sizes=\"(max-width: 960px) 100vw, 960px\" \/><\/figure>\n\n\n\n<figure class=\"wp-block-image\"><img decoding=\"async\" loading=\"lazy\" width=\"960\" height=\"960\" src=\"https:\/\/www.salvatorianas.org.br\/blog\/wp-content\/uploads\/2021\/05\/020.jpg\" alt=\"\" class=\"wp-image-15986\" srcset=\"https:\/\/www.salvatorianas.org.br\/blog\/wp-content\/uploads\/2021\/05\/020.jpg 960w, https:\/\/www.salvatorianas.org.br\/blog\/wp-content\/uploads\/2021\/05\/020-150x150.jpg 150w, https:\/\/www.salvatorianas.org.br\/blog\/wp-content\/uploads\/2021\/05\/020-300x300.jpg 300w, https:\/\/www.salvatorianas.org.br\/blog\/wp-content\/uploads\/2021\/05\/020-768x768.jpg 768w\" sizes=\"(max-width: 960px) 100vw, 960px\" \/><\/figure>\n\n\n\n<figure class=\"wp-block-image\"><img decoding=\"async\" loading=\"lazy\" width=\"960\" height=\"960\" src=\"https:\/\/www.salvatorianas.org.br\/blog\/wp-content\/uploads\/2021\/05\/34.jpg\" alt=\"\" class=\"wp-image-15987\" srcset=\"https:\/\/www.salvatorianas.org.br\/blog\/wp-content\/uploads\/2021\/05\/34.jpg 960w, https:\/\/www.salvatorianas.org.br\/blog\/wp-content\/uploads\/2021\/05\/34-150x150.jpg 150w, https:\/\/www.salvatorianas.org.br\/blog\/wp-content\/uploads\/2021\/05\/34-300x300.jpg 300w, https:\/\/www.salvatorianas.org.br\/blog\/wp-content\/uploads\/2021\/05\/34-768x768.jpg 768w\" sizes=\"(max-width: 960px) 100vw, 960px\" \/><\/figure>\n\n\n\n<figure class=\"wp-block-image\"><img decoding=\"async\" loading=\"lazy\" width=\"960\" height=\"960\" src=\"https:\/\/www.salvatorianas.org.br\/blog\/wp-content\/uploads\/2021\/05\/35.jpg\" alt=\"\" class=\"wp-image-15988\" srcset=\"https:\/\/www.salvatorianas.org.br\/blog\/wp-content\/uploads\/2021\/05\/35.jpg 960w, https:\/\/www.salvatorianas.org.br\/blog\/wp-content\/uploads\/2021\/05\/35-150x150.jpg 150w, https:\/\/www.salvatorianas.org.br\/blog\/wp-content\/uploads\/2021\/05\/35-300x300.jpg 300w, https:\/\/www.salvatorianas.org.br\/blog\/wp-content\/uploads\/2021\/05\/35-768x768.jpg 768w\" sizes=\"(max-width: 960px) 100vw, 960px\" \/><\/figure>\n\n\n\n<figure class=\"wp-block-image\"><img decoding=\"async\" loading=\"lazy\" width=\"960\" height=\"960\" src=\"https:\/\/www.salvatorianas.org.br\/blog\/wp-content\/uploads\/2021\/05\/36.jpg\" alt=\"\" class=\"wp-image-15989\" srcset=\"https:\/\/www.salvatorianas.org.br\/blog\/wp-content\/uploads\/2021\/05\/36.jpg 960w, https:\/\/www.salvatorianas.org.br\/blog\/wp-content\/uploads\/2021\/05\/36-150x150.jpg 150w, https:\/\/www.salvatorianas.org.br\/blog\/wp-content\/uploads\/2021\/05\/36-300x300.jpg 300w, https:\/\/www.salvatorianas.org.br\/blog\/wp-content\/uploads\/2021\/05\/36-768x768.jpg 768w\" sizes=\"(max-width: 960px) 100vw, 960px\" \/><\/figure>\n\n\n\n<figure class=\"wp-block-image\"><img decoding=\"async\" loading=\"lazy\" width=\"960\" height=\"960\" src=\"https:\/\/www.salvatorianas.org.br\/blog\/wp-content\/uploads\/2021\/05\/39.jpg\" alt=\"\" class=\"wp-image-15990\" srcset=\"https:\/\/www.salvatorianas.org.br\/blog\/wp-content\/uploads\/2021\/05\/39.jpg 960w, https:\/\/www.salvatorianas.org.br\/blog\/wp-content\/uploads\/2021\/05\/39-150x150.jpg 150w, https:\/\/www.salvatorianas.org.br\/blog\/wp-content\/uploads\/2021\/05\/39-300x300.jpg 300w, https:\/\/www.salvatorianas.org.br\/blog\/wp-content\/uploads\/2021\/05\/39-768x768.jpg 768w\" sizes=\"(max-width: 960px) 100vw, 960px\" \/><\/figure>\n\n\n\n<figure class=\"wp-block-image\"><img decoding=\"async\" loading=\"lazy\" width=\"1024\" height=\"576\" src=\"https:\/\/www.salvatorianas.org.br\/blog\/wp-content\/uploads\/2021\/05\/186558202_2566679670305529_2458676155570772226_n-1024x576.jpg\" alt=\"\" class=\"wp-image-15992\" srcset=\"https:\/\/www.salvatorianas.org.br\/blog\/wp-content\/uploads\/2021\/05\/186558202_2566679670305529_2458676155570772226_n-1024x576.jpg 1024w, https:\/\/www.salvatorianas.org.br\/blog\/wp-content\/uploads\/2021\/05\/186558202_2566679670305529_2458676155570772226_n-300x169.jpg 300w, https:\/\/www.salvatorianas.org.br\/blog\/wp-content\/uploads\/2021\/05\/186558202_2566679670305529_2458676155570772226_n-768x432.jpg 768w, https:\/\/www.salvatorianas.org.br\/blog\/wp-content\/uploads\/2021\/05\/186558202_2566679670305529_2458676155570772226_n.jpg 1920w\" sizes=\"(max-width: 1024px) 100vw, 1024px\" \/><\/figure>\n\n\n\n<h2 class=\"wp-block-heading\"><\/h2>\n\n\n\n<div class=\"wp-block-button is-style-squared\"><a class=\"wp-block-button__link has-background has-vivid-cyan-blue-background-color\"><\/a><\/div>\n\n\n\n<p><\/p>\n\n\n\n<figure class=\"wp-block-image\"><img decoding=\"async\" loading=\"lazy\" width=\"960\" height=\"607\" src=\"https:\/\/www.salvatorianas.org.br\/blog\/wp-content\/uploads\/2021\/05\/02-1.jpg\" alt=\"\" class=\"wp-image-15995\" srcset=\"https:\/\/www.salvatorianas.org.br\/blog\/wp-content\/uploads\/2021\/05\/02-1.jpg 960w, https:\/\/www.salvatorianas.org.br\/blog\/wp-content\/uploads\/2021\/05\/02-1-300x190.jpg 300w, https:\/\/www.salvatorianas.org.br\/blog\/wp-content\/uploads\/2021\/05\/02-1-768x486.jpg 768w\" sizes=\"(max-width: 960px) 100vw, 960px\" \/><\/figure>\n\n\n\n<figure class=\"wp-block-image\"><img decoding=\"async\" loading=\"lazy\" width=\"960\" height=\"544\" src=\"https:\/\/www.salvatorianas.org.br\/blog\/wp-content\/uploads\/2021\/05\/03-1.jpg\" alt=\"\" class=\"wp-image-15996\" srcset=\"https:\/\/www.salvatorianas.org.br\/blog\/wp-content\/uploads\/2021\/05\/03-1.jpg 960w, https:\/\/www.salvatorianas.org.br\/blog\/wp-content\/uploads\/2021\/05\/03-1-300x170.jpg 300w, https:\/\/www.salvatorianas.org.br\/blog\/wp-content\/uploads\/2021\/05\/03-1-768x435.jpg 768w\" sizes=\"(max-width: 960px) 100vw, 960px\" \/><\/figure>\n\n\n\n<figure class=\"wp-block-image\"><img decoding=\"async\" loading=\"lazy\" width=\"960\" height=\"960\" src=\"https:\/\/www.salvatorianas.org.br\/blog\/wp-content\/uploads\/2021\/05\/06-3.jpg\" alt=\"\" class=\"wp-image-15997\" srcset=\"https:\/\/www.salvatorianas.org.br\/blog\/wp-content\/uploads\/2021\/05\/06-3.jpg 960w, https:\/\/www.salvatorianas.org.br\/blog\/wp-content\/uploads\/2021\/05\/06-3-150x150.jpg 150w, https:\/\/www.salvatorianas.org.br\/blog\/wp-content\/uploads\/2021\/05\/06-3-300x300.jpg 300w, https:\/\/www.salvatorianas.org.br\/blog\/wp-content\/uploads\/2021\/05\/06-3-768x768.jpg 768w\" sizes=\"(max-width: 960px) 100vw, 960px\" \/><\/figure>\n\n\n\n<figure class=\"wp-block-image\"><img decoding=\"async\" loading=\"lazy\" width=\"960\" height=\"960\" src=\"https:\/\/www.salvatorianas.org.br\/blog\/wp-content\/uploads\/2021\/05\/07-2.jpg\" alt=\"\" class=\"wp-image-15994\" srcset=\"https:\/\/www.salvatorianas.org.br\/blog\/wp-content\/uploads\/2021\/05\/07-2.jpg 960w, https:\/\/www.salvatorianas.org.br\/blog\/wp-content\/uploads\/2021\/05\/07-2-150x150.jpg 150w, https:\/\/www.salvatorianas.org.br\/blog\/wp-content\/uploads\/2021\/05\/07-2-300x300.jpg 300w, https:\/\/www.salvatorianas.org.br\/blog\/wp-content\/uploads\/2021\/05\/07-2-768x768.jpg 768w\" sizes=\"(max-width: 960px) 100vw, 960px\" \/><\/figure>\n\n\n\n<figure class=\"wp-block-image\"><img decoding=\"async\" loading=\"lazy\" width=\"960\" height=\"960\" src=\"https:\/\/www.salvatorianas.org.br\/blog\/wp-content\/uploads\/2021\/05\/012.jpg\" alt=\"\" class=\"wp-image-15998\" srcset=\"https:\/\/www.salvatorianas.org.br\/blog\/wp-content\/uploads\/2021\/05\/012.jpg 960w, https:\/\/www.salvatorianas.org.br\/blog\/wp-content\/uploads\/2021\/05\/012-150x150.jpg 150w, https:\/\/www.salvatorianas.org.br\/blog\/wp-content\/uploads\/2021\/05\/012-300x300.jpg 300w, https:\/\/www.salvatorianas.org.br\/blog\/wp-content\/uploads\/2021\/05\/012-768x768.jpg 768w\" sizes=\"(max-width: 960px) 100vw, 960px\" \/><\/figure>\n\n\n\n<figure class=\"wp-block-image\"><img decoding=\"async\" loading=\"lazy\" width=\"960\" height=\"960\" src=\"https:\/\/www.salvatorianas.org.br\/blog\/wp-content\/uploads\/2021\/05\/16.jpg\" alt=\"\" class=\"wp-image-15999\" srcset=\"https:\/\/www.salvatorianas.org.br\/blog\/wp-content\/uploads\/2021\/05\/16.jpg 960w, https:\/\/www.salvatorianas.org.br\/blog\/wp-content\/uploads\/2021\/05\/16-150x150.jpg 150w, https:\/\/www.salvatorianas.org.br\/blog\/wp-content\/uploads\/2021\/05\/16-300x300.jpg 300w, https:\/\/www.salvatorianas.org.br\/blog\/wp-content\/uploads\/2021\/05\/16-768x768.jpg 768w\" sizes=\"(max-width: 960px) 100vw, 960px\" \/><\/figure>\n\n\n\n<figure class=\"wp-block-image\"><img decoding=\"async\" loading=\"lazy\" width=\"960\" height=\"960\" src=\"https:\/\/www.salvatorianas.org.br\/blog\/wp-content\/uploads\/2021\/05\/017.jpg\" alt=\"\" class=\"wp-image-16000\" srcset=\"https:\/\/www.salvatorianas.org.br\/blog\/wp-content\/uploads\/2021\/05\/017.jpg 960w, https:\/\/www.salvatorianas.org.br\/blog\/wp-content\/uploads\/2021\/05\/017-150x150.jpg 150w, https:\/\/www.salvatorianas.org.br\/blog\/wp-content\/uploads\/2021\/05\/017-300x300.jpg 300w, https:\/\/www.salvatorianas.org.br\/blog\/wp-content\/uploads\/2021\/05\/017-768x768.jpg 768w\" sizes=\"(max-width: 960px) 100vw, 960px\" \/><\/figure>\n\n\n\n<figure class=\"wp-block-image\"><img decoding=\"async\" loading=\"lazy\" width=\"960\" height=\"960\" src=\"https:\/\/www.salvatorianas.org.br\/blog\/wp-content\/uploads\/2021\/05\/020-1.jpg\" alt=\"\" class=\"wp-image-16001\" srcset=\"https:\/\/www.salvatorianas.org.br\/blog\/wp-content\/uploads\/2021\/05\/020-1.jpg 960w, https:\/\/www.salvatorianas.org.br\/blog\/wp-content\/uploads\/2021\/05\/020-1-150x150.jpg 150w, https:\/\/www.salvatorianas.org.br\/blog\/wp-content\/uploads\/2021\/05\/020-1-300x300.jpg 300w, https:\/\/www.salvatorianas.org.br\/blog\/wp-content\/uploads\/2021\/05\/020-1-768x768.jpg 768w\" sizes=\"(max-width: 960px) 100vw, 960px\" \/><\/figure>\n\n\n\n<figure class=\"wp-block-image\"><img decoding=\"async\" loading=\"lazy\" width=\"960\" height=\"960\" src=\"https:\/\/www.salvatorianas.org.br\/blog\/wp-content\/uploads\/2021\/05\/26.jpg\" alt=\"\" class=\"wp-image-16002\" srcset=\"https:\/\/www.salvatorianas.org.br\/blog\/wp-content\/uploads\/2021\/05\/26.jpg 960w, https:\/\/www.salvatorianas.org.br\/blog\/wp-content\/uploads\/2021\/05\/26-150x150.jpg 150w, https:\/\/www.salvatorianas.org.br\/blog\/wp-content\/uploads\/2021\/05\/26-300x300.jpg 300w, https:\/\/www.salvatorianas.org.br\/blog\/wp-content\/uploads\/2021\/05\/26-768x768.jpg 768w\" sizes=\"(max-width: 960px) 100vw, 960px\" \/><\/figure>\n\n\n\n<figure class=\"wp-block-image\"><img decoding=\"async\" loading=\"lazy\" width=\"960\" height=\"960\" src=\"https:\/\/www.salvatorianas.org.br\/blog\/wp-content\/uploads\/2021\/05\/27.jpg\" alt=\"\" class=\"wp-image-16003\" srcset=\"https:\/\/www.salvatorianas.org.br\/blog\/wp-content\/uploads\/2021\/05\/27.jpg 960w, https:\/\/www.salvatorianas.org.br\/blog\/wp-content\/uploads\/2021\/05\/27-150x150.jpg 150w, https:\/\/www.salvatorianas.org.br\/blog\/wp-content\/uploads\/2021\/05\/27-300x300.jpg 300w, https:\/\/www.salvatorianas.org.br\/blog\/wp-content\/uploads\/2021\/05\/27-768x768.jpg 768w\" sizes=\"(max-width: 960px) 100vw, 960px\" \/><\/figure>\n\n\n\n<figure class=\"wp-block-image\"><img decoding=\"async\" loading=\"lazy\" width=\"1024\" height=\"768\" src=\"https:\/\/www.salvatorianas.org.br\/blog\/wp-content\/uploads\/2021\/05\/186215175_4578201158863757_5303048568528687190_n-1024x768.jpg\" alt=\"\" class=\"wp-image-16004\" srcset=\"https:\/\/www.salvatorianas.org.br\/blog\/wp-content\/uploads\/2021\/05\/186215175_4578201158863757_5303048568528687190_n-1024x768.jpg 1024w, https:\/\/www.salvatorianas.org.br\/blog\/wp-content\/uploads\/2021\/05\/186215175_4578201158863757_5303048568528687190_n-300x225.jpg 300w, https:\/\/www.salvatorianas.org.br\/blog\/wp-content\/uploads\/2021\/05\/186215175_4578201158863757_5303048568528687190_n-768x576.jpg 768w, https:\/\/www.salvatorianas.org.br\/blog\/wp-content\/uploads\/2021\/05\/186215175_4578201158863757_5303048568528687190_n.jpg 1280w\" sizes=\"(max-width: 1024px) 100vw, 1024px\" \/><\/figure>\n\n\n\n<figure class=\"wp-block-image\"><img decoding=\"async\" loading=\"lazy\" width=\"960\" height=\"960\" src=\"https:\/\/www.salvatorianas.org.br\/blog\/wp-content\/uploads\/2021\/05\/01-1.jpg\" alt=\"\" class=\"wp-image-15993\" srcset=\"https:\/\/www.salvatorianas.org.br\/blog\/wp-content\/uploads\/2021\/05\/01-1.jpg 960w, https:\/\/www.salvatorianas.org.br\/blog\/wp-content\/uploads\/2021\/05\/01-1-150x150.jpg 150w, https:\/\/www.salvatorianas.org.br\/blog\/wp-content\/uploads\/2021\/05\/01-1-300x300.jpg 300w, https:\/\/www.salvatorianas.org.br\/blog\/wp-content\/uploads\/2021\/05\/01-1-768x768.jpg 768w\" sizes=\"(max-width: 960px) 100vw, 960px\" \/><\/figure>\n","protected":false},"excerpt":{"rendered":"<p>A Fam\u00edlia Salvatoriana de todo o mundo vive a alegria da beatifica\u00e7\u00e3o de seu Fundador, \u00a0Bem-aventurado Francisco Jordan. Neste domingo, 16 de maio, solenidade da Ascens\u00e3o do Senhor, na Bas\u00edlica de S\u00e3o Pedro&#8230;<\/p>\n","protected":false},"author":2,"featured_media":15974,"comment_status":"open","ping_status":"open","sticky":false,"template":"","format":"standard","meta":[],"categories":[40,1],"tags":[],"_links":{"self":[{"href":"https:\/\/www.salvatorianas.org.br\/blog\/wp-json\/wp\/v2\/posts\/15973"}],"collection":[{"href":"https:\/\/www.salvatorianas.org.br\/blog\/wp-json\/wp\/v2\/posts"}],"about":[{"href":"https:\/\/www.salvatorianas.org.br\/blog\/wp-json\/wp\/v2\/types\/post"}],"author":[{"embeddable":true,"href":"https:\/\/www.salvatorianas.org.br\/blog\/wp-json\/wp\/v2\/users\/2"}],"replies":[{"embeddable":true,"href":"https:\/\/www.salvatorianas.org.br\/blog\/wp-json\/wp\/v2\/comments?post=15973"}],"version-history":[{"count":7,"href":"https:\/\/www.salvatorianas.org.br\/blog\/wp-json\/wp\/v2\/posts\/15973\/revisions"}],"predecessor-version":[{"id":16012,"href":"https:\/\/www.salvatorianas.org.br\/blog\/wp-json\/wp\/v2\/posts\/15973\/revisions\/16012"}],"wp:featuredmedia":[{"embeddable":true,"href":"https:\/\/www.salvatorianas.org.br\/blog\/wp-json\/wp\/v2\/media\/15974"}],"wp:attachment":[{"href":"https:\/\/www.salvatorianas.org.br\/blog\/wp-json\/wp\/v2\/media?parent=15973"}],"wp:term":[{"taxonomy":"category","embeddable":true,"href":"https:\/\/www.salvatorianas.org.br\/blog\/wp-json\/wp\/v2\/categories?post=15973"},{"taxonomy":"post_tag","embeddable":true,"href":"https:\/\/www.salvatorianas.org.br\/blog\/wp-json\/wp\/v2\/tags?post=15973"}],"curies":[{"name":"wp","href":"https:\/\/api.w.org\/{rel}","templated":true}]}}