{"id":15933,"date":"2021-05-13T20:30:15","date_gmt":"2021-05-13T20:30:15","guid":{"rendered":"https:\/\/www.salvatorianas.org.br\/blog\/?p=15933"},"modified":"2021-05-13T13:26:00","modified_gmt":"2021-05-13T13:26:00","slug":"conheca-a-versao-em-portugues-do-hino-oficial-da-beatificacao-do-padre-francisco-jordan","status":"publish","type":"post","link":"https:\/\/www.salvatorianas.org.br\/blog\/conheca-a-versao-em-portugues-do-hino-oficial-da-beatificacao-do-padre-francisco-jordan\/","title":{"rendered":"Conhe\u00e7a a vers\u00e3o em portugu\u00eas do Hino Oficial da Beatifica\u00e7\u00e3o do Padre Francisco Jordan"},"content":{"rendered":"\n<p><strong>Surge no mundo uma can\u00e7\u00e3o maravilhosa<br> T\u00e3o forte, t\u00e3o \u00edntima<br> Sua melodia eleva nossos olhos aos c\u00e9us<br> E melodiosamente entoa a gratid\u00e3o<br> Ela revela um rosto<br> A estrutura perfeita do sil\u00eancio que hoje se faz ora\u00e7\u00e3o<br> \u00c9 de Jordan esse rosto<br> Reconhecido pela igreja e acolhido em tantos cora\u00e7\u00f5es<br> A vida \u00e9 eterna, sim<br> Para aqueles que reconhecem e amam a face verdadeira do amor,<br> Jesus Salvador<\/strong><\/p>\n\n\n\n<figure class=\"wp-block-embed-youtube wp-block-embed is-type-video is-provider-youtube wp-embed-aspect-16-9 wp-has-aspect-ratio\"><div class=\"wp-block-embed__wrapper\">\n<iframe loading=\"lazy\" width=\"500\" height=\"281\" src=\"https:\/\/www.youtube.com\/embed\/vMWIVFdugxE?feature=oembed\" frameborder=\"0\" allow=\"accelerometer; autoplay; clipboard-write; encrypted-media; gyroscope; picture-in-picture\" allowfullscreen><\/iframe>\n<\/div><\/figure>\n\n\n\n<p><\/p>\n\n\n\n<p><strong>Acesse a letra e ficha t\u00e9cnica:&nbsp;<\/strong><\/p>\n","protected":false},"excerpt":{"rendered":"<p>Surge no mundo uma can\u00e7\u00e3o maravilhosa T\u00e3o forte, t\u00e3o \u00edntima Sua melodia eleva nossos olhos aos c\u00e9us E melodiosamente entoa a gratid\u00e3o Ela revela um rosto A estrutura perfeita do sil\u00eancio que hoje&#8230;<\/p>\n","protected":false},"author":2,"featured_media":15937,"comment_status":"open","ping_status":"open","sticky":false,"template":"","format":"standard","meta":[],"categories":[40,1],"tags":[],"_links":{"self":[{"href":"https:\/\/www.salvatorianas.org.br\/blog\/wp-json\/wp\/v2\/posts\/15933"}],"collection":[{"href":"https:\/\/www.salvatorianas.org.br\/blog\/wp-json\/wp\/v2\/posts"}],"about":[{"href":"https:\/\/www.salvatorianas.org.br\/blog\/wp-json\/wp\/v2\/types\/post"}],"author":[{"embeddable":true,"href":"https:\/\/www.salvatorianas.org.br\/blog\/wp-json\/wp\/v2\/users\/2"}],"replies":[{"embeddable":true,"href":"https:\/\/www.salvatorianas.org.br\/blog\/wp-json\/wp\/v2\/comments?post=15933"}],"version-history":[{"count":1,"href":"https:\/\/www.salvatorianas.org.br\/blog\/wp-json\/wp\/v2\/posts\/15933\/revisions"}],"predecessor-version":[{"id":15936,"href":"https:\/\/www.salvatorianas.org.br\/blog\/wp-json\/wp\/v2\/posts\/15933\/revisions\/15936"}],"wp:featuredmedia":[{"embeddable":true,"href":"https:\/\/www.salvatorianas.org.br\/blog\/wp-json\/wp\/v2\/media\/15937"}],"wp:attachment":[{"href":"https:\/\/www.salvatorianas.org.br\/blog\/wp-json\/wp\/v2\/media?parent=15933"}],"wp:term":[{"taxonomy":"category","embeddable":true,"href":"https:\/\/www.salvatorianas.org.br\/blog\/wp-json\/wp\/v2\/categories?post=15933"},{"taxonomy":"post_tag","embeddable":true,"href":"https:\/\/www.salvatorianas.org.br\/blog\/wp-json\/wp\/v2\/tags?post=15933"}],"curies":[{"name":"wp","href":"https:\/\/api.w.org\/{rel}","templated":true}]}}