{"id":15911,"date":"2021-05-12T13:14:57","date_gmt":"2021-05-12T13:14:57","guid":{"rendered":"https:\/\/www.salvatorianas.org.br\/blog\/?p=15911"},"modified":"2021-05-12T16:23:53","modified_gmt":"2021-05-12T16:23:53","slug":"beatificacao-de-padre-francisco-jordan-tem-programacao-especial-na-tv-aparecida","status":"publish","type":"post","link":"https:\/\/www.salvatorianas.org.br\/blog\/beatificacao-de-padre-francisco-jordan-tem-programacao-especial-na-tv-aparecida\/","title":{"rendered":"Beatifica\u00e7\u00e3o de Padre Francisco Jordan tem programa\u00e7\u00e3o especial na TV Aparecida"},"content":{"rendered":"\n<p>A&nbsp;<strong>TV Aparecida<\/strong>&nbsp;transmite ao vivo, neste&nbsp;s\u00e1bado,<strong> 15 de maio, \u00e0s 5h30min, a cerim\u00f4nia de Beatifica\u00e7\u00e3o do Padre Francisco Jordan, <\/strong>direto da Bas\u00edlica S\u00e3o Jo\u00e3o de Latr\u00e3o, em Roma. Nesse mesmo dia, &nbsp;<strong>\u00e0s 18h<\/strong>, ser\u00e1 exibida a <strong>Missa em a\u00e7\u00e3o de gra\u00e7as<\/strong> <strong>na Par\u00f3quia Nossa Senhora da Concei\u00e7\u00e3o <\/strong>Vila Arens, em Jundia\u00ed\/SP, cidade onde mora a fam\u00edlia cuja crian\u00e7a recebeu milagre de Padre Jordan.<\/p>\n\n\n\n<h3 class=\"wp-block-heading\"><strong>O Milagre<\/strong><\/h3>\n\n\n\n<p>O milagre que eleva o Padre Francisco Maria da Cruz Jordan \u00e0 beatifica\u00e7\u00e3o aconteceu no Brasil, na cidade de Jundia\u00ed\/SP, em 2014. Um jovem casal, Fernando Ferreira da Silva e Gisele Cardoso Santos Silva, esperava seu primeiro beb\u00ea e ap\u00f3s v\u00e1rias investiga\u00e7\u00f5es, foi informado por m\u00e9dicos\/as especialistas que o feto sofria de uma doen\u00e7a \u00f3ssea incur\u00e1vel (displasia esquel\u00e9tica). Sendo membros de um grupo de Leigos Salvatorianos, os pais come\u00e7aram a rezar e pedir a intercess\u00e3o do Vener\u00e1vel Servo de Deus, Pe. Jordan, convidando outros membros da Fam\u00edlia Salvatoriana para se juntarem a eles. A crian\u00e7a, L\u00edvia Maria Ferreira Santos Silva, nasceu com plena sa\u00fade no dia 8 de setembro de 2014, dia do anivers\u00e1rio da morte de Padre Francisco Jordan. Depois que os procedimentos can\u00f4nicos exigidos foram conclu\u00eddos com sucesso, o Santo Padre, Papa Francisco, declarou que esta cura milagrosa foi operada por Deus por intercess\u00e3o de Pe. Francisco Jordan.<\/p>\n\n\n\n<figure class=\"wp-block-image\"><img decoding=\"async\" loading=\"lazy\" width=\"1024\" height=\"682\" src=\"https:\/\/www.salvatorianas.org.br\/blog\/wp-content\/uploads\/2021\/05\/03-FamiliaMilagrePadreJordan_CortesiaGiseleCardoso-1024x682.jpeg\" alt=\"\" class=\"wp-image-15928\" srcset=\"https:\/\/www.salvatorianas.org.br\/blog\/wp-content\/uploads\/2021\/05\/03-FamiliaMilagrePadreJordan_CortesiaGiseleCardoso-1024x682.jpeg 1024w, https:\/\/www.salvatorianas.org.br\/blog\/wp-content\/uploads\/2021\/05\/03-FamiliaMilagrePadreJordan_CortesiaGiseleCardoso-300x200.jpeg 300w, https:\/\/www.salvatorianas.org.br\/blog\/wp-content\/uploads\/2021\/05\/03-FamiliaMilagrePadreJordan_CortesiaGiseleCardoso-768x512.jpeg 768w, https:\/\/www.salvatorianas.org.br\/blog\/wp-content\/uploads\/2021\/05\/03-FamiliaMilagrePadreJordan_CortesiaGiseleCardoso.jpeg 1280w\" sizes=\"(max-width: 1024px) 100vw, 1024px\" \/><\/figure>\n\n\n\n<h3 class=\"wp-block-heading\"><\/h3>\n\n\n\n<h3 class=\"wp-block-heading\"><strong>Sua vida e sua obra<\/strong><\/h3>\n\n\n\n<p>Padre\nFrancisco Maria da Cruz Jordan nasceu em G\u00fcrtweil, sul da Alemanha, aos 16 de\njunho de 1848 e faleceu em 08 de setembro de 1918, em Tafers, na Su\u00ed\u00e7a. \u00d3rf\u00e3o\nde pai aos 14 anos, Jordan tem que abandonar os estudos para trabalhar e ajudar\nno sustento da fam\u00edlia. Jovem inquieto, corajoso e persistente, luta em busca\nde seu ideal. Aos 21 anos de idade volta a estudar e com 26 anos inicia seus\nestudos universit\u00e1rios, e \u00e9 ordenado sacerdote aos 21 de julho de 1878. <\/p>\n\n\n\n<p>Em 1880 Padre Jordan passou v\u00e1rios meses na Terra Santa. Ali teve uma decisiva experi\u00eancia de f\u00e9. Enquanto seu olhar vagava sobre a Terra Santa, vieram-lhe \u00e0 mente as necessidades religiosas existentes em toda parte. Mais profundamente do que nunca, penetraram em todo o seu ser as palavras da Escritura: <strong>\u201cA VIDA ETERNA \u00c9 ESTA: QUE ELES CONHE\u00c7AM A TI, O DEUS \u00daNICO E VERDADEIRO, E AQUELE QUE ENVIASTE, JESUS CRISTO.\u201d <\/strong>(Jo 17,3). <\/p>\n\n\n\n<p>Padre\nJordan, ap\u00f3s um processo de profundo discernimento da vontade de Deus, funda em\n08 de dezembro de 1881 a Sociedade do Divino Salvador &#8211; padres e irm\u00e3os. Em 08\nde dezembro de 1888 funda a Congrega\u00e7\u00e3o das Irm\u00e3s do Divino Salvador,\njuntamente com Thereza von W\u00fcllenweber, hoje, Bem-aventurada Maria dos\nAp\u00f3stolos. <\/p>\n\n\n\n<p>A participa\u00e7\u00e3o\ndo laicato, no projeto de Jordan, esteve desde o rebento, enquanto organiza\u00e7\u00e3o\ninstitu\u00edda, hoje \u00e9 nomeada Comunidade Internacional do Divino Salvador. No\nBrasil, a Fam\u00edlia Salvatoriana chegou desde 1896 com os salvatorianos e, em\n1936, com as irm\u00e3s e o in\u00edcio dos grupos leigos\/as deu-se em 1986. <\/p>\n\n\n\n<h3 class=\"wp-block-heading\"><strong>Celebra\u00e7\u00f5es<\/strong><strong><\/strong><\/h3>\n\n\n\n<p>Vamos nos\nunir em ora\u00e7\u00e3o e gratid\u00e3o pela vida de santidade do Padre Francisco Jordan, um\nhomem de intensa vida de ora\u00e7\u00e3o, de extraordin\u00e1rio zelo apost\u00f3lico-mission\u00e1rio,\nde profunda viv\u00eancia da pobreza evang\u00e9lica e de inabal\u00e1vel confian\u00e7a na\nProvid\u00eancia Divina.<\/p>\n\n\n\n<p><strong>Confira a programa\u00e7\u00e3o completa da Festa da Beatifica\u00e7\u00e3o na TV Aparecida:<\/strong><\/p>\n\n\n\n<figure class=\"wp-block-embed-youtube wp-block-embed is-type-video is-provider-youtube wp-embed-aspect-16-9 wp-has-aspect-ratio\"><div class=\"wp-block-embed__wrapper\">\n<iframe loading=\"lazy\" width=\"500\" height=\"281\" src=\"https:\/\/www.youtube.com\/embed\/j2B_Zi1hnsQ?feature=oembed\" frameborder=\"0\" allow=\"accelerometer; autoplay; clipboard-write; encrypted-media; gyroscope; picture-in-picture\" allowfullscreen><\/iframe>\n<\/div><\/figure>\n\n\n\n<h4 class=\"wp-block-heading\"><strong>&nbsp;<\/strong><\/h4>\n\n\n\n<h4 class=\"wp-block-heading\"><strong>15 de maio de 2021<\/strong><\/h4>\n\n\n\n<p><strong>TRANSMISS\u00c3O AO VIVO PELA TV APARECIDA:<\/strong><\/p>\n\n\n\n<ul><li><strong>5h30 <\/strong>&#8211; Missa de Beatifica\u00e7\u00e3o de Padre Francisco Jordan, na Bas\u00edlica de S\u00e3o Jo\u00e3o de Latr\u00e3o, em Roma.<\/li><li><strong>18h<\/strong> &#8211; Missa em a\u00e7\u00e3o de gra\u00e7as na Par\u00f3quia Nossa Senhora da Concei\u00e7\u00e3o Vila Arens, em Jundia\u00ed\/SP.<\/li><\/ul>\n\n\n\n<h4 class=\"wp-block-heading\"><strong>16 de maio de 2021<\/strong><\/h4>\n\n\n\n<p><strong> Transmiss\u00e3o ao vivo no YouTube do Vatican News: <\/strong><\/p>\n\n\n\n<p><strong>10h<\/strong> \u2013 Missa em a\u00e7\u00e3o de gra\u00e7as pelo novo Bem-aventurado, na Bas\u00edlica de S\u00e3o Pedro, em Roma. <\/p>\n\n\n\n<p><\/p>\n\n\n\n<h4 class=\"wp-block-heading\">Participe e reze conosco!<\/h4>\n","protected":false},"excerpt":{"rendered":"<p>A&nbsp;TV Aparecida&nbsp;transmite ao vivo, neste&nbsp;s\u00e1bado, 15 de maio, \u00e0s 5h30min, a cerim\u00f4nia de Beatifica\u00e7\u00e3o do Padre Francisco Jordan, direto da Bas\u00edlica S\u00e3o Jo\u00e3o de Latr\u00e3o, em Roma. Nesse mesmo dia, &nbsp;\u00e0s 18h, ser\u00e1&#8230;<\/p>\n","protected":false},"author":2,"featured_media":15913,"comment_status":"open","ping_status":"open","sticky":false,"template":"","format":"standard","meta":[],"categories":[40,1],"tags":[],"_links":{"self":[{"href":"https:\/\/www.salvatorianas.org.br\/blog\/wp-json\/wp\/v2\/posts\/15911"}],"collection":[{"href":"https:\/\/www.salvatorianas.org.br\/blog\/wp-json\/wp\/v2\/posts"}],"about":[{"href":"https:\/\/www.salvatorianas.org.br\/blog\/wp-json\/wp\/v2\/types\/post"}],"author":[{"embeddable":true,"href":"https:\/\/www.salvatorianas.org.br\/blog\/wp-json\/wp\/v2\/users\/2"}],"replies":[{"embeddable":true,"href":"https:\/\/www.salvatorianas.org.br\/blog\/wp-json\/wp\/v2\/comments?post=15911"}],"version-history":[{"count":13,"href":"https:\/\/www.salvatorianas.org.br\/blog\/wp-json\/wp\/v2\/posts\/15911\/revisions"}],"predecessor-version":[{"id":15930,"href":"https:\/\/www.salvatorianas.org.br\/blog\/wp-json\/wp\/v2\/posts\/15911\/revisions\/15930"}],"wp:featuredmedia":[{"embeddable":true,"href":"https:\/\/www.salvatorianas.org.br\/blog\/wp-json\/wp\/v2\/media\/15913"}],"wp:attachment":[{"href":"https:\/\/www.salvatorianas.org.br\/blog\/wp-json\/wp\/v2\/media?parent=15911"}],"wp:term":[{"taxonomy":"category","embeddable":true,"href":"https:\/\/www.salvatorianas.org.br\/blog\/wp-json\/wp\/v2\/categories?post=15911"},{"taxonomy":"post_tag","embeddable":true,"href":"https:\/\/www.salvatorianas.org.br\/blog\/wp-json\/wp\/v2\/tags?post=15911"}],"curies":[{"name":"wp","href":"https:\/\/api.w.org\/{rel}","templated":true}]}}