{"id":1587,"date":"2015-11-03T00:00:00","date_gmt":"2015-11-03T00:00:00","guid":{"rendered":"https:\/\/www.salvatorianas.org.br\/blog\/guatemala-projeto-missionario-em-colaboracao-como-familia-salvatoriana\/"},"modified":"2015-11-03T00:00:00","modified_gmt":"2015-11-03T00:00:00","slug":"guatemala-projeto-missionario-em-colaboracao-como-familia-salvatoriana","status":"publish","type":"post","link":"https:\/\/www.salvatorianas.org.br\/blog\/guatemala-projeto-missionario-em-colaboracao-como-familia-salvatoriana\/","title":{"rendered":"Guatemala &#8211; Projeto mission\u00e1rio em colabora\u00e7\u00e3o como Fam\u00edlia Salvatoriana"},"content":{"rendered":"<p style=\"text-align: justify;\">[imagem1]<\/p>\n<p style=\"text-align: justify;\">H&aacute; dois anos, as prov&iacute;ncias das Irm&atilde;s Salvatorianas do continente das Am&eacute;ricas est&atilde;o em processo de discernimento em vista de uma miss&atilde;o em colabora&ccedil;&atilde;o como Fam&iacute;lia Salvatoriana, na Guatemala, uma vez que l&aacute; j&aacute; est&atilde;o presentes os padres\/irm&atilde;os e leigos salvatorianos.<\/p>\n<p style=\"text-align: justify;\">Para encaminhar passos concretos desse projeto, as coordenadoras das prov&iacute;ncias das Am&eacute;ricas: Brasil &#8211; S&atilde;o Paulo, Ir. Terezinha F. de Araujo; Brasil &#8211; Santa Catarina, Ir. In&ecirc;s Boesing; Col&ocirc;mbia, Ir. Luz Marina Prada; e Estados Unidos, Ir. Beverly Heitke juntamente com a Ir. Maria Yaneth, conselheira geral, visitaram e conheceram <em>in loco,<\/em> parte daquela realidade, nos dias 18 a 29 de outubro de 2015.<\/p>\n<p style=\"text-align: justify;\">Ficou confirmada a ida de uma Irm&atilde; de cada uma dessas prov&iacute;ncias em setembro de 2016. A miss&atilde;o assumida acontece na diocese de San Marcos com atividades de: forma&ccedil;&atilde;o de lideran&ccedil;as, acompanhamento &agrave;s comunidades eclesiais, trabalho com mulheres, pastoral da juventude, anima&ccedil;&atilde;o vocacional e outros.&nbsp;<\/p>\n<p style=\"text-align: justify;\"><strong>&ldquo;Qual &aacute;guia veloz, vai por todo o orbe terrestre e anuncia a Palavra de Deus!&rdquo;<\/strong> (Pe. Jordan).<\/p>\n<p style=\"text-align: justify;\">Desde j&aacute; comecemos a amar e acolher aquele povo em nosso cora&ccedil;&atilde;o apost&oacute;lico.<\/p>\n<p style=\"text-align: justify;\">Deixemos que o som da&nbsp;Merimba, instrumento musical local, penetre nosso ser: &nbsp;[arquivo1], [arquivo2], [arquivo3],&nbsp;[arquivo4].<\/p>\n<p style=\"text-align: justify;\">[imagem2]&nbsp;[imagem3]&nbsp;[imagem4]&nbsp;[imagem5]&nbsp;[imagem6]&nbsp;[imagem7]&nbsp;[imagem8]<\/p>\n","protected":false},"excerpt":{"rendered":"<p>[imagem1] H&aacute; dois anos, as prov&iacute;ncias das Irm&atilde;s Salvatorianas do continente das Am&eacute;ricas est&atilde;o em processo de discernimento em vista de uma miss&atilde;o em colabora&ccedil;&atilde;o como Fam&iacute;lia Salvatoriana, na Guatemala, uma vez que&#8230;<\/p>\n","protected":false},"author":1,"featured_media":1990,"comment_status":"open","ping_status":"open","sticky":false,"template":"","format":"standard","meta":[],"categories":[1],"tags":[],"_links":{"self":[{"href":"https:\/\/www.salvatorianas.org.br\/blog\/wp-json\/wp\/v2\/posts\/1587"}],"collection":[{"href":"https:\/\/www.salvatorianas.org.br\/blog\/wp-json\/wp\/v2\/posts"}],"about":[{"href":"https:\/\/www.salvatorianas.org.br\/blog\/wp-json\/wp\/v2\/types\/post"}],"author":[{"embeddable":true,"href":"https:\/\/www.salvatorianas.org.br\/blog\/wp-json\/wp\/v2\/users\/1"}],"replies":[{"embeddable":true,"href":"https:\/\/www.salvatorianas.org.br\/blog\/wp-json\/wp\/v2\/comments?post=1587"}],"version-history":[{"count":0,"href":"https:\/\/www.salvatorianas.org.br\/blog\/wp-json\/wp\/v2\/posts\/1587\/revisions"}],"wp:featuredmedia":[{"embeddable":true,"href":"https:\/\/www.salvatorianas.org.br\/blog\/wp-json\/wp\/v2\/media\/1990"}],"wp:attachment":[{"href":"https:\/\/www.salvatorianas.org.br\/blog\/wp-json\/wp\/v2\/media?parent=1587"}],"wp:term":[{"taxonomy":"category","embeddable":true,"href":"https:\/\/www.salvatorianas.org.br\/blog\/wp-json\/wp\/v2\/categories?post=1587"},{"taxonomy":"post_tag","embeddable":true,"href":"https:\/\/www.salvatorianas.org.br\/blog\/wp-json\/wp\/v2\/tags?post=1587"}],"curies":[{"name":"wp","href":"https:\/\/api.w.org\/{rel}","templated":true}]}}