{"id":15831,"date":"2021-05-03T09:00:59","date_gmt":"2021-05-03T09:00:59","guid":{"rendered":"https:\/\/www.salvatorianas.org.br\/blog\/?p=15831"},"modified":"2021-05-03T13:25:25","modified_gmt":"2021-05-03T13:25:25","slug":"hino-oficial-da-beatificacao-do-veneravel-padre-francisco-jordan-e-lancado","status":"publish","type":"post","link":"https:\/\/www.salvatorianas.org.br\/blog\/hino-oficial-da-beatificacao-do-veneravel-padre-francisco-jordan-e-lancado\/","title":{"rendered":"Hino Oficial da Beatifica\u00e7\u00e3o do Vener\u00e1vel Padre Francisco Jordan \u00e9 Lan\u00e7ado"},"content":{"rendered":"\n<p>A Fam\u00edlia Salvatoriana em todo o mundo reuniu diversas vozes para cantar com alegria e f\u00e9 o Hino Oficial da Beatifica\u00e7\u00e3o da Beatifica\u00e7\u00e3o do Pe. Francisco Jordan, intitulado <em><strong>&#8220;Eternal Life&#8221;<\/strong><\/em> &#8211; (<em><strong>Vida Eterna<\/strong><\/em>). A can\u00e7\u00e3o \u00e9 inspirada na centralidade do Carisma Salvatoriano e no legado que Pe. Jordan deixou para o mundo.<\/p>\n\n\n\n<p>Este\nHino faz parte do projeto global salvatoriano, em que a Fam\u00edlia Salvatoriana presente\nem todos os continentes pode participar e contribuir. A letra e melodia da\nm\u00fasica selecionada \u00e9 das Irm\u00e3s Salvatorianas da Tanz\u00e2nia.<\/p>\n\n\n\n<p>O\ncanto est\u00e1 em ingl\u00eas para facilitar a integra\u00e7\u00e3o e comunica\u00e7\u00e3o da Fam\u00edlia\nSalvatoriana, em n\u00edvel internacional. Ao cantar este hino, salvatorianos\/as de\ntodo o mundo s\u00e3o convidados\/as a deixar-se inspirar pelo ideal de Padre Jordan,\ndispondo-se \u00e0 miss\u00e3o de anunciar Jesus, o Salvador e testemunhar o Evangelho em\ntodas as dimens\u00f5es da vida e da cultura \u201cutilizando todos os modos e meios que\na caridade de Cristo inspira\u201d.<\/p>\n\n\n\n<p><strong>Confira o clipe do hino oficial da Beatifica\u00e7\u00e3o do Padre Francisco Jordan!<\/strong><\/p>\n\n\n\n<figure class=\"wp-block-embed-youtube wp-block-embed is-type-video is-provider-youtube wp-embed-aspect-16-9 wp-has-aspect-ratio\"><div class=\"wp-block-embed__wrapper\">\n<iframe loading=\"lazy\" width=\"500\" height=\"281\" src=\"https:\/\/www.youtube.com\/embed\/leOCUN8yvD8?feature=oembed\" frameborder=\"0\" allow=\"accelerometer; autoplay; clipboard-write; encrypted-media; gyroscope; picture-in-picture\" allowfullscreen><\/iframe>\n<\/div><\/figure>\n","protected":false},"excerpt":{"rendered":"<p>A Fam\u00edlia Salvatoriana em todo o mundo reuniu diversas vozes para cantar com alegria e f\u00e9 o Hino Oficial da Beatifica\u00e7\u00e3o da Beatifica\u00e7\u00e3o do Pe. Francisco Jordan, intitulado &#8220;Eternal Life&#8221; &#8211; (Vida Eterna)&#8230;.<\/p>\n","protected":false},"author":2,"featured_media":15834,"comment_status":"open","ping_status":"open","sticky":false,"template":"","format":"standard","meta":[],"categories":[40,1],"tags":[],"_links":{"self":[{"href":"https:\/\/www.salvatorianas.org.br\/blog\/wp-json\/wp\/v2\/posts\/15831"}],"collection":[{"href":"https:\/\/www.salvatorianas.org.br\/blog\/wp-json\/wp\/v2\/posts"}],"about":[{"href":"https:\/\/www.salvatorianas.org.br\/blog\/wp-json\/wp\/v2\/types\/post"}],"author":[{"embeddable":true,"href":"https:\/\/www.salvatorianas.org.br\/blog\/wp-json\/wp\/v2\/users\/2"}],"replies":[{"embeddable":true,"href":"https:\/\/www.salvatorianas.org.br\/blog\/wp-json\/wp\/v2\/comments?post=15831"}],"version-history":[{"count":6,"href":"https:\/\/www.salvatorianas.org.br\/blog\/wp-json\/wp\/v2\/posts\/15831\/revisions"}],"predecessor-version":[{"id":15843,"href":"https:\/\/www.salvatorianas.org.br\/blog\/wp-json\/wp\/v2\/posts\/15831\/revisions\/15843"}],"wp:featuredmedia":[{"embeddable":true,"href":"https:\/\/www.salvatorianas.org.br\/blog\/wp-json\/wp\/v2\/media\/15834"}],"wp:attachment":[{"href":"https:\/\/www.salvatorianas.org.br\/blog\/wp-json\/wp\/v2\/media?parent=15831"}],"wp:term":[{"taxonomy":"category","embeddable":true,"href":"https:\/\/www.salvatorianas.org.br\/blog\/wp-json\/wp\/v2\/categories?post=15831"},{"taxonomy":"post_tag","embeddable":true,"href":"https:\/\/www.salvatorianas.org.br\/blog\/wp-json\/wp\/v2\/tags?post=15831"}],"curies":[{"name":"wp","href":"https:\/\/api.w.org\/{rel}","templated":true}]}}