{"id":15760,"date":"2021-05-02T10:00:04","date_gmt":"2021-05-02T10:00:04","guid":{"rendered":"https:\/\/www.salvatorianas.org.br\/blog\/?p=15760"},"modified":"2021-05-03T13:26:02","modified_gmt":"2021-05-03T13:26:02","slug":"novena-em-preparacao-para-beatificacao-do-veneravel-pe-francisco-jordan","status":"publish","type":"post","link":"https:\/\/www.salvatorianas.org.br\/blog\/novena-em-preparacao-para-beatificacao-do-veneravel-pe-francisco-jordan\/","title":{"rendered":"Novena em prepara\u00e7\u00e3o para beatifica\u00e7\u00e3o do Vener\u00e1vel Pe. Francisco Jordan"},"content":{"rendered":"\n<p>Com alegria apresentamos este roteiro de ora\u00e7\u00e3o, para os encontros, NOVENA, que prepara a Celebra\u00e7\u00e3o da Beatifica\u00e7\u00e3o do Fundador da Fam\u00edlia Salvatoriana, Pe. Francisco Maria da Cruz Jordan, que acontecer\u00e1 no dia 15 de maio de 2021, na Bas\u00edlica de S\u00e3o Jo\u00e3o de Latr\u00e3o, em Roma. Aqui no Brasil, acontecer\u00e1 uma celebra\u00e7\u00e3o, como Fam\u00edlia Salvatoriana, no dia 13 de novembro de 2021, na cidade de V\u00e1rzea Paulista\/SP.<\/p>\n\n\n\n<p>Agradecemos a todos que contribu\u00edram com a elabora\u00e7\u00e3o dos roteiros do presente material. Que o Divino Salvador nos ajude para que assumamos cada vez mais a miss\u00e3o de propagar o Carisma Salvatoriano em nossas obras, e que ele se torne vis\u00edvel em nossa vida\/miss\u00e3o.<\/p>\n\n\n\n<p>A cerim\u00f4nia de beatifica\u00e7\u00e3o de Pe. Jordan n\u00e3o pode ser um evento apenas. \u00c9 um tempo de gra\u00e7a e esperan\u00e7a para vivermos com novo ardor e zelo apost\u00f3lico este tempo kair\u00f3s. \u00c9 uma oportunidade de nos aproximar do itiner\u00e1rio de santidade de Pe. Jordan, \u00e0 luz de sua vida e de sua obra, e aprofundar no concreto de nossos dias, este chamado \u00e0 santidade. Ser santo, para Pe. Jordan, envolve todas as dimens\u00f5es que constituem a pessoa humana. \u201cMais santo n\u00e3o \u00e9 aquele que erra menos, mas sim, aquele que possui mais \u00e2nimo, mais generosidade e mais amor; aquele que mais se domina, que n\u00e3o tem medo de trope\u00e7ar no caminho, nem mesmo de se sujar, contanto que consiga ir em frente\u201d. (S. Francisco de Sales) (DE I 79,2) A santidade de Pe. Jordan \u00e9 um apelo concreto \u00e0 nossa santifica\u00e7\u00e3o. Ser santos \u00e9 ser humanos por excel\u00eancia, \u00e9 ter a aud\u00e1cia de reinventar o humano, \u00e9 testemunhar o Divino que habita em n\u00f3s.<\/p>\n\n\n\n<p>Pe. Francisco Jordan, inflamado de zelo apost\u00f3lico nos interpela, dizendo: Eis os santos ap\u00f3stolos, percorrendo o universo e evangelizando a todos. \u00d3 zelo inescrut\u00e1vel! \u00d3 dom de Deus, tantas vezes desprezado e reprimido\u2026\u201d (DE I 138, 6-7). Eis o apelo para n\u00f3s Fam\u00edlia Salvatoriana em nosso mundo que sofre! N\u00e3o podemos perder de vista a intui\u00e7\u00e3o de Pe. Francisco Jordan, de envolver muitos no objetivo apost\u00f3lico de \u201cglorificar a Deus e tornar conhecido o Pai, o Filho e o Esp\u00edrito Santo, pela proclama\u00e7\u00e3o de Jesus Cristo como Salvador do Mundo\u201d (RV 2). Que esta celebra\u00e7\u00e3o mobilize nossa vida para sermos e vivermos em santidade.<\/p>\n\n\n\n<p>Em Cristo Jesus, o Divino Salvador<\/p>\n\n\n\n<p style=\"text-align:right\">Ir. Neuza Maria Cericato<br>Conselheira dos Apostolados<br>Prov\u00edncia SC<\/p>\n\n\n\n<h2 class=\"wp-block-heading\" id=\"mce_3\">BAIXE OS MATERIAIS E PARTICIPE!<\/h2>\n\n\n\n<p><\/p>\n\n\n\n<div class=\"wp-block-button alignleft\"><a class=\"wp-block-button__link has-background has-vivid-cyan-blue-background-color\" href=\"https:\/\/www.salvatorianas.org.br\/blog\/wp-content\/uploads\/2021\/04\/Novena-da-Beatifica%C3%A7%C3%A3o-de-Pe.-Jordan.pdf\"><strong>Novena da Beatifica\u00e7\u00e3o de Pe. Francisco Jordan<\/strong>&nbsp;<\/a><\/div>\n\n\n\n<h3 class=\"wp-block-heading\"><\/h3>\n\n\n\n<h3 class=\"wp-block-heading\"><strong>LETRAS E CAN\u00c7\u00d5ES<\/strong><\/h3>\n\n\n\n<p><strong>AGIR \u00c0 LUZ DA F\u00c9<\/strong><\/p>\n\n\n\n<div class=\"wp-block-button is-style-squared\"><a class=\"wp-block-button__link has-background has-vivid-cyan-blue-background-color\" href=\"https:\/\/www.salvatorianas.org.br\/blog\/wp-content\/uploads\/2021\/04\/AGIR-A-LUZ-DA-FE.pdf\"><strong>Letra<\/strong><\/a><\/div>\n\n\n\n<figure class=\"wp-block-audio\"><audio controls src=\"https:\/\/www.salvatorianas.org.br\/blog\/wp-content\/uploads\/2021\/04\/Agir-a-luz-da-fe.mp3\"><\/audio><\/figure>\n\n\n\n<p><\/p>\n\n\n\n<p><strong>CIRANDA DA JUVENTUDE SALVATORIANA<\/strong><\/p>\n\n\n\n<div class=\"wp-block-button is-style-squared\"><a class=\"wp-block-button__link has-background has-vivid-cyan-blue-background-color\" href=\"https:\/\/www.salvatorianas.org.br\/blog\/wp-content\/uploads\/2021\/04\/CIRANDA-DA-JUVENTUDE-SALVATORIANA.pdf\"><strong>Letra<\/strong><\/a><\/div>\n\n\n\n<figure class=\"wp-block-audio\"><audio controls src=\"https:\/\/www.salvatorianas.org.br\/blog\/wp-content\/uploads\/2021\/04\/Ciranda-da-Juventude-Salvatoriana.mp3\"><\/audio><\/figure>\n\n\n\n<p><\/p>\n\n\n\n<p><strong>IDE POR TODO O MUNDO<\/strong><\/p>\n\n\n\n<div class=\"wp-block-button is-style-squared\"><a class=\"wp-block-button__link has-background has-vivid-cyan-blue-background-color\" href=\"https:\/\/www.salvatorianas.org.br\/blog\/wp-content\/uploads\/2021\/04\/IDE-POR-TODO-O-MUNDO.pdf\"><strong>Letra<\/strong><\/a><\/div>\n\n\n\n<figure class=\"wp-block-audio\"><audio controls src=\"https:\/\/www.salvatorianas.org.br\/blog\/wp-content\/uploads\/2021\/04\/Ide-por-todo-o-Universo.mp3\"><\/audio><\/figure>\n\n\n\n<p><\/p>\n\n\n\n<p><strong>MERGULHA<\/strong><\/p>\n\n\n\n<div class=\"wp-block-button is-style-squared\"><a class=\"wp-block-button__link has-background has-vivid-cyan-blue-background-color\" href=\"https:\/\/www.salvatorianas.org.br\/blog\/wp-content\/uploads\/2021\/04\/MERGULHA.pdf\"><strong>Letra<\/strong><\/a><\/div>\n\n\n\n<figure class=\"wp-block-audio\"><audio controls src=\"https:\/\/www.salvatorianas.org.br\/blog\/wp-content\/uploads\/2021\/04\/Mergulha-no-Oceano-do-amor-de-Deus.mp3\"><\/audio><\/figure>\n\n\n\n<p><\/p>\n\n\n\n<p><strong>N\u00c3O SOSSEGUEIS<\/strong><\/p>\n\n\n\n<div class=\"wp-block-button is-style-squared\"><a class=\"wp-block-button__link has-background has-vivid-cyan-blue-background-color\" href=\"https:\/\/www.salvatorianas.org.br\/blog\/wp-content\/uploads\/2021\/04\/NAO-SOSSEGUEIS.pdf\"><strong>Letra<\/strong><\/a><\/div>\n\n\n\n<figure class=\"wp-block-audio\"><audio controls src=\"https:\/\/www.salvatorianas.org.br\/blog\/wp-content\/uploads\/2021\/04\/Nao-sossegueis-nao-descanseis.mp3\"><\/audio><\/figure>\n\n\n\n<p><\/p>\n\n\n\n<p><strong>QUE TODOS POSSAM VER<\/strong><\/p>\n\n\n\n<div class=\"wp-block-button\"><a class=\"wp-block-button__link has-background has-vivid-cyan-blue-background-color\" href=\"https:\/\/www.salvatorianas.org.br\/blog\/wp-content\/uploads\/2021\/04\/QUE-TODOS-POSSAM-VER.pdf\"><strong>Letra<\/strong><\/a><\/div>\n\n\n\n<figure class=\"wp-block-audio\"><audio controls src=\"https:\/\/www.salvatorianas.org.br\/blog\/wp-content\/uploads\/2021\/04\/Que-todos-possam-ver.mp3\"><\/audio><\/figure>\n\n\n\n<p><\/p>\n\n\n\n<p><strong>SEREMOS RESPONS\u00c1VEIS<\/strong><\/p>\n\n\n\n<div class=\"wp-block-button is-style-squared\"><a class=\"wp-block-button__link has-background has-vivid-cyan-blue-background-color\" href=\"https:\/\/www.salvatorianas.org.br\/blog\/wp-content\/uploads\/2021\/04\/SEREMOS-RESPONSAVEIS.pdf\"><strong>Letra<\/strong><\/a><\/div>\n\n\n\n<figure class=\"wp-block-audio\"><audio controls src=\"https:\/\/www.salvatorianas.org.br\/blog\/wp-content\/uploads\/2021\/04\/Seremos-Responsaveis-por-levar-o-teu-nome.mp3\"><\/audio><\/figure>\n\n\n\n<p><\/p>\n\n\n\n<p><strong>SOL NASCENTE<\/strong><\/p>\n\n\n\n<div class=\"wp-block-button is-style-squared\"><a class=\"wp-block-button__link has-background has-vivid-cyan-blue-background-color\" href=\"https:\/\/www.salvatorianas.org.br\/blog\/wp-content\/uploads\/2021\/04\/SOL-NASCENTE.pdf\"><strong>Letra<\/strong><\/a><\/div>\n\n\n\n<figure class=\"wp-block-audio\"><audio controls src=\"https:\/\/www.salvatorianas.org.br\/blog\/wp-content\/uploads\/2021\/04\/Sol-Nascente.mp3\"><\/audio><\/figure>\n","protected":false},"excerpt":{"rendered":"<p>Com alegria apresentamos este roteiro de ora\u00e7\u00e3o, para os encontros, NOVENA, que prepara a Celebra\u00e7\u00e3o da Beatifica\u00e7\u00e3o do Fundador da Fam\u00edlia Salvatoriana, Pe. Francisco Maria da Cruz Jordan, que acontecer\u00e1 no dia 15&#8230;<\/p>\n","protected":false},"author":2,"featured_media":15787,"comment_status":"open","ping_status":"open","sticky":false,"template":"","format":"standard","meta":[],"categories":[40,1],"tags":[],"_links":{"self":[{"href":"https:\/\/www.salvatorianas.org.br\/blog\/wp-json\/wp\/v2\/posts\/15760"}],"collection":[{"href":"https:\/\/www.salvatorianas.org.br\/blog\/wp-json\/wp\/v2\/posts"}],"about":[{"href":"https:\/\/www.salvatorianas.org.br\/blog\/wp-json\/wp\/v2\/types\/post"}],"author":[{"embeddable":true,"href":"https:\/\/www.salvatorianas.org.br\/blog\/wp-json\/wp\/v2\/users\/2"}],"replies":[{"embeddable":true,"href":"https:\/\/www.salvatorianas.org.br\/blog\/wp-json\/wp\/v2\/comments?post=15760"}],"version-history":[{"count":12,"href":"https:\/\/www.salvatorianas.org.br\/blog\/wp-json\/wp\/v2\/posts\/15760\/revisions"}],"predecessor-version":[{"id":15788,"href":"https:\/\/www.salvatorianas.org.br\/blog\/wp-json\/wp\/v2\/posts\/15760\/revisions\/15788"}],"wp:featuredmedia":[{"embeddable":true,"href":"https:\/\/www.salvatorianas.org.br\/blog\/wp-json\/wp\/v2\/media\/15787"}],"wp:attachment":[{"href":"https:\/\/www.salvatorianas.org.br\/blog\/wp-json\/wp\/v2\/media?parent=15760"}],"wp:term":[{"taxonomy":"category","embeddable":true,"href":"https:\/\/www.salvatorianas.org.br\/blog\/wp-json\/wp\/v2\/categories?post=15760"},{"taxonomy":"post_tag","embeddable":true,"href":"https:\/\/www.salvatorianas.org.br\/blog\/wp-json\/wp\/v2\/tags?post=15760"}],"curies":[{"name":"wp","href":"https:\/\/api.w.org\/{rel}","templated":true}]}}