{"id":1572,"date":"2015-11-12T00:00:00","date_gmt":"2015-11-12T00:00:00","guid":{"rendered":"https:\/\/www.salvatorianas.org.br\/blog\/boas-novas-da-postulacao-um-avanco-no-processo-de-beatificacao-do-fundador\/"},"modified":"2015-11-12T00:00:00","modified_gmt":"2015-11-12T00:00:00","slug":"boas-novas-da-postulacao-um-avanco-no-processo-de-beatificacao-do-fundador","status":"publish","type":"post","link":"https:\/\/www.salvatorianas.org.br\/blog\/boas-novas-da-postulacao-um-avanco-no-processo-de-beatificacao-do-fundador\/","title":{"rendered":"Boas Novas da Postula\u00e7\u00e3o &#8211; um avan\u00e7o no Processo de Beatifica\u00e7\u00e3o do Fundador"},"content":{"rendered":"<p style=\"text-align: justify;\">[imagem1]<\/p>\n<p style=\"text-align: justify;\">Uma fam&iacute;lia brasileira foi aben&ccedil;oada com uma gra&ccedil;a, atrav&eacute;s da intercess&atilde;o de Padre Jordan, o que pode chegar a ser considerado um poss&iacute;vel milagre.<\/p>\n<p style=\"text-align: justify;\">Em Janeiro de 2014 um casal de Jundia&iacute;, Brasil, recebeu a alegre not&iacute;cia que seriam pais. Devido a dificuldades surgidas durante a gravidez, eles foram submetidos a uma s&eacute;rie de testes. Ap&oacute;s os exames m&eacute;dicos, os doutores informaram que a filha provavelmente sofreria de uma deforma&ccedil;&atilde;o no esqueleto. Neste momento dif&iacute;cil, eles decidiram orar e pedir a intercess&atilde;o do Padre Jordan, juntamente com o grupo de Leigos Salvatorianos a que pertencem, bem como com alguns Salvatorianos e Salvatorianas. O seu beb&ecirc;, L&iacute;via Maria, nasceu com perfeita sa&uacute;de, no dia 08 de setembro de 2014, festa da Natividade de Maria e anivers&aacute;rio da morte de Padre Jordan.<\/p>\n<p style=\"text-align: justify;\">Os m&eacute;dicos que cuidaram de L&iacute;via Maria e de sua m&atilde;e, bem como outros doutores consultados, s&atilde;o da opini&atilde;o de que este caso n&atilde;o pode ser explicado pela medicina. Portanto, decidiu-se por iniciar o Processo Can&ocirc;nico para o reconhecimento oficial do poss&iacute;vel milagre realizado por intercess&atilde;o do Padre Jordan. Pe. Adam Teneta, Postulador Geral, e o Pe. Francisco Sydney de Macedo Gon&ccedil;alves, da Prov&iacute;ncia Brasileira, quem foi nomeado como Vice-Postulador, acompanharam as etapas preparat&oacute;rias.<\/p>\n<p style=\"text-align: justify;\"><strong>Ap&oacute;s recolher a documenta&ccedil;&atilde;o necess&aacute;ria, um pedido oficial para abertura do Inqu&eacute;rito Diocesano foi feito ao bispo de Jundia&iacute;. Sua resposta foi favor&aacute;vel e, assim, no dia 11 de Novembro de 2015, o referido inqu&eacute;rito diocesano sobre o suposto milagre foi oficialmente iniciado com a Sess&atilde;o de Abertura na C&uacute;ria Diocesana de Jundia&iacute;.<\/strong><\/p>\n<p style=\"text-align: justify;\">A finalidade do Inqu&eacute;rito Diocesano &eacute; reunir, oficialmente e na forma can&ocirc;nica, todas as provas documentais e os depoimentos orais de testemunhas &#8211; os dados relativos tanto a inexplicabilidade cient&iacute;fica da cura, quanto ao fato desta ser resultado das ora&ccedil;&otilde;es pedindo pela intercess&atilde;o do Padre Jordan. Agora, no passo a seguir, as pessoas ser&atilde;o ouvidas e seus depoimentos ser&atilde;o transcritos. Ap&oacute;s o cumprimento de todas as formalidades necess&aacute;rias e o encerramento do processo diocesano, c&oacute;pias de toda a documenta&ccedil;&atilde;o ser&atilde;o enviadas a Roma. Ent&atilde;o, a Congrega&ccedil;&atilde;o para a Causa dos Santos vai estudar o material. Somente se o parecer final da Congrega&ccedil;&atilde;o e a decis&atilde;o do Papa forem positivos, o caso poder&aacute; ser considerado como um milagre por intercess&atilde;o do Padre Jordan.<\/p>\n<p style=\"text-align: justify;\">Pedimos a voc&ecirc; que acompanhe este processo com suas fervorosas preces. Ao mesmo tempo, estamos ainda mais incentivados a orar pela intercess&atilde;o do nosso Fundador em todas as nossas necessidades.<\/p>\n<p style=\"text-align: justify;\">Fonte:&nbsp;<a href=\"http:\/\/www.sds.org\/\">http:\/\/www.sds.org\/<\/a><\/p>\n<p style=\"text-align: justify;\">[imagem2]&nbsp;[imagem3]&nbsp;[imagem4]<\/p>\n","protected":false},"excerpt":{"rendered":"<p>[imagem1] Uma fam&iacute;lia brasileira foi aben&ccedil;oada com uma gra&ccedil;a, atrav&eacute;s da intercess&atilde;o de Padre Jordan, o que pode chegar a ser considerado um poss&iacute;vel milagre. Em Janeiro de 2014 um casal de Jundia&iacute;,&#8230;<\/p>\n","protected":false},"author":1,"featured_media":1766,"comment_status":"open","ping_status":"open","sticky":false,"template":"","format":"standard","meta":[],"categories":[1],"tags":[],"_links":{"self":[{"href":"https:\/\/www.salvatorianas.org.br\/blog\/wp-json\/wp\/v2\/posts\/1572"}],"collection":[{"href":"https:\/\/www.salvatorianas.org.br\/blog\/wp-json\/wp\/v2\/posts"}],"about":[{"href":"https:\/\/www.salvatorianas.org.br\/blog\/wp-json\/wp\/v2\/types\/post"}],"author":[{"embeddable":true,"href":"https:\/\/www.salvatorianas.org.br\/blog\/wp-json\/wp\/v2\/users\/1"}],"replies":[{"embeddable":true,"href":"https:\/\/www.salvatorianas.org.br\/blog\/wp-json\/wp\/v2\/comments?post=1572"}],"version-history":[{"count":0,"href":"https:\/\/www.salvatorianas.org.br\/blog\/wp-json\/wp\/v2\/posts\/1572\/revisions"}],"wp:featuredmedia":[{"embeddable":true,"href":"https:\/\/www.salvatorianas.org.br\/blog\/wp-json\/wp\/v2\/media\/1766"}],"wp:attachment":[{"href":"https:\/\/www.salvatorianas.org.br\/blog\/wp-json\/wp\/v2\/media?parent=1572"}],"wp:term":[{"taxonomy":"category","embeddable":true,"href":"https:\/\/www.salvatorianas.org.br\/blog\/wp-json\/wp\/v2\/categories?post=1572"},{"taxonomy":"post_tag","embeddable":true,"href":"https:\/\/www.salvatorianas.org.br\/blog\/wp-json\/wp\/v2\/tags?post=1572"}],"curies":[{"name":"wp","href":"https:\/\/api.w.org\/{rel}","templated":true}]}}