{"id":15609,"date":"2021-03-31T18:09:57","date_gmt":"2021-03-31T18:09:57","guid":{"rendered":"https:\/\/www.salvatorianas.org.br\/blog\/?p=15609"},"modified":"2021-04-09T12:04:51","modified_gmt":"2021-04-09T12:04:51","slug":"via-sacra-com-padre-jordan","status":"publish","type":"post","link":"https:\/\/www.salvatorianas.org.br\/blog\/via-sacra-com-padre-jordan\/","title":{"rendered":"Via-sacra com Padre Jordan"},"content":{"rendered":"\n<p><em><strong>\u201cAs obras de\nDeus s\u00f3 florescem<\/strong><\/em>&nbsp;\u00e0&nbsp;<em><strong>sombra da cruz.\u201d Pe. Francisco Jordan<\/strong><\/em><\/p>\n\n\n\n<p>A Via Sacra consiste em meditar sobre o caminho da cruz de\nJesus, nos faz relembrar os passos da Paix\u00e3o e Morte de Cristo, seu\nesvaziamento e o seu amor incondicional por n\u00f3s e pelo mundo. Para ajudar nesta\nmedita\u00e7\u00e3o, no decorrer de cada esta\u00e7\u00e3o vamos rezar e refletir o mist\u00e9rio da\ncruz, a partir da vis\u00e3o e testemunho &nbsp;de Pe.\nFrancisco Jordan, fundador da Fam\u00edlia Salvatoriana.<\/p>\n\n\n\n<p>A Via-sacra conta com XIV Esta\u00e7\u00f5es, rezadas e meditadas em diferentes\nidiomas, ressaltando a religiosidade e devo\u00e7\u00e3o popular, como tamb\u00e9m a viv\u00eancia\nda espiritualidade universal. O Pe. Francisco Maria da Cruz Jordan, deseja de\ntodo o cora\u00e7\u00e3o que todas as pessoas conhe\u00e7am e reconhe\u00e7am a grande obra de\nsalva\u00e7\u00e3o realizada por Jesus, o Salvador do mundo. A Cruz \u00e9 a realidade viva e\npresente pela qual o amor de Deus entra na hist\u00f3ria da humanidade, se aproxima\nde cada pessoa e se torna uma Presen\u00e7a que cura e salva.<\/p>\n\n\n\n<p>Cada esta\u00e7\u00e3o conta com a participa\u00e7\u00e3o e reflex\u00e3o de alguns\nmembros da Fam\u00edlia Salvatoriana, que nos ajudar\u00e3o contemplar a cruz de Jesus, com\nreflex\u00f5es e pensamentos de Pe. Jordan, simbologias, que ultrapassa as\nfronteiras do espa\u00e7o e das l\u00ednguas&#8230; <\/p>\n\n\n\n<p>Nesta Semana Santa, medite conosco e com Pe. Francisco Jordan, as esta\u00e7\u00f5es da Via-sacra! \u201cVoc\u00eas devem tornar-se santos, carregando a cruz. Voc\u00eas devem carreg\u00e1-la com paci\u00eancia, se quiserem salvar muitas almas! N\u00e3o tenham medo da cruz! Ela \u00e9 sinal de que Deus os ama!\u201d Pe. Francisco Jordan<\/p>\n\n\n\n<figure class=\"wp-block-embed-youtube wp-block-embed is-type-video is-provider-youtube wp-embed-aspect-16-9 wp-has-aspect-ratio\"><div class=\"wp-block-embed__wrapper\">\n<iframe loading=\"lazy\" width=\"500\" height=\"281\" src=\"https:\/\/www.youtube.com\/embed\/7nw95kYbEWo?feature=oembed\" frameborder=\"0\" allow=\"accelerometer; autoplay; clipboard-write; encrypted-media; gyroscope; picture-in-picture\" allowfullscreen><\/iframe>\n<\/div><figcaption><br><br><br><\/figcaption><\/figure>\n\n\n\n<div class=\"wp-block-file\"><a href=\"https:\/\/www.salvatorianas.org.br\/blog\/wp-content\/uploads\/2021\/03\/Via-sacra-com-Padre-Jordan.pdf\">Via-sacra com Padre Jordan<\/a><a href=\"https:\/\/www.salvatorianas.org.br\/blog\/wp-content\/uploads\/2021\/03\/Via-sacra-com-Padre-Jordan.pdf\" class=\"wp-block-file__button\" download>Confira a Via-sacra<\/a><\/div>\n","protected":false},"excerpt":{"rendered":"<p>\u201cAs obras de Deus s\u00f3 florescem&nbsp;\u00e0&nbsp;sombra da cruz.\u201d Pe. Francisco Jordan A Via Sacra consiste em meditar sobre o caminho da cruz de Jesus, nos faz relembrar os passos da Paix\u00e3o e Morte&#8230;<\/p>\n","protected":false},"author":2,"featured_media":15611,"comment_status":"open","ping_status":"open","sticky":false,"template":"","format":"standard","meta":[],"categories":[40,1],"tags":[],"_links":{"self":[{"href":"https:\/\/www.salvatorianas.org.br\/blog\/wp-json\/wp\/v2\/posts\/15609"}],"collection":[{"href":"https:\/\/www.salvatorianas.org.br\/blog\/wp-json\/wp\/v2\/posts"}],"about":[{"href":"https:\/\/www.salvatorianas.org.br\/blog\/wp-json\/wp\/v2\/types\/post"}],"author":[{"embeddable":true,"href":"https:\/\/www.salvatorianas.org.br\/blog\/wp-json\/wp\/v2\/users\/2"}],"replies":[{"embeddable":true,"href":"https:\/\/www.salvatorianas.org.br\/blog\/wp-json\/wp\/v2\/comments?post=15609"}],"version-history":[{"count":2,"href":"https:\/\/www.salvatorianas.org.br\/blog\/wp-json\/wp\/v2\/posts\/15609\/revisions"}],"predecessor-version":[{"id":15617,"href":"https:\/\/www.salvatorianas.org.br\/blog\/wp-json\/wp\/v2\/posts\/15609\/revisions\/15617"}],"wp:featuredmedia":[{"embeddable":true,"href":"https:\/\/www.salvatorianas.org.br\/blog\/wp-json\/wp\/v2\/media\/15611"}],"wp:attachment":[{"href":"https:\/\/www.salvatorianas.org.br\/blog\/wp-json\/wp\/v2\/media?parent=15609"}],"wp:term":[{"taxonomy":"category","embeddable":true,"href":"https:\/\/www.salvatorianas.org.br\/blog\/wp-json\/wp\/v2\/categories?post=15609"},{"taxonomy":"post_tag","embeddable":true,"href":"https:\/\/www.salvatorianas.org.br\/blog\/wp-json\/wp\/v2\/tags?post=15609"}],"curies":[{"name":"wp","href":"https:\/\/api.w.org\/{rel}","templated":true}]}}