{"id":1531,"date":"2015-11-22T00:00:00","date_gmt":"2015-11-22T00:00:00","guid":{"rendered":"https:\/\/www.salvatorianas.org.br\/blog\/educar-hoje-e-amanha-uma-paixao-que-se-renova-congresso-mundial-da-educacao-catolica\/"},"modified":"2015-11-22T00:00:00","modified_gmt":"2015-11-22T00:00:00","slug":"educar-hoje-e-amanha-uma-paixao-que-se-renova-congresso-mundial-da-educacao-catolica","status":"publish","type":"post","link":"https:\/\/www.salvatorianas.org.br\/blog\/educar-hoje-e-amanha-uma-paixao-que-se-renova-congresso-mundial-da-educacao-catolica\/","title":{"rendered":"Educar Hoje e Amanh\u00e3. Uma paix\u00e3o que se renova! Congresso Mundial da Educa\u00e7\u00e3o Cat\u00f3lica"},"content":{"rendered":"<p style=\"text-align: justify;\">[imagem1]<\/p>\n<p style=\"text-align: justify;\">Aconteceu em Roma nos dias de 18 a 21 de novembro o Congresso Mundial da Educa&ccedil;&atilde;o Cat&oacute;lica em duas sess&otilde;es: uma das escolas cat&oacute;licas nas imedia&ccedil;&otilde;es do Vaticano e outra das Universidades Cat&oacute;licas em Castel Gandolfo. O tema do Congresso &eacute; <strong>&ldquo;Educar Hoje e Amanh&atilde;. Uma paix&atilde;o que se renova&rdquo;<\/strong>. Com mais de dois mil participantes &nbsp;provindos de todos os continentes, o Congresso celebra o jubileu de dois importantes documentos da Igreja sobre a Educa&ccedil;&atilde;o Crist&atilde;: os 50 anos da Enc&iacute;clica Gravissimum Educationis &ndash; Declara&ccedil;&atilde;o do Conc&iacute;lio Ecum&ecirc;nico Vaticano II sobre a Educa&ccedil;&atilde;o Crist&atilde;; e os 25 anos da Constitui&ccedil;&atilde;o Apost&oacute;lica Ex corde Ecclesiae para as Universidades Cat&oacute;licas.<\/p>\n<p style=\"text-align: justify;\">A agenda do Congresso constou de: 1) Apresenta&ccedil;&atilde;o e an&aacute;lise das respostas de um question&aacute;rio enviado a todas as institui&ccedil;&otilde;es de educa&ccedil;&atilde;o cat&oacute;lica do mundo, o que mostra a realidade das mesmas, seus sonhos, desafios, crit&eacute;rios, identidade e sua miss&atilde;o atual. 2) Confer&ecirc;ncias ligadas a tr&ecirc;s eixos tem&aacute;ticos sobre os quais o Congresso tem refletido, que s&atilde;o &ldquo;Identidade e Miss&atilde;o da Escola Cat&oacute;lica&rdquo;, &ldquo;A forma&ccedil;&atilde;o de Lideran&ccedil;as e Docentes e Fam&iacute;lias&rdquo; e &ldquo;Os desafios do ensino cat&oacute;lico hoje e amanh&atilde;&rdquo;. 3) Ligados a esses temas, durante a jornada s&atilde;o apresentadas experi&ecirc;ncias concretas de v&aacute;rias partes do mundo e mesas redondas de discuss&atilde;o, partilha de experi&ecirc;ncias que inspiram e renovam a paix&atilde;o pela educa&ccedil;&atilde;o.<\/p>\n<p style=\"text-align: justify;\">Uma das convic&ccedil;&otilde;es mais acentuadas e repetidas nestes dias foi&nbsp;a de que <strong>a educa&ccedil;&atilde;o deve centrar sua aten&ccedil;&atilde;o na pessoa.<\/strong> N&atilde;o s&atilde;o os problemas de recursos materiais, t&eacute;cnicos ou did&aacute;ticos que mais problematizam um processo de forma&ccedil;&atilde;o numa comunidade escolar, mas, sim, a falta de um projeto que focaliza a pessoa, seja a do educador\/a, das lideran&ccedil;as e, sobretudo, dos estudantes. Isto porque o novo paradigma que nos desafia hoje em todas as &aacute;reas do saber e tamb&eacute;m da &eacute;tica &eacute;, precisamente, a singularidade da pessoa que possui potenciais, dons e uma miss&atilde;o. Assim sendo, este paradigma nos conduz a uma educa&ccedil;&atilde;o que forma para a colabora&ccedil;&atilde;o, a participa&ccedil;&atilde;o, a coopera&ccedil;&atilde;o. Outra demanda deste paradigma &eacute; a inova&ccedil;&atilde;o e inclus&atilde;o, j&aacute; que sa&iacute;mos de um mundo de certezas e saberes ou verdades dadas. Exercer a educa&ccedil;&atilde;o com enfoque no sujeito por ele mesmo, significa admitir que as liberdades explorem seus pr&oacute;prios caminhos de aprendizagem, de participa&ccedil;&atilde;o e de transforma&ccedil;&atilde;o de si, do ambiente e do mundo. Por isso, &eacute; necess&aacute;rio arriscar mudar, para que a educa&ccedil;&atilde;o cat&oacute;lica n&atilde;o fique na concep&ccedil;&atilde;o coletiva da cultura atual como uma &ldquo;educa&ccedil;&atilde;o de tradi&ccedil;&atilde;o&rdquo; apreciada, mas que n&atilde;o serve para formar pessoas para o mundo atual e o de amanh&atilde;.<\/p>\n<p style=\"text-align: justify;\">Por fim, as experi&ecirc;ncias partilhadas, as reflex&otilde;es e debates buscaram responder ao profundo apelo do Papa Francisco de uma <strong>&ldquo;Igreja em sa&iacute;da&rdquo;<\/strong> para encontrar as periferias do humano, sejam elas sociol&oacute;gicas quanto existenciais. Por isso, muitas das experi&ecirc;ncias partilhadas s&atilde;o iniciativas muito criativas e prof&eacute;ticas em situa&ccedil;&otilde;es de fronteira, tomadas por congrega&ccedil;&otilde;es e institui&ccedil;&otilde;es cat&oacute;licas de educa&ccedil;&atilde;o. Al&eacute;m disso, o Papa teve um encontro com os\/as Congressistas no s&aacute;bado, dia 21, no encerramento do Congresso.<\/p>\n<p>Colabora&ccedil;&atilde;o: Ir. Dulcelene Ceccato, sds<\/p>\n<p>(Participante em nome das Escolas&nbsp;Salvatorianas &#8211; Prov&iacute;ncia&nbsp;SC)<\/p>\n<p><strong><a href=\"http:\/\/br.radiovaticana.va\/news\/2015\/11\/21\/papa_escola_deve_ensinar_valores,_n%C3%A3o_s%C3%B3_conceitos\/1188562\">Veja aqui o discurso do papa no encerramento do Congresso!<\/a><\/strong><\/p>\n<p style=\"text-align: justify;\"><strong><a href=\"http:\/\/br.radiovaticana.va\/news\/2015\/11\/21\/educa%C3%A7%C3%A3o_cat%C3%B3lica_brasileiros_participantes_do_congresso\/1188476\">Ou&ccedil;a tamb&eacute;m os brasileiros participantes do Congresso!<\/a><\/strong><\/p>\n<p style=\"text-align: justify;\">&nbsp;<\/p>\n<p style=\"text-align: justify;\">&nbsp;<\/p>\n","protected":false},"excerpt":{"rendered":"<p>[imagem1] Aconteceu em Roma nos dias de 18 a 21 de novembro o Congresso Mundial da Educa&ccedil;&atilde;o Cat&oacute;lica em duas sess&otilde;es: uma das escolas cat&oacute;licas nas imedia&ccedil;&otilde;es do Vaticano e outra das Universidades&#8230;<\/p>\n","protected":false},"author":1,"featured_media":1786,"comment_status":"open","ping_status":"open","sticky":false,"template":"","format":"standard","meta":[],"categories":[1],"tags":[],"_links":{"self":[{"href":"https:\/\/www.salvatorianas.org.br\/blog\/wp-json\/wp\/v2\/posts\/1531"}],"collection":[{"href":"https:\/\/www.salvatorianas.org.br\/blog\/wp-json\/wp\/v2\/posts"}],"about":[{"href":"https:\/\/www.salvatorianas.org.br\/blog\/wp-json\/wp\/v2\/types\/post"}],"author":[{"embeddable":true,"href":"https:\/\/www.salvatorianas.org.br\/blog\/wp-json\/wp\/v2\/users\/1"}],"replies":[{"embeddable":true,"href":"https:\/\/www.salvatorianas.org.br\/blog\/wp-json\/wp\/v2\/comments?post=1531"}],"version-history":[{"count":0,"href":"https:\/\/www.salvatorianas.org.br\/blog\/wp-json\/wp\/v2\/posts\/1531\/revisions"}],"wp:featuredmedia":[{"embeddable":true,"href":"https:\/\/www.salvatorianas.org.br\/blog\/wp-json\/wp\/v2\/media\/1786"}],"wp:attachment":[{"href":"https:\/\/www.salvatorianas.org.br\/blog\/wp-json\/wp\/v2\/media?parent=1531"}],"wp:term":[{"taxonomy":"category","embeddable":true,"href":"https:\/\/www.salvatorianas.org.br\/blog\/wp-json\/wp\/v2\/categories?post=1531"},{"taxonomy":"post_tag","embeddable":true,"href":"https:\/\/www.salvatorianas.org.br\/blog\/wp-json\/wp\/v2\/tags?post=1531"}],"curies":[{"name":"wp","href":"https:\/\/api.w.org\/{rel}","templated":true}]}}