{"id":1515,"date":"2015-11-25T00:00:00","date_gmt":"2015-11-25T00:00:00","guid":{"rendered":"https:\/\/www.salvatorianas.org.br\/blog\/experiencia-apostolica-das-postulantes-de-mocambique\/"},"modified":"2015-11-25T00:00:00","modified_gmt":"2015-11-25T00:00:00","slug":"experiencia-apostolica-das-postulantes-de-mocambique","status":"publish","type":"post","link":"https:\/\/www.salvatorianas.org.br\/blog\/experiencia-apostolica-das-postulantes-de-mocambique\/","title":{"rendered":"EXPERI\u00caNCIA APOST\u00d3LICA DAS POSTULANTES DE MO\u00c7AMBIQUE"},"content":{"rendered":"<p style=\"text-align: justify;\">[imagem1]<\/p>\n<p style=\"text-align: justify;\">N&oacute;s, postulantes Salvatorianas de Mo&ccedil;ambique, queremos compartilhar um pouco da rica experi&ecirc;ncia que vivenciamos entre os dias 06 de outubro a 21 de novembro de 2015 nas comunidades da Miss&atilde;o Salvatoriana, em Chimoio e Messica, seguindo o exemplo do envio dos ap&oacute;stolos.<\/p>\n<p style=\"text-align: justify;\">Essa experi&ecirc;ncia teve como objetivos: <em>aprofundar o Carisma e Miss&atilde;o Salvatoriana em nossas comunidades; colocar em pr&aacute;tica os conhecimentos adquiridos no processo formativo; ter a oportunidade de conhecer gradualmente nossas aptid&otilde;es pessoais e apost&oacute;licas; favorecer o discernimento vocacional e o senso de perten&ccedil;a &agrave; Congrega&ccedil;&atilde;o<\/em>. Para realiz&aacute;-la, fomos divididas em duplas: <strong>Loc&aacute;dia Jo&atilde;o Tenesse<\/strong> e <strong>Anast&acirc;ncia Felix Zacarias<\/strong> em Messica; e <strong>Idiavina de Fatima Ernesto<\/strong> e <strong>Estrela Bernardo<\/strong> em Chimoio.<\/p>\n<p style=\"text-align: justify;\">Relatamos suscintamente as atividades das quais participamos: trabalho no Centro de Terapias Naturais, preparando medicamentos como xaropes, pomadas, e tamb&eacute;m plantas medicinais; forma&ccedil;&atilde;o para as vocacionadas; aplica&ccedil;&atilde;o de refor&ccedil;o escolar aos &oacute;rf&atilde;os do Projeto e aulas na Escola Salvatoriana Mwana Unerufaro; trabalho com a Inf&acirc;ncia Mission&aacute;ria e com adolescentes; catequese; forma&ccedil;&atilde;o para ADS; atua&ccedil;&atilde;o com a Pastoral da Juventude Escolar; ensaios para missa; trabalhos de tesouraria e secretaria, como matr&iacute;culas, etc.<\/p>\n<p style=\"text-align: justify;\">Do que aprendemos com essa viv&ecirc;ncia, foi marcante: o aprofundamento da Espiritualidade e do Carisma Salvatoriano; o fortalecimento do conv&iacute;vio comunit&aacute;rio e com pessoas diferentes; o discernimento mais profundo de nossa voca&ccedil;&atilde;o e a viv&ecirc;ncia apost&oacute;lica; as novas formas de ser e agir diante dos desafios; o exerc&iacute;cio da disponibilidade; o fortalecimento das nossas capacidades, do autoconhecimento e do confronto com nossos limites; o crescimento da vontade de aprender e de ajudar; o aprendizado com as crian&ccedil;as a acolher e a amar.<\/p>\n<p style=\"text-align: justify;\">Nosso agradecimento especial a Deus, pela Sua ilumina&ccedil;&atilde;o, prote&ccedil;&atilde;o e presen&ccedil;a; &agrave; Prov&iacute;ncia Santa Catarina que nos possibilitou tempo e oportunidade para a realiza&ccedil;&atilde;o deste est&aacute;gio; &agrave;s irm&atilde;s das comunidades que nos acolheram e ajudaram; &agrave;s formadoras que nos acompanharam; &agrave;s demais pessoas com quem trabalhamos e &agrave;s que rezaram por n&oacute;s.<\/p>\n<p style=\"text-align: justify;\">Com carinho, nossas ora&ccedil;&otilde;es e gratid&atilde;o.<\/p>\n","protected":false},"excerpt":{"rendered":"<p>[imagem1] N&oacute;s, postulantes Salvatorianas de Mo&ccedil;ambique, queremos compartilhar um pouco da rica experi&ecirc;ncia que vivenciamos entre os dias 06 de outubro a 21 de novembro de 2015 nas comunidades da Miss&atilde;o Salvatoriana, em&#8230;<\/p>\n","protected":false},"author":1,"featured_media":1731,"comment_status":"open","ping_status":"open","sticky":false,"template":"","format":"standard","meta":[],"categories":[1],"tags":[],"_links":{"self":[{"href":"https:\/\/www.salvatorianas.org.br\/blog\/wp-json\/wp\/v2\/posts\/1515"}],"collection":[{"href":"https:\/\/www.salvatorianas.org.br\/blog\/wp-json\/wp\/v2\/posts"}],"about":[{"href":"https:\/\/www.salvatorianas.org.br\/blog\/wp-json\/wp\/v2\/types\/post"}],"author":[{"embeddable":true,"href":"https:\/\/www.salvatorianas.org.br\/blog\/wp-json\/wp\/v2\/users\/1"}],"replies":[{"embeddable":true,"href":"https:\/\/www.salvatorianas.org.br\/blog\/wp-json\/wp\/v2\/comments?post=1515"}],"version-history":[{"count":0,"href":"https:\/\/www.salvatorianas.org.br\/blog\/wp-json\/wp\/v2\/posts\/1515\/revisions"}],"wp:featuredmedia":[{"embeddable":true,"href":"https:\/\/www.salvatorianas.org.br\/blog\/wp-json\/wp\/v2\/media\/1731"}],"wp:attachment":[{"href":"https:\/\/www.salvatorianas.org.br\/blog\/wp-json\/wp\/v2\/media?parent=1515"}],"wp:term":[{"taxonomy":"category","embeddable":true,"href":"https:\/\/www.salvatorianas.org.br\/blog\/wp-json\/wp\/v2\/categories?post=1515"},{"taxonomy":"post_tag","embeddable":true,"href":"https:\/\/www.salvatorianas.org.br\/blog\/wp-json\/wp\/v2\/tags?post=1515"}],"curies":[{"name":"wp","href":"https:\/\/api.w.org\/{rel}","templated":true}]}}