{"id":15100,"date":"2021-01-07T05:57:48","date_gmt":"2021-01-07T05:57:48","guid":{"rendered":"https:\/\/www.salvatorianas.org.br\/blog\/?p=15100"},"modified":"2021-01-04T18:09:13","modified_gmt":"2021-01-04T18:09:13","slug":"oracao-jovens-e-a-economia-de-francisco","status":"publish","type":"post","link":"https:\/\/www.salvatorianas.org.br\/blog\/oracao-jovens-e-a-economia-de-francisco\/","title":{"rendered":"ORA\u00c7\u00c3O JOVENS E A ECONOMIA DE FRANCISCO"},"content":{"rendered":"\n<p><em>\u201cContinua-se surdos ao apelo para tomar consci\u00eancia da gravidade dos problemas e, acima de tudo, para p\u00f4r em pr\u00e1tica um novo modelo econ\u00f4mico, fruto de uma cultura da comunh\u00e3o, baseado na fraternidade e na equidadecuta e segue sempre a voz da gra\u00e7a.\u201d<\/em> (Papa Francisco)<\/p>\n\n\n\n<p>A Economia de Francisco, ou como chamamos aqui no Brasil, \u2018Economia de Francisco e Clara\u2019, resgata o olhar sagrado do masculino e feminino que quando integrados, s\u00e3o capazes de transcender ao divino que habita em n\u00f3s como seres humanos, mas tamb\u00e9m seres de luz.<br> Somos convidados\/as a olhar a vida de Francisco e Clara de Assis, que viveram h\u00e1 mais de oito s\u00e9culos e, inspiram este acontecimento global. Jovens despojados, pobres, n\u00e3o porque tinha MENOS, mas, porque fizeram-se MAIS no seu momento hist\u00f3rico, deixando MARCAS DE PROTAGONISMO JUVENIL.<br> Falar de ECONOMIA \u00e9 estar inserido no \u2018conjunto de atividades desenvolvidas por mulheres e homens, visando a produ\u00e7\u00e3o, distribui\u00e7\u00e3o e o consumo de bens e servi\u00e7os necess\u00e1rios \u00e0 sobreviv\u00eancia e \u00e0 qualidade de vida\u2019, em outras palavras, \u00e9 reconhecer-se membro da casa comum, afinal, \u2018tudo est\u00e1 interligado\u2019. Papa Francisco no encerramento do evento oficial virtual\/2020, disse aos jovens do mundo todo: \u2018N\u00e3o tenham medo de se envolver e tocar a alma das cidades com o olhar de Jesus\u2019. Esse, \u00e9 o grande desafio, \u2018realmar a economia\u2019, pois n\u00e3o estamos a falar de n\u00fameros, algo abstrato, mas, de pessoas concretas, com hist\u00f3rias, rostos, nomes, corpos, dores e alegrias, conquistas e derrotas, sonhos e esperan\u00e7as.<br> Os jovens, mais uma vez est\u00e3o sendo CONVOCADOS pelo pont\u00edfice a serem ousados e determinantes na constru\u00e7\u00e3o da m\u00edstica do bem comum. Onde valorizamos os bens naturais, rejeitamos a cultura do descarte, do consumismo e, nos reconhecemos como irm\u00e3s e irm\u00e3os.<br> Uma outra economia, s\u00f3 ser\u00e1 poss\u00edvel, quando as gera\u00e7\u00f5es semearem novos paradigmas, capaz de ser sustent\u00e1vel, biodegrad\u00e1vel e, que nos leve \u00e0 uma convers\u00e3o ecol\u00f3gica: eis a cultura do bem viver, a tal Economia FrancisClariana proposta pelo Papa Francisco aos jovens, \u00e0 igreja, \u00e0 toda a humanidade. <\/p>\n\n\n\n<p>*Depoimento da Ir. Samanta Karla de Sousa Carneiro &#8211; Religiosa Franciscana Bernardina, Assistente Social e Especialista em Juventudes no Mundo Contempor\u00e2neo.<\/p>\n\n\n\n<p><strong> Vamos juntos rezar pelos nossos jovens:<\/strong>  <\/p>\n\n\n\n<p>\n\nConfira tamb\u00e9m outras ora\u00e7\u00f5es pelas Juventudes \u2013&nbsp;<\/p>\n","protected":false},"excerpt":{"rendered":"<p>\u201cContinua-se surdos ao apelo para tomar consci\u00eancia da gravidade dos problemas e, acima de tudo, para p\u00f4r em pr\u00e1tica um novo modelo econ\u00f4mico, fruto de uma cultura da comunh\u00e3o, baseado na fraternidade e&#8230;<\/p>\n","protected":false},"author":2,"featured_media":15103,"comment_status":"open","ping_status":"open","sticky":false,"template":"","format":"standard","meta":[],"categories":[1,39],"tags":[],"_links":{"self":[{"href":"https:\/\/www.salvatorianas.org.br\/blog\/wp-json\/wp\/v2\/posts\/15100"}],"collection":[{"href":"https:\/\/www.salvatorianas.org.br\/blog\/wp-json\/wp\/v2\/posts"}],"about":[{"href":"https:\/\/www.salvatorianas.org.br\/blog\/wp-json\/wp\/v2\/types\/post"}],"author":[{"embeddable":true,"href":"https:\/\/www.salvatorianas.org.br\/blog\/wp-json\/wp\/v2\/users\/2"}],"replies":[{"embeddable":true,"href":"https:\/\/www.salvatorianas.org.br\/blog\/wp-json\/wp\/v2\/comments?post=15100"}],"version-history":[{"count":3,"href":"https:\/\/www.salvatorianas.org.br\/blog\/wp-json\/wp\/v2\/posts\/15100\/revisions"}],"predecessor-version":[{"id":15106,"href":"https:\/\/www.salvatorianas.org.br\/blog\/wp-json\/wp\/v2\/posts\/15100\/revisions\/15106"}],"wp:featuredmedia":[{"embeddable":true,"href":"https:\/\/www.salvatorianas.org.br\/blog\/wp-json\/wp\/v2\/media\/15103"}],"wp:attachment":[{"href":"https:\/\/www.salvatorianas.org.br\/blog\/wp-json\/wp\/v2\/media?parent=15100"}],"wp:term":[{"taxonomy":"category","embeddable":true,"href":"https:\/\/www.salvatorianas.org.br\/blog\/wp-json\/wp\/v2\/categories?post=15100"},{"taxonomy":"post_tag","embeddable":true,"href":"https:\/\/www.salvatorianas.org.br\/blog\/wp-json\/wp\/v2\/tags?post=15100"}],"curies":[{"name":"wp","href":"https:\/\/api.w.org\/{rel}","templated":true}]}}