{"id":15092,"date":"2020-12-27T08:00:30","date_gmt":"2020-12-27T08:00:30","guid":{"rendered":"https:\/\/www.salvatorianas.org.br\/blog\/?p=15092"},"modified":"2020-12-26T13:54:36","modified_gmt":"2020-12-26T13:54:36","slug":"7o-dia-de-falecimento-da-ir-olivia-maria-shimitz","status":"publish","type":"post","link":"https:\/\/www.salvatorianas.org.br\/blog\/7o-dia-de-falecimento-da-ir-olivia-maria-shimitz\/","title":{"rendered":"7\u00ba dia de falecimento da Ir. Ol\u00edvia Maria Shimitz"},"content":{"rendered":"\n<p>&nbsp;&nbsp;&nbsp;&nbsp;&nbsp;&nbsp;&nbsp;&nbsp;&nbsp;&nbsp;&nbsp;&nbsp; Ir. Ol\u00edvia Maria Schmitz nasceu no\ndia 11 de Agosto de 1930 em Tr\u00eas Arroios &#8211; Erechim\/RS.&nbsp;\u00c9 a terceira dos\ntreze filhos de Jacob Albino Schmitz e Cec\u00edlia Schmitz. Tem&nbsp;6 irm\u00e3os homens&nbsp;e&nbsp;7\nmulheres. Recebeu o Sacramento do Batismo no dia 15 de Agosto de 1930 em Tr\u00eas\nArroios\/RS e a Crisma no 26 de Novembro de 1932 e a Primeira Eucaristia em 29\nde Outubro de 1939, em Tr\u00eas Arroios\/RS.<\/p>\n\n\n\n<p>&nbsp;&nbsp;&nbsp;&nbsp;&nbsp;&nbsp;&nbsp;&nbsp;&nbsp;&nbsp; De fam\u00edlia participativa na\ncomunidade, do cultivo di\u00e1rio da ora\u00e7\u00e3o do ter\u00e7o em fam\u00edlia e da educa\u00e7\u00e3o na f\u00e9\nque seus pais proporcionaram nasceu a voca\u00e7\u00e3o \u00e0 vida religiosa. Deus encontrou\nnesta fam\u00edlia terreno f\u00e9rtil na viv\u00eancia dos valores crist\u00e3os e jovens de\ncora\u00e7\u00e3o aberto e generoso para consagrar-se a Deus na vida religiosa. Sua m\u00e3e,\numa mulher de f\u00e9 inabal\u00e1vel e fiel testemunha do amor de Deus, orientava os\nfilhos a viverem bem a vida espiritual. Por isso, a for\u00e7a da f\u00e9 e a coragem de\nservir a Deus a orientava e a movia internamente a buscar a vida religiosa. Ir.\nOlivia ingressou na Congrega\u00e7\u00e3o no dia 25 de Fevereiro de 1955 em Passo Fundo\/RS,\nonde ap\u00f3s a forma\u00e7\u00e3o \u00e0 Vida Consagrada Salvatoriana professou os primeiros\nvotos no dia 02 de Fevereiro de 1958 e os votos perp\u00e9tuos no dia 02 de\nFevereiro de 1964, em Videira\/SC.<\/p>\n\n\n\n<p>Nas suas\natividades apost\u00f3licas atuou nas comunidades Imaculada Concei\u00e7\u00e3o, em Videira\/SC,\nM\u00e3e do Bom Conselho, em Passo Fundo\/RS, Col\u00e9gio Nossa Senhora de Lourdes, em\nPorto Alegre\/RS, Cristo Rei, em Joa\u00e7aba\/SC, Col\u00e9gio Mater Salvatoris, em Tangar\u00e1\/SC,\nna comunidade S\u00e3o Jos\u00e9, em David Canabarro\/RS, comunidade \u00c1gua Viva, em\nCir\u00edaco\/RS e ultimamente na comunidade Maria Teresa, em Videira\/SC. Desenvolveu\nseu apostolado atendendo o internato e pensionato, servi\u00e7o de costura, na\npastoral dos enfermos, visitas as fam\u00edlias levando palavras de conforto e a\ncomunh\u00e3o, na catequese com a prepara\u00e7\u00e3o de adultos para receber os sacramentos.\nE dizia: \u201c<em>Sou feliz por ser salvatoriana e profunda admira\u00e7\u00e3o pelos\nfundadores\u201d<\/em>. Centrando sua vida e seu desejo no desejo de Deus, manteve\nsempre os olhos fixos em Jesus, seguindo suas pegadas na realiza\u00e7\u00e3o da vontade\nde do Pai.<\/p>\n\n\n\n<p>&nbsp;&nbsp;&nbsp;&nbsp;&nbsp;&nbsp;&nbsp;&nbsp;&nbsp;&nbsp; Em suas a\u00e7\u00f5es sempre demonstrou\nmuita paci\u00eancia, acolhida, cultivo da espiritualidade e sil\u00eancio para\ncontemplar Deus presente em sua vida. Soube viver o carisma no cultivo da\nsimplicidade, humildade e di\u00e1logo com as pessoas.<\/p>\n\n\n\n<p>&nbsp;&nbsp;&nbsp;&nbsp;&nbsp;&nbsp;&nbsp;&nbsp;&nbsp; Ao celebrar sua caminhada vocacional\ndestacou: \u201c<em>A voca\u00e7\u00e3o \u00e0 vida religiosa \u00e9\num caminho de f\u00e9 na presen\u00e7a de Jesus. Tudo \u00e9 d\u00e1diva de Deus, vivendo na\nconstante presen\u00e7a de Jesus. Creio que vivi intensamente o meu compromisso\nbatismal atrav\u00e9s da consagra\u00e7\u00e3o\u201d.<\/em> Ir. Olivia deixa um testemunho profundo\nde mulher de ora\u00e7\u00e3o, de alegria, de aten\u00e7\u00e3o carinhosa para com todas as\npessoas. Como devo\u00e7\u00f5es: Cultivou ao longo da vida amor a Jesus misericordioso,\ndevo\u00e7\u00e3o a Maria, m\u00e3e do Salvador e Imaculada Concei\u00e7\u00e3o, tamb\u00e9m fervorosa devota\na Santa Terezinha do Menino Jesus. <\/p>\n\n\n\n<p>&nbsp;&nbsp;&nbsp;&nbsp;&nbsp;&nbsp;&nbsp;&nbsp;&nbsp;&nbsp;&nbsp;&nbsp;&nbsp;&nbsp;&nbsp;&nbsp;&nbsp;&nbsp;&nbsp;&nbsp;&nbsp;&nbsp;&nbsp;&nbsp;&nbsp;&nbsp;&nbsp;&nbsp;&nbsp;&nbsp;&nbsp;&nbsp;&nbsp;&nbsp;&nbsp;&nbsp;&nbsp;&nbsp;&nbsp;&nbsp;&nbsp;&nbsp;&nbsp;&nbsp;&nbsp;&nbsp;&nbsp;&nbsp;&nbsp;&nbsp;&nbsp;&nbsp;&nbsp;&nbsp;&nbsp;&nbsp;&nbsp;&nbsp;&nbsp;&nbsp;&nbsp;&nbsp;&nbsp;&nbsp;&nbsp;&nbsp;&nbsp;&nbsp;&nbsp;&nbsp;&nbsp;&nbsp;&nbsp;&nbsp;&nbsp;&nbsp;&nbsp;&nbsp;&nbsp;&nbsp;&nbsp;&nbsp;&nbsp;&nbsp;&nbsp;&nbsp;&nbsp;&nbsp;&nbsp;&nbsp;&nbsp;&nbsp;&nbsp;&nbsp;&nbsp;&nbsp;&nbsp;&nbsp;&nbsp;&nbsp;&nbsp;&nbsp;&nbsp;&nbsp;&nbsp;&nbsp;&nbsp;&nbsp;&nbsp;&nbsp;&nbsp;&nbsp;&nbsp;&nbsp;&nbsp;&nbsp;&nbsp;&nbsp;&nbsp;&nbsp;&nbsp;&nbsp;&nbsp;&nbsp;&nbsp;&nbsp;&nbsp;&nbsp;&nbsp;&nbsp;&nbsp;&nbsp;&nbsp;&nbsp;&nbsp;&nbsp;&nbsp;&nbsp;&nbsp;&nbsp;&nbsp; &nbsp;&nbsp;&nbsp;&nbsp;&nbsp;&nbsp;&nbsp;&nbsp;&nbsp;&nbsp;&nbsp; Em 21de dezembro de 2020, Deus a\nchamou para viver em sua morada eterna. Faleceu em decorr\u00eancia\nda COVID 19, no Hospital Salvatoriano Divino Salvador, em Videira\/SC e foi\nsepultada no cemit\u00e9rio Jardim da Saudade, em Videira\/SC, no dia 21\/12\/2020. Ir. Olivia com 90 anos de\nidade e 62 de vida religiosa salvatoriana passa a repousar junto\nDaquele que foi a raz\u00e3o de sua vida e miss\u00e3o: O Divino Salvador.<\/p>\n\n\n\n<p>             Gratid\u00e3o pela vida vivida e partilhada entre n\u00f3s e por tantos ensinamentos \u00e0 nossa vida salvatoriana. Pedimos para que Deus na sua miseric\u00f3rdia infinita a receba em sua gl\u00f3ria e que interceda por seus familiares e por todas n\u00f3s. Descanse em paz.\u00a0\u201c<strong>Minha alma engrandece o Senhor meu esp\u00edrito exulta em Deus meu Salvador.\u201d (Lc 1, 46-47)<\/strong><\/p>\n","protected":false},"excerpt":{"rendered":"<p>&nbsp;&nbsp;&nbsp;&nbsp;&nbsp;&nbsp;&nbsp;&nbsp;&nbsp;&nbsp;&nbsp;&nbsp; Ir. Ol\u00edvia Maria Schmitz nasceu no dia 11 de Agosto de 1930 em Tr\u00eas Arroios &#8211; Erechim\/RS.&nbsp;\u00c9 a terceira dos treze filhos de Jacob Albino Schmitz e Cec\u00edlia Schmitz. Tem&nbsp;6 irm\u00e3os homens&nbsp;e&nbsp;7&#8230;<\/p>\n","protected":false},"author":2,"featured_media":15093,"comment_status":"open","ping_status":"open","sticky":false,"template":"","format":"standard","meta":[],"categories":[1],"tags":[],"_links":{"self":[{"href":"https:\/\/www.salvatorianas.org.br\/blog\/wp-json\/wp\/v2\/posts\/15092"}],"collection":[{"href":"https:\/\/www.salvatorianas.org.br\/blog\/wp-json\/wp\/v2\/posts"}],"about":[{"href":"https:\/\/www.salvatorianas.org.br\/blog\/wp-json\/wp\/v2\/types\/post"}],"author":[{"embeddable":true,"href":"https:\/\/www.salvatorianas.org.br\/blog\/wp-json\/wp\/v2\/users\/2"}],"replies":[{"embeddable":true,"href":"https:\/\/www.salvatorianas.org.br\/blog\/wp-json\/wp\/v2\/comments?post=15092"}],"version-history":[{"count":1,"href":"https:\/\/www.salvatorianas.org.br\/blog\/wp-json\/wp\/v2\/posts\/15092\/revisions"}],"predecessor-version":[{"id":15094,"href":"https:\/\/www.salvatorianas.org.br\/blog\/wp-json\/wp\/v2\/posts\/15092\/revisions\/15094"}],"wp:featuredmedia":[{"embeddable":true,"href":"https:\/\/www.salvatorianas.org.br\/blog\/wp-json\/wp\/v2\/media\/15093"}],"wp:attachment":[{"href":"https:\/\/www.salvatorianas.org.br\/blog\/wp-json\/wp\/v2\/media?parent=15092"}],"wp:term":[{"taxonomy":"category","embeddable":true,"href":"https:\/\/www.salvatorianas.org.br\/blog\/wp-json\/wp\/v2\/categories?post=15092"},{"taxonomy":"post_tag","embeddable":true,"href":"https:\/\/www.salvatorianas.org.br\/blog\/wp-json\/wp\/v2\/tags?post=15092"}],"curies":[{"name":"wp","href":"https:\/\/api.w.org\/{rel}","templated":true}]}}