{"id":15089,"date":"2020-12-26T13:06:36","date_gmt":"2020-12-26T13:06:36","guid":{"rendered":"https:\/\/www.salvatorianas.org.br\/blog\/?p=15089"},"modified":"2020-12-26T13:56:19","modified_gmt":"2020-12-26T13:56:19","slug":"7o-dia-de-falecimento-da-ir-petronilla-maria-tonello","status":"publish","type":"post","link":"https:\/\/www.salvatorianas.org.br\/blog\/7o-dia-de-falecimento-da-ir-petronilla-maria-tonello\/","title":{"rendered":"7\u00ba dia de falecimento da Ir. Petronilla Maria Tonello"},"content":{"rendered":"\n<p>Ir.\nPetronilla Maria Tonello nasceu no dia 31 de Maio de 1924 em Bela Vista-Alfredo\nChaves\/RS.&nbsp;\u00c9 a primeira dos doze filhos de Joao Tonello e Linda Rosa\nMelatti. Tem&nbsp;3 irm\u00e3os homens&nbsp;e&nbsp;8 mulheres. Recebeu o sacramento\ndo Batismo no dia 10 de Junho de 1924 , &nbsp;do\nCrisma no 19 de Dezembro de 1929 e a &nbsp;Primeira Eucaristia em 06 de Janeiro de 1933, todos\nem Bela Vista\/RS.<\/p>\n\n\n\n<p>A\nforma\u00e7\u00e3o inicial de Ir. Petronilla teve in\u00edcio em Videira\/SC, ingressando na\nCongrega\u00e7\u00e3o no dia 02 de Janeiro de 1943 em Videira\/SC, onde ap\u00f3s a forma\u00e7\u00e3o \u00e0\nVida Consagrada Salvatoriana professou os primeiros votos no dia 06 de Janeiro\nde 1945 e os votos perp\u00e9tuos no dia 06 de Janeiro de 1951, em Videira\/SC. <\/p>\n\n\n\n<p>&nbsp;Nas suas atividades apost\u00f3licas atuou nas\ncomunidades Salvatorianas, em Indian\u00e1polis\/SP, Comunidade Mater Salvatoris, em Tangar\u00e1\/SC,\nHospital Nossa Senhora de F\u00e1tima, em Coronel Freitas\/SC, Hospital Celso Ramos,\nem Florian\u00f3polis\/SC, Hospital Salvator Mundi, em Roma, Hospital S\u00e3o Luiz, em\nCampo Alegre\/SC, no Hospital Salvatoriano Divino Salvador, em Videira\/SC e\nnestes \u00faltimos anos na comunidade Maria Teresa, em Videira\/SC.&nbsp;&nbsp;&nbsp;&nbsp;&nbsp;&nbsp;<\/p>\n\n\n\n<p>Desde\nmuito jovem Ir. Petronilla sempre foi apaixonada pelo trabalho na \u00e1rea da\nsa\u00fade. Aos poucos foi se preparando e assumindo cada vez mais responsabilidades\nna grande miss\u00e3o que Deus lhe confiava, atuando em diversos setores da\nenfermagem. Durante 50 anos de vida consagrada Ir. Petronilla dedicou\nespecialmente ao servi\u00e7o de enfermagem em diversos hospitais e comunidades. <\/p>\n\n\n\n<p>Ao\ncelebrar seu jubileu de ouro alegremente se expressou: \u201cAgrade\u00e7o a Deus pelo\ntr\u00edplice dom: vida, batismo e voca\u00e7\u00e3o religiosa. O germe da minha voca\u00e7\u00e3o, nasceu\nno dia que fiz a primeira comunh\u00e3o. Uma experi\u00eancia que marcou a vida e que se\nrepetiu em outros momentos e nos meus votos perp\u00e9tuos, fortificando assim minha\nentrega total ao Divino Salvador. Servi nos trabalhos da casa, do jardim de\ninf\u00e2ncia, na escola prim\u00e1ria e nos hospitais. Senti-me realizada em todos os\nlugares em que passei. O potencial que toda mulher possui, foi realizado em\nmim, servindo o doente, a crian\u00e7a e o pobre. Considero uma grande gra\u00e7a ser\nsalvatoriana e, ao mesmo tempo uma enorme responsabilidade de tornar Jesus Salvador\nconhecido e amado por todas as pessoas\u201d. Outro motivo de alegria e ben\u00e7\u00e3o que\nIr. Petronilla partilhava \u00e9 que ela atendeu e rezou com a Madre Teresa de\nCalcut\u00e1, em nosso Hospital Salvator Mundi, em Roma, no ano de 1983, ocasi\u00e3o em\nque trabalhou como enfermeira. A bondade e simplicidade desta santa a encantou.<\/p>\n\n\n\n<p>Em 25 de novembro\nde 2009, Ir. Petronilla recebeu o trof\u00e9u \u201cAmigo da Comunidade\u201d da sociedade\nvideirense, pela cria\u00e7\u00e3o da pastoral dos enfermos, que tem como objetivo\natender e aliviar o sofrimento de doentes n\u00e3o internados. Neste apostolado\nsoube viver o carisma salvatoriano pela solicitude, serenidade, bondade e\nescuta das pessoas. Suas palavras eram sempre um b\u00e1lsamo para aliviar a dor e o\nsofrimento das fam\u00edlias. <\/p>\n\n\n\n<p>Em 20 de\ndezembro de 2020, Deus a chamou para viver em sua morada eterna. Faleceu em\ndecorr\u00eancia da COVID-19 no hospital Salvatoriano Divino Salvador, em Videira\/SC\ne foi sepultada no cemit\u00e9rio Jardim da Saudade, em Videira\/SC, no dia 20\/12\/2020.&nbsp; Ir. Petronilla Maria Tonello, com 96 anos de idade\ne 75 anos de doa\u00e7\u00e3o como Irm\u00e3 Salvatoriana, passa a conviver na presen\u00e7a plena\ndo Divino Salvador.<\/p>\n\n\n\n<p>Ir. Petronilla nossa gratid\u00e3o:<\/p>\n\n\n\n<ul><li>Pelo aut\u00eantico testemunho de f\u00e9 em viver a vida salvatoriana com alegria e leveza\u2013 \u201cEstamos rodeadas dessa grande nuvem de testemunhas. Deixemos de lado tudo o que nos atrapalha&#8230; Corramos com perseveran\u00e7a na corrida, mantendo os olhos fixos em Jesus, autor e consumidor da f\u00e9&#8221; (Heb 12,1).<\/li><li>Pelo seu grande amor a Eucaristia, centro e fonte de nossa vida.<\/li><li>Pela presen\u00e7a serena e consoladora junto a pastoral dos enfermos e seus familiares.<\/li><li>Pelo bem realizado em favor do Reino de Deus no cuidado da sa\u00fade das pessoas com sua vida generosamente oferecida.<\/li><li>Pela atitude orante &#8211; sempre fazia uma ora\u00e7\u00e3o em favor de algu\u00e9m que precisasse.<\/li><\/ul>\n\n\n\n<p>Elevamos\na Deus Salvador nossa a\u00e7\u00e3o de gra\u00e7as por t\u00ea-la conhecido e vivido entre n\u00f3s ao\nlongo de todos estes anos, por seu testemunho de fidelidade, dedica\u00e7\u00e3o,\npaci\u00eancia e amor \u00e0 vida. Disse Jesus: \u201cExistem muitas moradas na casa do Pai e\nonde eu estiver estejam voc\u00eas tamb\u00e9m\u201d. (Jo\u00e3o 14, 2-3). Obrigada Ir. Petronilla\ne descanse em paz!<\/p>\n","protected":false},"excerpt":{"rendered":"<p>Ir. Petronilla Maria Tonello nasceu no dia 31 de Maio de 1924 em Bela Vista-Alfredo Chaves\/RS.&nbsp;\u00c9 a primeira dos doze filhos de Joao Tonello e Linda Rosa Melatti. Tem&nbsp;3 irm\u00e3os homens&nbsp;e&nbsp;8 mulheres. Recebeu&#8230;<\/p>\n","protected":false},"author":2,"featured_media":15090,"comment_status":"open","ping_status":"open","sticky":false,"template":"","format":"standard","meta":[],"categories":[1],"tags":[],"_links":{"self":[{"href":"https:\/\/www.salvatorianas.org.br\/blog\/wp-json\/wp\/v2\/posts\/15089"}],"collection":[{"href":"https:\/\/www.salvatorianas.org.br\/blog\/wp-json\/wp\/v2\/posts"}],"about":[{"href":"https:\/\/www.salvatorianas.org.br\/blog\/wp-json\/wp\/v2\/types\/post"}],"author":[{"embeddable":true,"href":"https:\/\/www.salvatorianas.org.br\/blog\/wp-json\/wp\/v2\/users\/2"}],"replies":[{"embeddable":true,"href":"https:\/\/www.salvatorianas.org.br\/blog\/wp-json\/wp\/v2\/comments?post=15089"}],"version-history":[{"count":2,"href":"https:\/\/www.salvatorianas.org.br\/blog\/wp-json\/wp\/v2\/posts\/15089\/revisions"}],"predecessor-version":[{"id":15095,"href":"https:\/\/www.salvatorianas.org.br\/blog\/wp-json\/wp\/v2\/posts\/15089\/revisions\/15095"}],"wp:featuredmedia":[{"embeddable":true,"href":"https:\/\/www.salvatorianas.org.br\/blog\/wp-json\/wp\/v2\/media\/15090"}],"wp:attachment":[{"href":"https:\/\/www.salvatorianas.org.br\/blog\/wp-json\/wp\/v2\/media?parent=15089"}],"wp:term":[{"taxonomy":"category","embeddable":true,"href":"https:\/\/www.salvatorianas.org.br\/blog\/wp-json\/wp\/v2\/categories?post=15089"},{"taxonomy":"post_tag","embeddable":true,"href":"https:\/\/www.salvatorianas.org.br\/blog\/wp-json\/wp\/v2\/tags?post=15089"}],"curies":[{"name":"wp","href":"https:\/\/api.w.org\/{rel}","templated":true}]}}