{"id":15083,"date":"2020-12-21T16:24:51","date_gmt":"2020-12-21T16:24:51","guid":{"rendered":"https:\/\/www.salvatorianas.org.br\/blog\/?p=15083"},"modified":"2020-12-21T16:38:35","modified_gmt":"2020-12-21T16:38:35","slug":"comunicado-de-falecimento-27","status":"publish","type":"post","link":"https:\/\/www.salvatorianas.org.br\/blog\/comunicado-de-falecimento-27\/","title":{"rendered":"Comunicado de falecimento"},"content":{"rendered":"\n<p><strong>\u201cEu sou a Ressurrei\u00e7\u00e3o e a Vida quem cr\u00ea em mim, ainda que morra, viver\u00e1.&#8221; (Jo 11,25) <\/strong><\/p>\n\n\n\n<p>Ir. Ol\u00edvia Maria Schmitz, aos 90 anos de vida e 62 anos de Vida Consagrada Salvatoriana, recebe o \u00faltimo chamado de Deus para o encontro face a face com Ele.<\/p>\n\n\n\n<p>Comunicamos\no seu falecimento ocorrido hoje, dia 21 de dezembro, em Videira\/SC, v\u00edtima da\nCOVID-19. N\u00f3s, Im\u00e3s Salvatorianas e familiares compartilhamos esse momento de\nf\u00e9 e de entrega a Deus Salvador a vida dessa nossa querida coirm\u00e3.<\/p>\n\n\n\n<p>Ir. Olivia! Gratid\u00e3o pela vida vivida e partilhada\nentre n\u00f3s e por tantos ensinamentos \u00e0 nossa vida salvatoriana. Pedimos para que Deus na\nsua miseric\u00f3rdia infinita a receba em sua gl\u00f3ria e que interceda por seus\nfamiliares, por todas n\u00f3s e pela humanidade que sofre.\n<\/p>\n\n\n\n<p>Certamente hoje ela se encontra face a face mergulhada na miseric\u00f3rdia do Pai e com Maria, a m\u00e3e do Salvador rezemos: &#8220;<strong>Minha alma engrandece o Senhor, meu esp\u00edrito exulta em Deus meu Salvador&#8221;. (Lc 1, 46-47).\u00a0<\/strong><\/p>\n\n\n\n<p>Ir.\u00a0Ol\u00edvia,\u00a0descanse\u00a0em\u00a0paz!<\/p>\n","protected":false},"excerpt":{"rendered":"<p>\u201cEu sou a Ressurrei\u00e7\u00e3o e a Vida quem cr\u00ea em mim, ainda que morra, viver\u00e1.&#8221; (Jo 11,25) Ir. Ol\u00edvia Maria Schmitz, aos 90 anos de vida e 62 anos de Vida Consagrada Salvatoriana,&#8230;<\/p>\n","protected":false},"author":2,"featured_media":15084,"comment_status":"open","ping_status":"open","sticky":false,"template":"","format":"standard","meta":[],"categories":[1],"tags":[],"_links":{"self":[{"href":"https:\/\/www.salvatorianas.org.br\/blog\/wp-json\/wp\/v2\/posts\/15083"}],"collection":[{"href":"https:\/\/www.salvatorianas.org.br\/blog\/wp-json\/wp\/v2\/posts"}],"about":[{"href":"https:\/\/www.salvatorianas.org.br\/blog\/wp-json\/wp\/v2\/types\/post"}],"author":[{"embeddable":true,"href":"https:\/\/www.salvatorianas.org.br\/blog\/wp-json\/wp\/v2\/users\/2"}],"replies":[{"embeddable":true,"href":"https:\/\/www.salvatorianas.org.br\/blog\/wp-json\/wp\/v2\/comments?post=15083"}],"version-history":[{"count":2,"href":"https:\/\/www.salvatorianas.org.br\/blog\/wp-json\/wp\/v2\/posts\/15083\/revisions"}],"predecessor-version":[{"id":15087,"href":"https:\/\/www.salvatorianas.org.br\/blog\/wp-json\/wp\/v2\/posts\/15083\/revisions\/15087"}],"wp:featuredmedia":[{"embeddable":true,"href":"https:\/\/www.salvatorianas.org.br\/blog\/wp-json\/wp\/v2\/media\/15084"}],"wp:attachment":[{"href":"https:\/\/www.salvatorianas.org.br\/blog\/wp-json\/wp\/v2\/media?parent=15083"}],"wp:term":[{"taxonomy":"category","embeddable":true,"href":"https:\/\/www.salvatorianas.org.br\/blog\/wp-json\/wp\/v2\/categories?post=15083"},{"taxonomy":"post_tag","embeddable":true,"href":"https:\/\/www.salvatorianas.org.br\/blog\/wp-json\/wp\/v2\/tags?post=15083"}],"curies":[{"name":"wp","href":"https:\/\/api.w.org\/{rel}","templated":true}]}}