{"id":15077,"date":"2020-12-20T10:09:05","date_gmt":"2020-12-20T10:09:05","guid":{"rendered":"https:\/\/www.salvatorianas.org.br\/blog\/?p=15077"},"modified":"2020-12-20T10:36:21","modified_gmt":"2020-12-20T10:36:21","slug":"comunicado-de-falecimento-26","status":"publish","type":"post","link":"https:\/\/www.salvatorianas.org.br\/blog\/comunicado-de-falecimento-26\/","title":{"rendered":"COMUNICADO DE FALECIMENTO"},"content":{"rendered":"\n<p><strong>&nbsp;\u201c<em>Existem muitas moradas na casa de meu Pai.\nSe n\u00e3o fosse assim, eu lhes teria dito, porque vou preparar um lugar para\nvoc\u00eas. E quando eu for e lhes tiver preparado um lugar, voltarei e levarei\nvoc\u00eas comigo, para que onde eu estiver, estejam voc\u00eas tamb\u00e9m\u201d. (Jo\u00e3o 14, 2-3).<\/em><\/strong><\/p>\n\n\n\n<p>Ir. Petronilla\nMaria Tonello,\naos 96 anos de vida e 75 anos de Vida Consagrada Salvatoriana, recebe o \u00faltimo\nchamado de Deus para o encontro definitivo com ele<em>.<\/em><\/p>\n\n\n\n<p>Comunicamos o seu falecimento ocorrido hoje, dia 20 de dezembro, em Videira\/SC, v\u00edtima da COVID-19.<\/p>\n\n\n\n<p>Seu sepultamento ser\u00e1 no cemit\u00e9rio em Videira\/SC, \u00e0s\n11h. N\u00f3s, Im\u00e3s Salvatorianas e familiares compartilhamos esse momento de f\u00e9 e\nde entrega a Deus Salvador a vida dessa nossa querida irm\u00e3 Petonilla.<\/p>\n\n\n\n<p>Nossa f\u00e9 est\u00e1 alicer\u00e7ada na ressurrei\u00e7\u00e3o porque Deus nos criou \u00e0 sua imagem para algo al\u00e9m do que n\u00f3s podemos experimentar aqui e agora. Descanse em paz, Ir. Petronilla. Obrigada por sua vida doada na miss\u00e3o salvatoriana. <\/p>\n\n\n\n<p>\n\n\n\n\n\n\n\n\n\n\n\n\n\n\n\n\nElevamos\na Deus Salvador nossa a\u00e7\u00e3o de gra\u00e7as por t\u00ea-la conhecido e vivido entre n\u00f3s ao\nlongo de todos estes anos, por seu testemunho de fidelidade, dedica\u00e7\u00e3o, paci\u00eancia\ne amor \u00e0 vida. Disse Jesus: <strong><em>\u201cExistem muitas moradas na casa do Pai e\nonde eu estiver estejam voc\u00eas tamb\u00e9m\u201d.\n<\/em><\/strong>(Jo\u00e3o 14, 2-3)<em>.<\/em>\nObrigada Ir. Petronilla e descanse em paz!\n\n\n\n<\/p>\n","protected":false},"excerpt":{"rendered":"<p>&nbsp;\u201cExistem muitas moradas na casa de meu Pai. Se n\u00e3o fosse assim, eu lhes teria dito, porque vou preparar um lugar para voc\u00eas. E quando eu for e lhes tiver preparado um lugar,&#8230;<\/p>\n","protected":false},"author":2,"featured_media":15078,"comment_status":"open","ping_status":"open","sticky":false,"template":"","format":"standard","meta":[],"categories":[1],"tags":[],"_links":{"self":[{"href":"https:\/\/www.salvatorianas.org.br\/blog\/wp-json\/wp\/v2\/posts\/15077"}],"collection":[{"href":"https:\/\/www.salvatorianas.org.br\/blog\/wp-json\/wp\/v2\/posts"}],"about":[{"href":"https:\/\/www.salvatorianas.org.br\/blog\/wp-json\/wp\/v2\/types\/post"}],"author":[{"embeddable":true,"href":"https:\/\/www.salvatorianas.org.br\/blog\/wp-json\/wp\/v2\/users\/2"}],"replies":[{"embeddable":true,"href":"https:\/\/www.salvatorianas.org.br\/blog\/wp-json\/wp\/v2\/comments?post=15077"}],"version-history":[{"count":3,"href":"https:\/\/www.salvatorianas.org.br\/blog\/wp-json\/wp\/v2\/posts\/15077\/revisions"}],"predecessor-version":[{"id":15082,"href":"https:\/\/www.salvatorianas.org.br\/blog\/wp-json\/wp\/v2\/posts\/15077\/revisions\/15082"}],"wp:featuredmedia":[{"embeddable":true,"href":"https:\/\/www.salvatorianas.org.br\/blog\/wp-json\/wp\/v2\/media\/15078"}],"wp:attachment":[{"href":"https:\/\/www.salvatorianas.org.br\/blog\/wp-json\/wp\/v2\/media?parent=15077"}],"wp:term":[{"taxonomy":"category","embeddable":true,"href":"https:\/\/www.salvatorianas.org.br\/blog\/wp-json\/wp\/v2\/categories?post=15077"},{"taxonomy":"post_tag","embeddable":true,"href":"https:\/\/www.salvatorianas.org.br\/blog\/wp-json\/wp\/v2\/tags?post=15077"}],"curies":[{"name":"wp","href":"https:\/\/api.w.org\/{rel}","templated":true}]}}