{"id":1506,"date":"2015-11-26T00:00:00","date_gmt":"2015-11-26T00:00:00","guid":{"rendered":"https:\/\/www.salvatorianas.org.br\/blog\/dia-de-acao-de-gracas\/"},"modified":"2015-11-26T00:00:00","modified_gmt":"2015-11-26T00:00:00","slug":"dia-de-acao-de-gracas","status":"publish","type":"post","link":"https:\/\/www.salvatorianas.org.br\/blog\/dia-de-acao-de-gracas\/","title":{"rendered":"Dia de A\u00e7\u00e3o de Gra\u00e7as"},"content":{"rendered":"<p style=\"text-align: justify;\">[imagem1]<\/p>\n<p style=\"text-align: justify;\"><strong>Por tudo dai gra&ccedil;as!<\/strong><\/p>\n<p style=\"text-align: justify;\">Neste dia de a&ccedil;&atilde;o de gra&ccedil;as, elevemos a&nbsp;Deus todo nosso louvor e gratid&atilde;o por seu infinito amor presente em toda cria&ccedil;&atilde;o. Por todas as b&ecirc;n&ccedil;&atilde;os e gra&ccedil;as recebidas de sua bondade e generosidade.<\/p>\n<p style=\"text-align: justify;\">S&atilde;o Paulo nos ensina a bendizer a Deus que &ldquo;em Cristo nos aben&ccedil;oou com toda b&ecirc;n&ccedil;&atilde;o espiritual. [&#8230;] Em Cristo fomos predestinados a &nbsp;ser o louvor da sua gl&oacute;ria e da gra&ccedil;a que ele derramou abundantemente sobre n&oacute;s por meio de seu Filho querido.&rdquo; (Ef 1, 6.12).<\/p>\n<p style=\"text-align: justify;\">A&nbsp;maior a&ccedil;&atilde;o de gra&ccedil;as do ser humano se manifesta pelo &nbsp;modo de viver. Todas as nossa a&ccedil;&otilde;es devem ser para a gl&oacute;ria de Deus. &ldquo;Que a luz de voc&ecirc;s brilhe diante dos homens, para que eles vejam as boas obras que voc&ecirc;s fazem, e louvem o Pai de voc&ecirc;s que est&aacute; no c&eacute;u.&raquo; (Mt 5, 16), Antes de tudo, diz Pe. Jordan, fundador da Fam&iacute;lia Salvatoriana, &ldquo;a Salvatoriana e o Salvatoriano devem proclamar a gl&oacute;ria de Deus&rdquo;. Essa &eacute; nossa voca&ccedil;&atilde;o-miss&atilde;o primeira. Toda a nossa vida em miss&atilde;o deve nos levar a esse objetivo &uacute;ltimo.&nbsp;<\/p>\n<p style=\"text-align: justify;\">Vejamos o que diz o Catecismo Cat&oacute;lico sobre a Ora&ccedil;&atilde;o de Louvor:<\/p>\n<blockquote>\n<p style=\"text-align: justify;\">2639 &#8211; O louvor &eacute; a forma de ora&ccedil;&atilde;o que reconhece o mais imediatamente poss&iacute;vel que Deus &eacute; Deus! Canta-o pelo que Ele mesmo &eacute;, d&aacute;-lhe gl&oacute;ria, mais do que pelo que Ele faz, por aquilo que Ele &Eacute;. Participa da bem-aventuran&ccedil;a dos cora&ccedil;&otilde;es puros que o amam na f&eacute; antes de o verem na Gl&oacute;ria. Por ela, o Esp&iacute;rito se associa nosso esp&iacute;rito para atestar que somos filhos de Deus, dando testemunho ao Filho &uacute;nico, em quem somos adotados e por quem glorificamos o Pai. O louvor integra as outras formas de ora&ccedil;&atilde;o e as levar &Agrave;quele que &eacute; sua fonte e termo final: &#8220;O &uacute;nico Deus, o Pai, de quem tudo procede e para quem n&oacute;s somos feitos&#8221; (1 Cor 8,6).<\/p>\n<p style=\"text-align: justify;\">2641 &#8211; Recitai uns com os outros &#8220;salmos, hinos e c&acirc;nticos espirituais, cantando e louvando o Senhor em vosso cora&ccedil;&atilde;o&#8221; (Ef 5,19).&nbsp;<\/p>\n<\/blockquote>\n<p style=\"text-align: justify;\">N&atilde;o cessemos de agradecer e bendizer ao Senhor princ&iacute;pio e fim de tudo.<strong>&#8220;<\/strong>Cantem ao Senhor com a&ccedil;&otilde;es de gra&ccedil;as;&nbsp;ao som da harpa fa&ccedil;am m&uacute;sica para o nosso Deus.&#8221; (Sl 107,1).<\/p>\n<p>&nbsp;<\/p>\n<p style=\"text-align: center;\"><strong>ENTOAI A&Ccedil;&Atilde;O DE GRA&Ccedil;AS!<\/strong><\/p>\n<p style=\"text-align: center;\">Deem gra&ccedil;as ao Senhor porque ele &eacute; bom; o seu amor dura para sempre. (Sl 107,1).<\/p>\n<p style=\"text-align: center;\">Ele fez grandes maravilhas em n&oacute;s.&nbsp; Porque o seu Amor &eacute; para sempre.<\/p>\n<p style=\"text-align: center;\">A&ccedil;&atilde;o de gra&ccedil;as a Deus Salvador, que nos conduziu passo a passo neste ano. Porque o seu Amor &eacute; para sempre.<\/p>\n<p style=\"text-align: center;\">A&ccedil;&atilde;o de gra&ccedil;as pelas in&uacute;meras experi&ecirc;ncias vividas e partilhadas. Porque o seu Amor &eacute; para sempre.<\/p>\n<p style=\"text-align: center;\">Obrigada por todas as gra&ccedil;as recebidas, pelas chegadas, e partidas, pelas pessoas que de perto ou de longe fizeram a diferen&ccedil;a na caminhada realizada.<\/p>\n<p style=\"text-align: center;\">A&ccedil;&atilde;o de gra&ccedil;as pelo Deus presente em nossas vidas, nos guiando e protegendo.<\/p>\n<p style=\"text-align: center;\">Obrigada pela d&aacute;diva que &eacute; acordar a cada novo dia. Por n&oacute;s mostrar a preciosidade da vida atrav&eacute;s do olhar de todos aqueles que amamos, pela natureza que nos nutre e pela luz de cada novo amanh&atilde;.&nbsp;<\/p>\n<p style=\"text-align: center;\">Obrigada pelos pequenos e grandes dons que a tua bondade colocou em nosso caminho.<\/p>\n<p style=\"text-align: center;\">Obrigada pela beleza das tuas criaturas e pelo milagre da vida.<\/p>\n<p style=\"text-align: center;\">Obrigada pelo teu amor que nos sustenta e protege, pelo perd&atilde;o que nos faz crescer.<\/p>\n<p style=\"text-align: center;\">Obrigada pela gra&ccedil;a de poder servir a humanidade com o dom gratuito da voca&ccedil;&atilde;o-miss&atilde;o.<\/p>\n<p style=\"text-align: center;\">Obrigada pelo despertar da consci&ecirc;ncia ecol&oacute;gica de tantas pessoas no cuidado com o planeta, casa comum.<\/p>\n<p style=\"text-align: center;\">Obrigada pelos gestos de solidariedade, pela partilha e ternura que amenizam o sofrimento de tantos irm&atilde;os e irm&atilde;s.<\/p>\n","protected":false},"excerpt":{"rendered":"<p>[imagem1] Por tudo dai gra&ccedil;as! Neste dia de a&ccedil;&atilde;o de gra&ccedil;as, elevemos a&nbsp;Deus todo nosso louvor e gratid&atilde;o por seu infinito amor presente em toda cria&ccedil;&atilde;o. Por todas as b&ecirc;n&ccedil;&atilde;os e gra&ccedil;as recebidas&#8230;<\/p>\n","protected":false},"author":1,"featured_media":0,"comment_status":"open","ping_status":"open","sticky":false,"template":"","format":"standard","meta":[],"categories":[1],"tags":[],"_links":{"self":[{"href":"https:\/\/www.salvatorianas.org.br\/blog\/wp-json\/wp\/v2\/posts\/1506"}],"collection":[{"href":"https:\/\/www.salvatorianas.org.br\/blog\/wp-json\/wp\/v2\/posts"}],"about":[{"href":"https:\/\/www.salvatorianas.org.br\/blog\/wp-json\/wp\/v2\/types\/post"}],"author":[{"embeddable":true,"href":"https:\/\/www.salvatorianas.org.br\/blog\/wp-json\/wp\/v2\/users\/1"}],"replies":[{"embeddable":true,"href":"https:\/\/www.salvatorianas.org.br\/blog\/wp-json\/wp\/v2\/comments?post=1506"}],"version-history":[{"count":0,"href":"https:\/\/www.salvatorianas.org.br\/blog\/wp-json\/wp\/v2\/posts\/1506\/revisions"}],"wp:attachment":[{"href":"https:\/\/www.salvatorianas.org.br\/blog\/wp-json\/wp\/v2\/media?parent=1506"}],"wp:term":[{"taxonomy":"category","embeddable":true,"href":"https:\/\/www.salvatorianas.org.br\/blog\/wp-json\/wp\/v2\/categories?post=1506"},{"taxonomy":"post_tag","embeddable":true,"href":"https:\/\/www.salvatorianas.org.br\/blog\/wp-json\/wp\/v2\/tags?post=1506"}],"curies":[{"name":"wp","href":"https:\/\/api.w.org\/{rel}","templated":true}]}}