{"id":15047,"date":"2020-12-24T23:50:50","date_gmt":"2020-12-24T23:50:50","guid":{"rendered":"https:\/\/www.salvatorianas.org.br\/blog\/?p=15047"},"modified":"2020-12-16T12:23:56","modified_gmt":"2020-12-16T12:23:56","slug":"mensagem-de-natal-das-irmas-salvatorianas","status":"publish","type":"post","link":"https:\/\/www.salvatorianas.org.br\/blog\/mensagem-de-natal-das-irmas-salvatorianas\/","title":{"rendered":"Mensagem de Natal das Irm\u00e3s Salvatorianas"},"content":{"rendered":"\n<p><strong>&#8220;Manifestou-se a gra\u00e7a de Deus,  fonte de salva\u00e7\u00e3o para todos.&#8221; <\/strong>(Tito1,11)<\/p>\n\n\n\n<p><strong>Natal \u2013 Um apelo para cuidar da vida.<\/strong> Deus se fez carne e habitou entre n\u00f3s,\nse fez morada e fraternidade. Neste tempo de distanciamento social, acelerado\npela pandemia, que a nossa solidariedade revele o rosto de Jesus Salvador, o\nSol da Justi\u00e7a, no cuidado de toda a cria\u00e7\u00e3o. Que a luz do SALVADOR fa\u00e7a brilhar&nbsp;entre\nos povos a paz e o amor universal de um novo ano.<\/p>\n\n\n\n<p><br> Feliz Natal e um Ano Novo cheio de esperan\u00e7a na travessia.<br>Irm\u00e3s Salvatorianas<\/p>\n\n\n\n<p><\/p>\n","protected":false},"excerpt":{"rendered":"<p>&#8220;Manifestou-se a gra\u00e7a de Deus, fonte de salva\u00e7\u00e3o para todos.&#8221; (Tito1,11) Natal \u2013 Um apelo para cuidar da vida. Deus se fez carne e habitou entre n\u00f3s, se fez morada e fraternidade. Neste&#8230;<\/p>\n","protected":false},"author":2,"featured_media":15048,"comment_status":"open","ping_status":"open","sticky":false,"template":"","format":"standard","meta":[],"categories":[1],"tags":[],"_links":{"self":[{"href":"https:\/\/www.salvatorianas.org.br\/blog\/wp-json\/wp\/v2\/posts\/15047"}],"collection":[{"href":"https:\/\/www.salvatorianas.org.br\/blog\/wp-json\/wp\/v2\/posts"}],"about":[{"href":"https:\/\/www.salvatorianas.org.br\/blog\/wp-json\/wp\/v2\/types\/post"}],"author":[{"embeddable":true,"href":"https:\/\/www.salvatorianas.org.br\/blog\/wp-json\/wp\/v2\/users\/2"}],"replies":[{"embeddable":true,"href":"https:\/\/www.salvatorianas.org.br\/blog\/wp-json\/wp\/v2\/comments?post=15047"}],"version-history":[{"count":1,"href":"https:\/\/www.salvatorianas.org.br\/blog\/wp-json\/wp\/v2\/posts\/15047\/revisions"}],"predecessor-version":[{"id":15049,"href":"https:\/\/www.salvatorianas.org.br\/blog\/wp-json\/wp\/v2\/posts\/15047\/revisions\/15049"}],"wp:featuredmedia":[{"embeddable":true,"href":"https:\/\/www.salvatorianas.org.br\/blog\/wp-json\/wp\/v2\/media\/15048"}],"wp:attachment":[{"href":"https:\/\/www.salvatorianas.org.br\/blog\/wp-json\/wp\/v2\/media?parent=15047"}],"wp:term":[{"taxonomy":"category","embeddable":true,"href":"https:\/\/www.salvatorianas.org.br\/blog\/wp-json\/wp\/v2\/categories?post=15047"},{"taxonomy":"post_tag","embeddable":true,"href":"https:\/\/www.salvatorianas.org.br\/blog\/wp-json\/wp\/v2\/tags?post=15047"}],"curies":[{"name":"wp","href":"https:\/\/api.w.org\/{rel}","templated":true}]}}