{"id":15043,"date":"2020-12-16T11:32:11","date_gmt":"2020-12-16T11:32:11","guid":{"rendered":"https:\/\/www.salvatorianas.org.br\/blog\/?p=15043"},"modified":"2020-12-16T11:32:13","modified_gmt":"2020-12-16T11:32:13","slug":"a-caminho-da-cfe-2021-3-pontos-para-viver-bem-o-espirito-da-campanha","status":"publish","type":"post","link":"https:\/\/www.salvatorianas.org.br\/blog\/a-caminho-da-cfe-2021-3-pontos-para-viver-bem-o-espirito-da-campanha\/","title":{"rendered":"A CAMINHO DA CFE 2021: 3 PONTOS PARA VIVER BEM O ESP\u00cdRITO DA CAMPANHA"},"content":{"rendered":"\n<p>r\u00eas indica\u00e7\u00f5es s\u00e3o muito importantes para a boa viv\u00eancia do esp\u00edrito da Campanha da Fraternidade Ecum\u00eanica (CFE) de 2021. Foi o que apontou o padre Lu\u00eds Fernando da Silva, do clero da diocese de S\u00e3o Jo\u00e3o da Boa Vista (SP), ex-secret\u00e1rio executivo de Campanhas da Confer\u00eancia Nacional dos Bispos do Brasil (CNBB), durante o Semin\u00e1rio Nacional de forma\u00e7\u00e3o realizado no in\u00edcio do m\u00eas de dezembro.<\/p>\n\n\n\n<p>\u201cSe n\u00f3s celebramos com esse esp\u00edrito a Campanha da Fraternidade, fortalecendo as bases, buscando dar um testemunho ecum\u00eanico e cuidando dos mais pobres, com certeza n\u00f3s vamos colher muit\u00edssimos frutos em mais uma edi\u00e7\u00e3o da Campanha da Fraternidade\u201d, garantiu.<\/p>\n\n\n\n<h3 class=\"wp-block-heading\">Fortalecer as bases<\/h3>\n\n\n\n<p>\u201cA Campanha da Fraternidade deve come\u00e7ar nas nossas bases\u201d, destacou padre Lu\u00eds Fernando. Recordando sua experi\u00eancia na articula\u00e7\u00e3o de algumas das \u00faltimas edi\u00e7\u00f5es da CF, ressaltou que a campanha acontece \u201cno ch\u00e3o das pessoas, na vida das pessoas\u201d.<\/p>\n\n\n\n<p>Diante do atual cen\u00e1rio, num per\u00edodo complexo como este de pandemia, \u201cas comunidades eclesiais, de maneira ecum\u00eanica, s\u00e3o chamadas&nbsp;<em>in loco<\/em>&nbsp;a viverem essa experi\u00eancia da Campanha da Fraternidade. De fato, fazer uma redescoberta de Cristo como nossa paz\u201d.<\/p>\n\n\n\n<p>A Campanha da Fraternidade Ecum\u00eanica de 2021 tem como tema \u201cFraternidade e Di\u00e1logo: compromisso de amor\u201d e lema \u201cCristo \u00e9 a nossa paz: do que era dividido, fez uma unidade\u201d (Ef. 2.14).<\/p>\n\n\n\n<p>Assim, a primeira indica\u00e7\u00e3o do padre Lu\u00eds Fernando para viver bem o esp\u00edrito da CFE 2021 \u00e9 fortalecer bem as bases locais. \u201cAli que a Campanha da Fraternidade de fato acontece, ali que as pessoas se sensibilizam com a tem\u00e1tica da Campanha e, a seu modo, de maneira simples, com pequenos gestos, procuram viver a campanha no seu local onde est\u00e3o\u201d, explicou.<\/p>\n\n\n\n<h3 class=\"wp-block-heading\">Redescobrir a dimens\u00e3o ecum\u00eanica da Igreja<\/h3>\n\n\n\n<p>A segunda indica\u00e7\u00e3o est\u00e1 relacionada ao ecumenismo, considerado um grande fruto do Conc\u00edlio Vaticano II. H\u00e1 pouco mais de 50 anos, as reflex\u00f5es fizeram com que a Igreja se abrisse para o di\u00e1logo, \u201cpara um processo de sinodalidade, de caminhar juntos, de percebermos que crist\u00e3os, apesar de termos configura\u00e7\u00f5es doutrinais diferentes, mas professamos a f\u00e9 no mesmo Cristo crucificado e ressuscitado\u201d.<\/p>\n\n\n\n<p>Padre Lu\u00eds Fernando ressalta que \u00e9 necess\u00e1rio fortalecer essa cultura do ecumenismo neste contexto social de forte polariza\u00e7\u00e3o. \u201cParece que as pessoas n\u00e3o t\u00eam mais uma capacidade de pensar projetos comuns, \u00e9 sempre necess\u00e1rio polarizar. \u2018Eu creio nisso, ent\u00e3o rejeito totalmente aquilo\u2019; \u2018Eu apoio essa ideia ou essa ideologia pol\u00edtica, e rejeito totalmente aquela outra\u2019\u201d, exemplifica.<\/p>\n\n\n\n<p>\u201cEssa polariza\u00e7\u00e3o n\u00e3o ajuda a sociedade como um todo a caminhar, desenvolver projetos que sejam favor\u00e1veis para a maioria das pessoas. O ecumenismo \u00e9 uma ferramenta, um instrumento que combate todo tipo de polariza\u00e7\u00e3o, e aqui n\u00e3o se trata de um relativismo da verdade, mas se trata de uma dimens\u00e3o de acolhida e de respeito. Acolhemos quem pensa diferente de n\u00f3s, respeitamos quem pensa diferente de n\u00f3s\u201d, salientou.<\/p>\n\n\n\n<p>O Papa Jo\u00e3o XXIII j\u00e1 ensinara a import\u00e2ncia de priorizar aqueles elementos que nos unem, e n\u00e3o aqueles que nos separam. \u201c\u00c9 um belo testemunho a Campanha da Fraternidade Ecum\u00eanica para as nossas comunidades eclesiais e para um Brasil polarizado que \u00e9 poss\u00edvel caminhar juntos, que o caminho da comunh\u00e3o, da sinodalidade, da unidade \u00e9 um sonho de Jesus, Ele pede isso na sua ora\u00e7\u00e3o sacerdotal, \u2018Pai, que todos sejam um\u2019, e hoje cada um, a seu modo, d\u00e1 a sua contribui\u00e7\u00e3o para esse projeto de unidade na Igreja\u201d, motivou.<\/p>\n\n\n\n<h3 class=\"wp-block-heading\">Cuidado dos mais pobres<\/h3>\n\n\n\n<p>A Campanha da Fraternidade tem em sua origem a busca de um instrumento do Evangelho para alcan\u00e7ar as pessoas mais pobres, uma iniciativa cuja raiz \u00e9 \u201colhar para aqueles irm\u00e3os e irm\u00e3s nossos que s\u00e3o mais vulner\u00e1veis na sociedade, que s\u00e3o frutos de uma cultura de descarte, de uma sociedade neoliberal, consumista\u201d.<\/p>\n\n\n\n<p>Diante dessa realidade, \u201ccomo colaboradores, difusores, irm\u00e3os e irm\u00e3s que sonhamos juntos a Campanha da Fraternidade, nunca podemos esquecer-nos dos mais pobres\u201d, enfatizou padre Lu\u00eds Fernando.<\/p>\n\n\n\n<p>A ideia de uma Igreja pobre para os pobres, uma Igreja em sa\u00edda, nesse sentido, n\u00e3o \u00e9 s\u00f3 uma prerrogativa da Igreja Cat\u00f3lica, \u201c\u00e9 uma prerrogativa de todas as comunidades crist\u00e3s cuidarmos dos mais pobres, sermos comunidade eclesial em sa\u00edda que vai ao encontro de quem mais precisa\u201d.<\/p>\n\n\n\n<p>Confira o Semin\u00e1rio da CFE 2021 na \u00edntegra.<\/p>\n\n\n\n<figure class=\"wp-block-embed-youtube wp-block-embed is-type-video is-provider-youtube wp-embed-aspect-16-9 wp-has-aspect-ratio\"><div class=\"wp-block-embed__wrapper\">\n<iframe loading=\"lazy\" width=\"500\" height=\"281\" src=\"https:\/\/www.youtube.com\/embed\/yAgt4zDJxsk?feature=oembed\" frameborder=\"0\" allow=\"accelerometer; autoplay; clipboard-write; encrypted-media; gyroscope; picture-in-picture\" allowfullscreen><\/iframe>\n<\/div><\/figure>\n","protected":false},"excerpt":{"rendered":"<p>r\u00eas indica\u00e7\u00f5es s\u00e3o muito importantes para a boa viv\u00eancia do esp\u00edrito da Campanha da Fraternidade Ecum\u00eanica (CFE) de 2021. Foi o que apontou o padre Lu\u00eds Fernando da Silva, do clero da diocese&#8230;<\/p>\n","protected":false},"author":2,"featured_media":15045,"comment_status":"open","ping_status":"open","sticky":false,"template":"","format":"standard","meta":[],"categories":[1],"tags":[],"_links":{"self":[{"href":"https:\/\/www.salvatorianas.org.br\/blog\/wp-json\/wp\/v2\/posts\/15043"}],"collection":[{"href":"https:\/\/www.salvatorianas.org.br\/blog\/wp-json\/wp\/v2\/posts"}],"about":[{"href":"https:\/\/www.salvatorianas.org.br\/blog\/wp-json\/wp\/v2\/types\/post"}],"author":[{"embeddable":true,"href":"https:\/\/www.salvatorianas.org.br\/blog\/wp-json\/wp\/v2\/users\/2"}],"replies":[{"embeddable":true,"href":"https:\/\/www.salvatorianas.org.br\/blog\/wp-json\/wp\/v2\/comments?post=15043"}],"version-history":[{"count":1,"href":"https:\/\/www.salvatorianas.org.br\/blog\/wp-json\/wp\/v2\/posts\/15043\/revisions"}],"predecessor-version":[{"id":15046,"href":"https:\/\/www.salvatorianas.org.br\/blog\/wp-json\/wp\/v2\/posts\/15043\/revisions\/15046"}],"wp:featuredmedia":[{"embeddable":true,"href":"https:\/\/www.salvatorianas.org.br\/blog\/wp-json\/wp\/v2\/media\/15045"}],"wp:attachment":[{"href":"https:\/\/www.salvatorianas.org.br\/blog\/wp-json\/wp\/v2\/media?parent=15043"}],"wp:term":[{"taxonomy":"category","embeddable":true,"href":"https:\/\/www.salvatorianas.org.br\/blog\/wp-json\/wp\/v2\/categories?post=15043"},{"taxonomy":"post_tag","embeddable":true,"href":"https:\/\/www.salvatorianas.org.br\/blog\/wp-json\/wp\/v2\/tags?post=15043"}],"curies":[{"name":"wp","href":"https:\/\/api.w.org\/{rel}","templated":true}]}}