{"id":1502,"date":"2015-11-27T00:00:00","date_gmt":"2015-11-27T00:00:00","guid":{"rendered":"https:\/\/www.salvatorianas.org.br\/blog\/acao-de-gracas-fecha-com-chave-de-ouro-as-comemoracoes-dos-65-anos-do-colegio-salvatoriano-bom-conselho\/"},"modified":"2015-11-27T00:00:00","modified_gmt":"2015-11-27T00:00:00","slug":"acao-de-gracas-fecha-com-chave-de-ouro-as-comemoracoes-dos-65-anos-do-colegio-salvatoriano-bom-conselho","status":"publish","type":"post","link":"https:\/\/www.salvatorianas.org.br\/blog\/acao-de-gracas-fecha-com-chave-de-ouro-as-comemoracoes-dos-65-anos-do-colegio-salvatoriano-bom-conselho\/","title":{"rendered":"A\u00e7\u00e3o de Gra\u00e7as fecha com chave de ouro as comemora\u00e7\u00f5es dos 65 Anos do Col\u00e9gio Salvatoriano Bom Conselho"},"content":{"rendered":"<p style=\"text-align: center;\">[imagem1]<\/p>\n<p style=\"text-align: center;\">&nbsp;<\/p>\n<p style=\"text-align: center;\"><strong><em>&ldquo;E a for&ccedil;a da paz junta todos outra vez&#8230;&rdquo;<\/em><\/strong><\/p>\n<p style=\"text-align: justify;\">Na &uacute;ltima quinta-feira, dia 26 de novembro, aconteceu a <strong>27&ordf; edi&ccedil;&atilde;o da A&ccedil;&atilde;o de Gra&ccedil;as do Col&eacute;gio Salvatoriano Bom Conselho<\/strong>. Com a presen&ccedil;a de um p&uacute;blico de mais de 2 mil pessoas e aproximadamente 500 alunos, o espet&aacute;culo realizado no palco do Gran Palazzo, foi um momento &uacute;nico de celebra&ccedil;&atilde;o e agradecimento pela vida.<\/p>\n<p style=\"text-align: justify;\">A abertura foi concedida pela diretora, Ir. Lourdes Oro, que agradeceu a presen&ccedil;a de pais, familiares, amigos, funcion&aacute;rios, professores, irm&atilde;s, destacando a dedica&ccedil;&atilde;o de todos os envolvidos nesse grande evento. A presidente do Instituto de Educa&ccedil;&atilde;o e Assist&ecirc;ncia Social &ndash; IEAS, Ir. Leonila Gubert, tamb&eacute;m se fez presente.<\/p>\n<p style=\"text-align: justify;\">A A&ccedil;&atilde;o de Gra&ccedil;as de 2015 teve como tema <strong>&ldquo;65 ANOS: UMA TRAJET&Oacute;RIA DE LUZ&rdquo;<\/strong>, em comemora&ccedil;&atilde;o aos 65 anos do Col&eacute;gio. Este foi mais um evento que celebrou a passagem de mais um ano de presen&ccedil;a do Col&eacute;gio Salvatoriano Bom Conselho em Passo Fundo.<\/p>\n<p style=\"text-align: justify;\">Os estudantes foram o centro da festa, e entre coreografias, dan&ccedil;as, encena&ccedil;&otilde;es, adere&ccedil;os e figurinos, deram um verdadeiro show de graciosidade e de recorda&ccedil;&otilde;es contando toda a hist&oacute;ria do Col&eacute;gio.<\/p>\n<p style=\"text-align: justify;\"><em>&ldquo;Estavam lindos, me emocionei o tempo inteiro, chorei demais, de solu&ccedil;ar mesmo. Quando falaram da turma de 1963, do magist&eacute;rio, turma que minha m&atilde;e estudou, tive que sair l&aacute; fora para chorar. Foi, pra mim, o melhor presente do mundo. Eu amo o Bom Conselho. Hoje tenho orgulho em ter minha neta estudando nesta escola&rdquo;<\/em>, disse emocionada, Tina Juliani Aguirre Barrili.<\/p>\n<p style=\"text-align: justify;\">Ap&oacute;s as apresenta&ccedil;&otilde;es de todas as turmas da tarde, dos alunos do teatro e tamb&eacute;m do turno da manh&atilde;, reuniram-se todos no palco, com velas de brinquedo e pisca-pisca para recepcionar a entrada dos reis magos, que com capas iluminadas de LED foram presentear o Menino Jesus.<\/p>\n<p style=\"text-align: justify;\">&ldquo;S&oacute; o amor muda o que j&aacute; se fez, e a for&ccedil;a da paz junta todos outra vez&#8230;&rdquo;. E reunidos novamente para celebrar a A&ccedil;&atilde;o de Gra&ccedil;as, foi ao som da m&uacute;sica <em>&ldquo;A Paz&rdquo;,<\/em> do grupo Roupa Nova, que todos cantaram, se emocionaram e agradeceram por mais um ano de vida.<\/p>\n<p style=\"text-align: justify;\">A entrada do evento &ndash; 1Kg de alimento n&atilde;o perec&iacute;vel &ndash; ser&aacute; destinada a fam&iacute;lias carentes que possuem algum familiar portador de necessidades especiais da Par&oacute;quia Sagrado Cora&ccedil;&atilde;o de Jesus. Assim que foi feita a contagem do que foi arrecadado, a Pastoral Escolar do Col&eacute;gio divulgar&aacute; esses n&uacute;meros.<\/p>\n<p style=\"text-align: center;\">&nbsp;<strong>BOM CONSELHO, EDUCANDO E PROMOVENDO A VIDA!<\/strong><\/p>\n<p style=\"text-align: justify;\">Colabora&ccedil;&atilde;o: Ir. Lourdes Oro<\/p>\n","protected":false},"excerpt":{"rendered":"<p>[imagem1] &nbsp; &ldquo;E a for&ccedil;a da paz junta todos outra vez&#8230;&rdquo; Na &uacute;ltima quinta-feira, dia 26 de novembro, aconteceu a 27&ordf; edi&ccedil;&atilde;o da A&ccedil;&atilde;o de Gra&ccedil;as do Col&eacute;gio Salvatoriano Bom Conselho. Com a&#8230;<\/p>\n","protected":false},"author":1,"featured_media":1592,"comment_status":"open","ping_status":"open","sticky":false,"template":"","format":"standard","meta":[],"categories":[1],"tags":[],"_links":{"self":[{"href":"https:\/\/www.salvatorianas.org.br\/blog\/wp-json\/wp\/v2\/posts\/1502"}],"collection":[{"href":"https:\/\/www.salvatorianas.org.br\/blog\/wp-json\/wp\/v2\/posts"}],"about":[{"href":"https:\/\/www.salvatorianas.org.br\/blog\/wp-json\/wp\/v2\/types\/post"}],"author":[{"embeddable":true,"href":"https:\/\/www.salvatorianas.org.br\/blog\/wp-json\/wp\/v2\/users\/1"}],"replies":[{"embeddable":true,"href":"https:\/\/www.salvatorianas.org.br\/blog\/wp-json\/wp\/v2\/comments?post=1502"}],"version-history":[{"count":0,"href":"https:\/\/www.salvatorianas.org.br\/blog\/wp-json\/wp\/v2\/posts\/1502\/revisions"}],"wp:featuredmedia":[{"embeddable":true,"href":"https:\/\/www.salvatorianas.org.br\/blog\/wp-json\/wp\/v2\/media\/1592"}],"wp:attachment":[{"href":"https:\/\/www.salvatorianas.org.br\/blog\/wp-json\/wp\/v2\/media?parent=1502"}],"wp:term":[{"taxonomy":"category","embeddable":true,"href":"https:\/\/www.salvatorianas.org.br\/blog\/wp-json\/wp\/v2\/categories?post=1502"},{"taxonomy":"post_tag","embeddable":true,"href":"https:\/\/www.salvatorianas.org.br\/blog\/wp-json\/wp\/v2\/tags?post=1502"}],"curies":[{"name":"wp","href":"https:\/\/api.w.org\/{rel}","templated":true}]}}