{"id":15014,"date":"2020-12-08T22:50:24","date_gmt":"2020-12-08T22:50:24","guid":{"rendered":"https:\/\/www.salvatorianas.org.br\/blog\/?p=15014"},"modified":"2020-12-09T22:52:52","modified_gmt":"2020-12-09T22:52:52","slug":"papa-convoca-o-ano-de-sao-jose","status":"publish","type":"post","link":"https:\/\/www.salvatorianas.org.br\/blog\/papa-convoca-o-ano-de-sao-jose\/","title":{"rendered":"Papa convoca o \u201cAno de S\u00e3o Jos\u00e9\u201d"},"content":{"rendered":"\n<p>O Papa Francisco instituiu o Ano de S\u00e3o Jos\u00e9 para celebrar os 150 anos em que o santo foi declarado padroeiro da Igreja Cat\u00f3lica. O an\u00fancio acontece com a publica\u00e7\u00e3o da carta apost\u00f3lica&nbsp;<em>Patris corde<\/em>, do Papa Francisco, nesta ter\u00e7a-feira, 8.<\/p>\n\n\n\n<p>O ano especial come\u00e7a hoje e segue at\u00e9 8 de dezembro de 2021. E, por ocasi\u00e3o desta celebra\u00e7\u00e3o, ser\u00e1 concedida a indulg\u00eancia plen\u00e1ria, cujo decreto tamb\u00e9m foi publicado hoje pela sala de imprensa da Santa S\u00e9, estando dispon\u00edvel em latim e italiano.<\/p>\n\n\n\n<h2 class=\"wp-block-heading\">Protagonismo sem paralelo<\/h2>\n\n\n\n<p>A Carta apost\u00f3lica traz os sinais da pandemia da Covid-19, que \u2013 escreve Francisco \u2013 nos fez compreender a import\u00e2ncia das pessoas comuns, aquelas que, distantes dos holofotes, exercitam todos os dias paci\u00eancia e infundem esperan\u00e7a, semeando corresponsabilidade. Justamente como S\u00e3o Jos\u00e9, \u201co homem que passa desapercebido, o homem da presen\u00e7a cotidiana discreta e escondida\u201d.<\/p>\n\n\n\n<p>E mesmo assim, o seu \u00e9 \u201cum protagonismo sem paralelo na hist\u00f3ria da salva\u00e7\u00e3o\u201d. Com efeito, S\u00e3o Jos\u00e9 expressou concretamente a sua paternidade ao ter convertido a sua voca\u00e7\u00e3o humana \u201cna obla\u00e7\u00e3o sobre-humana de si mesmo ao servi\u00e7o do Messias\u201d. E por isto ele \u201cfoi sempre muito amado pelo povo crist\u00e3o\u201d (1).<\/p>\n\n\n\n<p>Nele, \u201cJesus viu a ternura de Deus\u201d, que \u201cnos faz aceitar a nossa fraqueza\u201d, atrav\u00e9s da qual se realiza a maior parte dos des\u00edgnios divinos. Deus, de fato, \u201cn\u00e3o nos condena, mas nos acolhe, nos abra\u00e7a, nos ampara e nos perdoa\u201d (2). Jos\u00e9 \u00e9 pai tamb\u00e9m na obedi\u00eancia a Deus: com o seu \u2018fiat\u2019, salva Maria e Jesus e ensina a seu Filho a \u201cfazer a vontade do Pai\u201d, cooperando \u201cao grande mist\u00e9rio da Reden\u00e7\u00e3o\u201d (3).<\/p>\n\n\n\n<h2 class=\"wp-block-heading\">Exemplo para os homens de hoje<\/h2>\n\n\n\n<p>Ao mesmo tempo, Jos\u00e9 \u00e9 \u201cpai no acolhimento\u201d, porque \u201cacolhe Maria sem colocar condi\u00e7\u00f5es pr\u00e9vias\u201d, um gesto importante ainda hoje \u2013 afirma Francisco \u2013 \u201cneste mundo onde \u00e9 patente a viol\u00eancia psicol\u00f3gica, verbal e f\u00edsica contra a mulher\u201d. Mas o Esposo de Maria \u00e9 tamb\u00e9m aquele que, confiante no Senhor, acolhe na sua vida os acontecimentos que n\u00e3o compreende com um protagonismo \u201ccorajoso e forte\u201d, que deriva \u201cda fortaleza que nos vem do Esp\u00edrito Santo\u201d.<\/p>\n\n\n\n<p>Atrav\u00e9s de S\u00e3o Jos\u00e9, \u00e9 como se Deus nos repetisse: \u201cN\u00e3o tenhais medo!\u201d, porque \u201ca f\u00e9 d\u00e1 significado a todos os acontecimentos, sejam eles felizes ou tristes\u201d. O acolhimento praticado pelo pai de Jesus \u201cconvida-nos a receber os outros, sem exclus\u00f5es, tal como s\u00e3o\u201d, com \u201cuma predile\u00e7\u00e3o especial pelos mais fr\u00e1geis\u201d (4).<\/p>\n\n\n\n<p>\u201cPatris corde\u201d evidencia, ainda, \u201ca coragem criativa\u201d de S\u00e3o Jos\u00e9, \u201co qual sabe transformar um problema numa oportunidade, antepondo sempre a sua confian\u00e7a na Provid\u00eancia\u201d. Ele enfrenta os \u201cproblemas concretos\u201d da sua Fam\u00edlia, exatamente como fazem as outras fam\u00edlias do mundo, em especial aquelas migrantes. Protetor de Jesus e de Maria, Jos\u00e9 \u201cn\u00e3o pode deixar de ser o Guardi\u00e3o da Igreja\u201d, da sua maternidade e do Corpo de Cristo: todo necessitado \u00e9 \u201co Menino\u201d que Jos\u00e9 continua a guardar e de quem se pode aprender a \u201camar a Igreja e os pobres i\u201d (5).<\/p>\n\n\n\n<h2 class=\"wp-block-heading\">A dignidade do trabalho<\/h2>\n\n\n\n<p>Honesto carpinteiro, o Esposo de Maria nos ensina tamb\u00e9m \u201co valor, a dignidade e a alegria\u201d de \u201ccomer o p\u00e3o fruto do pr\u00f3prio trabalho\u201d. Esta acep\u00e7\u00e3o do pai de Jesus oferece ao Papa a ocasi\u00e3o para lan\u00e7ar um apelo a favor do trabalho, que se tornou uma &nbsp;\u201curgente quest\u00e3o social\u201d at\u00e9 mesmo nos pa\u00edses com certo n\u00edvel de bem-estar.<\/p>\n\n\n\n<p>\u201c\u00c9 necess\u00e1rio tomar renovada consci\u00eancia do significado do trabalho que dignifica\u201d, escreve Francisco, que \u201ctorna-se participa\u00e7\u00e3o na pr\u00f3pria obra da salva\u00e7\u00e3o\u201d e \u201coportunidade de realiza\u00e7\u00e3o\u201d para si mesmos e para a pr\u00f3pria fam\u00edlia, \u201cn\u00facleo origin\u00e1rio da sociedade\u201d. Eis ent\u00e3o a exorta\u00e7\u00e3o que o Pont\u00edfice faz a todos para \u201credescobrir o valor, a import\u00e2ncia e a necessidade do trabalho\u201d, para \u201cdar origem a uma nova \u00abnormalidade\u00bb, em que ningu\u00e9m seja exclu\u00eddo\u201d. Em especial, diante do agravar-se do desemprego por causa da pandemia da Covid-19, o Papa pede a todos que se empenhem para que se possa dizer: \u201dNenhum jovem, nenhuma pessoa, nenhuma fam\u00edlia sem trabalho!\u201d (6).<\/p>\n\n\n\n<h2 class=\"wp-block-heading\">\u201cN\u00e3o se nasce pai, torna-se tal\u201d<\/h2>\n\n\n\n<p>\u201cN\u00e3o se nasce pai, torna-se tal\u201d, afirma ainda Francisco, porque \u201cse cuida responsavelmente\u201d de um filho assumindo a responsabilidade pela sua vida. Infelizmente, na sociedade atual, \u201cmuitas vezes os filhos parecem ser \u00f3rf\u00e3os de pai\u201d que sejam capazes de \u201cintroduzir o filho na experi\u00eancia da vida\u201d, sem &nbsp;prend\u00ea-lo \u201cnem subjug\u00e1-lo\u201d, mas tornando-o \u201ccapaz de op\u00e7\u00f5es, de liberdade, de partir\u201d.<\/p>\n\n\n\n<p>Neste sentido, Jos\u00e9 recebeu o apelativo de \u201ccast\u00edssimo\u201d, que \u00e9 \u201co contr\u00e1rio da posse\u201d: ele, com efeito, \u201csoube amar de maneira extraordinariamente livre\u201d, \u201csoube descentralizar-se\u201d para colocar no centro da sua vida Jesus e Maria. A sua felicidade est\u00e1 no \u201cdom de si mesmo\u201d: nunca frustrado e sempre confiante, Jos\u00e9 permanece em sil\u00eancio, sem lamenta\u00e7\u00f5es, mas realizando \u201cgestos concretos de confian\u00e7a\u201d. A sua figura, portanto, \u00e9 exemplar, evidencia o Papa, num mundo que \u201cprecisa de pais e rejeita os dominadores\u201d, rejeita quem confunde \u201cautoridade com autoritarismo, servi\u00e7o com servilismo, confronto com opress\u00e3o, caridade com assistencialismo, for\u00e7a com destrui\u00e7\u00e3o\u201d.<\/p>\n\n\n\n<p>Na d\u00e9cima nota, \u201cPatris corde\u201d revela tamb\u00e9m um h\u00e1bito da vida de Francisco: todos os dias, o Pont\u00edfice reza uma ora\u00e7\u00e3o ao Esposo de Maria \u201ctirada dum livro franc\u00eas de devo\u00e7\u00f5es, do s\u00e9culo XIX, da Congrega\u00e7\u00e3o das Religiosas de Jesus e Maria\u201d. Trata-se de uma ora\u00e7\u00e3o que \u201cexpressa devo\u00e7\u00e3o e confian\u00e7a\u201d a S\u00e3o Jos\u00e9, mas tamb\u00e9m \u201ccerto desafio\u201d, explica o Papa, porque se conclui com estas palavras: \u201cQue n\u00e3o se diga que eu Vos invoquei em v\u00e3o, e dado que tudo podeis junto de Jesus e Maria, mostrai-me que a vossa bondade \u00e9 t\u00e3o grande como o vosso poder\u201d. A Carta apost\u00f3lica \u201cPatris corde\u201d \u00e9 acompanhada da publica\u00e7\u00e3o do Decreto da Penitenciaria Apost\u00f3lica, que anuncia o \u201cAno de S\u00e3o Jos\u00e9\u201d especial convocado pelo Papa e a relativa concess\u00e3o do \u201cdom de Indulg\u00eancias especiais\u201d.<\/p>\n","protected":false},"excerpt":{"rendered":"<p>O Papa Francisco instituiu o Ano de S\u00e3o Jos\u00e9 para celebrar os 150 anos em que o santo foi declarado padroeiro da Igreja Cat\u00f3lica. O an\u00fancio acontece com a publica\u00e7\u00e3o da carta apost\u00f3lica&nbsp;Patris&#8230;<\/p>\n","protected":false},"author":2,"featured_media":15015,"comment_status":"open","ping_status":"open","sticky":false,"template":"","format":"standard","meta":[],"categories":[1],"tags":[],"_links":{"self":[{"href":"https:\/\/www.salvatorianas.org.br\/blog\/wp-json\/wp\/v2\/posts\/15014"}],"collection":[{"href":"https:\/\/www.salvatorianas.org.br\/blog\/wp-json\/wp\/v2\/posts"}],"about":[{"href":"https:\/\/www.salvatorianas.org.br\/blog\/wp-json\/wp\/v2\/types\/post"}],"author":[{"embeddable":true,"href":"https:\/\/www.salvatorianas.org.br\/blog\/wp-json\/wp\/v2\/users\/2"}],"replies":[{"embeddable":true,"href":"https:\/\/www.salvatorianas.org.br\/blog\/wp-json\/wp\/v2\/comments?post=15014"}],"version-history":[{"count":1,"href":"https:\/\/www.salvatorianas.org.br\/blog\/wp-json\/wp\/v2\/posts\/15014\/revisions"}],"predecessor-version":[{"id":15016,"href":"https:\/\/www.salvatorianas.org.br\/blog\/wp-json\/wp\/v2\/posts\/15014\/revisions\/15016"}],"wp:featuredmedia":[{"embeddable":true,"href":"https:\/\/www.salvatorianas.org.br\/blog\/wp-json\/wp\/v2\/media\/15015"}],"wp:attachment":[{"href":"https:\/\/www.salvatorianas.org.br\/blog\/wp-json\/wp\/v2\/media?parent=15014"}],"wp:term":[{"taxonomy":"category","embeddable":true,"href":"https:\/\/www.salvatorianas.org.br\/blog\/wp-json\/wp\/v2\/categories?post=15014"},{"taxonomy":"post_tag","embeddable":true,"href":"https:\/\/www.salvatorianas.org.br\/blog\/wp-json\/wp\/v2\/tags?post=15014"}],"curies":[{"name":"wp","href":"https:\/\/api.w.org\/{rel}","templated":true}]}}