{"id":14981,"date":"2020-12-03T11:35:39","date_gmt":"2020-12-03T11:35:39","guid":{"rendered":"https:\/\/www.salvatorianas.org.br\/blog\/?p=14981"},"modified":"2020-12-03T11:35:41","modified_gmt":"2020-12-03T11:35:41","slug":"oracao-jovens-e-as-midias-sociais","status":"publish","type":"post","link":"https:\/\/www.salvatorianas.org.br\/blog\/oracao-jovens-e-as-midias-sociais\/","title":{"rendered":"ORA\u00c7\u00c3O &#8211; JOVENS E AS M\u00cdDIAS SOCIAIS"},"content":{"rendered":"\n<p><strong>\u201cComunica-te, diariamente, durante algumas horas ao bom Deus.\u201d<\/strong> (Padre Jordan)<\/p>\n\n\n\n<p> Hoje \u00e9 o dia que a Fam\u00edlia Salvatoriana e comunidades se unem para juntos rezar as diferentes realidades juvenis. Nesta primeira quinta-feira (03) do m\u00eas de dezembro, as Comunidades Salvatorianas s\u00e3o convidadas a fazer comunh\u00e3o orante com os jovens e as m\u00eddias sociais.<\/p>\n\n\n\n<p>Sabemos que o mundo est\u00e1 cada vez mais digital. E as novas ferramentas tecnol\u00f3gicas permitiram aos indiv\u00edduos, diferentes formas de se relacionar, interagir, comunicar, trabalhar, divertir, compartilhar interesses e ideias\u2026 As pessoas est\u00e3o conectadas o tempo todo, por meio das m\u00eddias e aplicativos, tornando os meios digitais algo indispens\u00e1vel para a sociedade contempor\u00e2nea. A Igreja compreende que a Rede e os espa\u00e7os digitais n\u00e3o s\u00e3o um \u2018meio\u2019 de evangeliza\u00e7\u00e3o, mas um \u2018lugar\u2019 de evangeliza\u00e7\u00e3o, um espa\u00e7o de experi\u00eancia e an\u00fancio do Reino de Deus. Portanto, \u00e9 um desafio constante para a Igreja criar e recriar as possibilidades de evangeliza\u00e7\u00e3o no \u2018continente digital\u2019, com cuidado para n\u00e3o deturpar a mensagem do Evangelho.<\/p>\n\n\n\n<p><br>Muitos dos jovens nasceram imersos neste mundo de novas tecnologias, eles s\u00e3o chamados de \u201cnativos digitais\u201d e, por isso podem contribuir e conduzir a Igreja neste caminho da evangeliza\u00e7\u00e3o no ambiente virtual, ofertando os seus dons a servi\u00e7o da Igreja, do pr\u00f3ximo, de uma sociedade mais justa, solid\u00e1ria e fraterna. Na Mensagem para o XLIII Dia Mundial das Comunica\u00e7\u00f5es, Bento XVI fez um apelo aos jovens de hoje dirigindo as seguintes palavras: \u201cQueridos jovens, senti-vos comprometidos a introduzir na cultura deste novo ambiente comunicador e informativo os valores sobre os quais assenta a vossa vida! A v\u00f3s, jovens, que vos encontrais quase espontaneamente em sintonia com estes novos meios de comunica\u00e7\u00e3o, compete de modo particular a tarefa da evangeliza\u00e7\u00e3o deste \u201ccontinente digital\u201d. Nesse sentido, a presen\u00e7a e atua\u00e7\u00e3o da Igreja no ambiente virtual, n\u00e3o pode ser vazia de sentido e de uma experi\u00eancia transbordante de espiritualidade.<\/p>\n\n\n\n<p><br> Na Exorta\u00e7\u00e3o Apost\u00f3lica P\u00f3s-sinodal \u201cChristus Vivit\u201d, o Papa Francisco afirmou que \u201cA internet e as redes sociais geraram uma nova maneira de comunicar e criar v\u00ednculos, sendo uma \u201cpra\u00e7a\u201d onde os jovens passam muito tempo e se encontram facilmente, embora nem todos tenham acesso igual\u2026 Em todo o caso, constituem uma oportunidade extraordin\u00e1ria de di\u00e1logo, encontro e interc\u00e2mbio entre as pessoas, bem como de acesso \u00e0 informa\u00e7\u00e3o e ao saber\u2026 Em muitos pa\u00edses, a web e as redes sociais j\u00e1 constituem um lugar indispens\u00e1vel para se alcan\u00e7ar e envolver os jovens nas pr\u00f3prias iniciativas e atividades pastorais\u201d (CV, N.87). Desta forma, a Igreja afirma o protagonismo da juventude e a import\u00e2ncia de todos os jovens estarem e permanecerem no cora\u00e7\u00e3o da Igreja, como est\u00e3o no cora\u00e7\u00e3o de Deus, para assim serem mission\u00e1rios e evangelizadores do \u2018continente digital\u2019 onde habitam.<\/p>\n\n\n\n<p><br> Embora a cultura digital apresente in\u00fameras possibilidades, no documento P\u00f3s-sinodal o Pont\u00edfice aponta alguns limites e riscos dos meios de comunica\u00e7\u00e3o digitais como o \u201crisco de depend\u00eancia, isolamento e perda progressiva de contato com a realidade concreta, dificultando o desenvolvimento de rela\u00e7\u00f5es interpessoais aut\u00eanticas. Difundem-se novas formas de viol\u00eancia atrav\u00e9s das redes sociais, como o <em>cyberbullying<\/em>; a web \u00e9 tamb\u00e9m um canal de difus\u00e3o da pornografia e de explora\u00e7\u00e3o de pessoas para fins sexuais\u201d (CV, N.88).<\/p>\n\n\n\n<p><br> Diante disso, fica o desafio de corrigir esses problemas e refletir e mudar as nossas pr\u00e1ticas no uso das tecnologias digitais, auxiliando as novas gera\u00e7\u00f5es na constru\u00e7\u00e3o de uma rotina mais saud\u00e1vel, oferecendo forma\u00e7\u00e3o de como viver suas vidas na era digital, com discernimento cr\u00edtico. Para assim, continuar usufruindo das oportunidades e benef\u00edcios que ela proporciona. Neste tempo de pandemia, a internet e as m\u00eddias sociais ocasionaram ganhos para grande parte da popula\u00e7\u00e3o e institui\u00e7\u00f5es. Podemos destacar as aulas on-line, trabalho home office, o divertimento e socializa\u00e7\u00e3o com amigos, promo\u00e7\u00e3o do conhecimento com as lives, cursos, videoconfer\u00eancia, cultivo da espiritualidade com as missas transmitidas ao vivo, retiro e orienta\u00e7\u00e3o espiritual e tantas outras iniciativas. Contudo, a pandemia escancarou a desigualdade do acesso \u00e0 internet, especialmente entre os mais pobres, bem como as condi\u00e7\u00f5es desiguais no acesso \u00e0s aulas remotas. Este \u00e9 o tempo de eliminar as desigualdades, diminuir abismos e combater o \u2018v\u00edrus do ego\u00edsmo indiferente\u2019 para cuidar da Vida das juventudes como miss\u00e3o.<\/p>\n\n\n\n<p><strong>Vamos juntos rezar pelos nossos jovens:<\/strong><\/p>\n\n\n\n<p>\n\nConfira tamb\u00e9m outras ora\u00e7\u00f5es pelas Juventudes \u2013&nbsp;<\/p>\n\n\n\n<p> <\/p>\n","protected":false},"excerpt":{"rendered":"<p>\u201cComunica-te, diariamente, durante algumas horas ao bom Deus.\u201d (Padre Jordan) Hoje \u00e9 o dia que a Fam\u00edlia Salvatoriana e comunidades se unem para juntos rezar as diferentes realidades juvenis. Nesta primeira quinta-feira (03)&#8230;<\/p>\n","protected":false},"author":2,"featured_media":14983,"comment_status":"open","ping_status":"open","sticky":false,"template":"","format":"standard","meta":[],"categories":[1,39],"tags":[],"_links":{"self":[{"href":"https:\/\/www.salvatorianas.org.br\/blog\/wp-json\/wp\/v2\/posts\/14981"}],"collection":[{"href":"https:\/\/www.salvatorianas.org.br\/blog\/wp-json\/wp\/v2\/posts"}],"about":[{"href":"https:\/\/www.salvatorianas.org.br\/blog\/wp-json\/wp\/v2\/types\/post"}],"author":[{"embeddable":true,"href":"https:\/\/www.salvatorianas.org.br\/blog\/wp-json\/wp\/v2\/users\/2"}],"replies":[{"embeddable":true,"href":"https:\/\/www.salvatorianas.org.br\/blog\/wp-json\/wp\/v2\/comments?post=14981"}],"version-history":[{"count":1,"href":"https:\/\/www.salvatorianas.org.br\/blog\/wp-json\/wp\/v2\/posts\/14981\/revisions"}],"predecessor-version":[{"id":14984,"href":"https:\/\/www.salvatorianas.org.br\/blog\/wp-json\/wp\/v2\/posts\/14981\/revisions\/14984"}],"wp:featuredmedia":[{"embeddable":true,"href":"https:\/\/www.salvatorianas.org.br\/blog\/wp-json\/wp\/v2\/media\/14983"}],"wp:attachment":[{"href":"https:\/\/www.salvatorianas.org.br\/blog\/wp-json\/wp\/v2\/media?parent=14981"}],"wp:term":[{"taxonomy":"category","embeddable":true,"href":"https:\/\/www.salvatorianas.org.br\/blog\/wp-json\/wp\/v2\/categories?post=14981"},{"taxonomy":"post_tag","embeddable":true,"href":"https:\/\/www.salvatorianas.org.br\/blog\/wp-json\/wp\/v2\/tags?post=14981"}],"curies":[{"name":"wp","href":"https:\/\/api.w.org\/{rel}","templated":true}]}}