{"id":14978,"date":"2020-12-02T11:23:23","date_gmt":"2020-12-02T11:23:23","guid":{"rendered":"https:\/\/www.salvatorianas.org.br\/blog\/?p=14978"},"modified":"2020-12-03T11:26:04","modified_gmt":"2020-12-03T11:26:04","slug":"vaticano-lanca-site-dedicado-a-enciclica-fratelli-tutti-sobre-a-fraternidade-e-a-amizade-social","status":"publish","type":"post","link":"https:\/\/www.salvatorianas.org.br\/blog\/vaticano-lanca-site-dedicado-a-enciclica-fratelli-tutti-sobre-a-fraternidade-e-a-amizade-social\/","title":{"rendered":"VATICANO LAN\u00c7A SITE DEDICADO \u00c0 ENC\u00cdCLICA \u201cFRATELLI TUTTI\u201d SOBRE A FRATERNIDADE E A AMIZADE SOCIAL"},"content":{"rendered":"\n<p>O Dicast\u00e9rio para o Servi\u00e7o do Desenvolvimento Humano Integral do Vaticano lan\u00e7ou um site dedicado \u00e0 \u00faltima enc\u00edclica do Papa Francisco \u2018Fratelli Tutti\u2019, sobre a fraternidade e a amizade social, lan\u00e7ada em 4 de outubro de 2020.<\/p>\n\n\n\n<p>O site tem como objetivo divulgar a mensagem de amizade e fraternidade humana, em tr\u00eas l\u00ednguas e com atualiza\u00e7\u00f5es constantes. A p\u00e1gina entrou no ar nesta ter\u00e7a-feira, 1\u00ba de dezembro e pode ser acessada atrav\u00e9s do link\u00a0<a href=\"http:\/\/www.fratellitutti.va\/\" target=\"_blank\" rel=\"noreferrer noopener\" aria-label=\" (abre em uma nova aba)\">www.fratellitutti.va<\/a><\/p>\n\n\n\n<p>De acordo com o Dicast\u00e9rio, o site \u00e9 um espa\u00e7o interativo uma vez que, atrav\u00e9s do espa\u00e7o \u2018Iniciativas\u2019, todas as contribui\u00e7\u00f5es que igrejas, comunidades e indiv\u00edduos queiram divulgar ser\u00e3o recebidas e compartilhadas para colocar em pr\u00e1tica a mensagem contida na Enc\u00edclica.<\/p>\n\n\n\n<p>Apesar da p\u00e1gina estar dispon\u00edvel, por enquanto, em tr\u00eas idiomas \u2013 italiano, espanhol e ingl\u00eas \u2013 ela possui diversos recursos tamb\u00e9m em outros idiomas, entre eles franc\u00eas, portugu\u00eas, \u00e1rabe e chin\u00eas.<\/p>\n\n\n\n<p>Em rela\u00e7\u00e3o a conte\u00fado, o site traz uma introdu\u00e7\u00e3o sobre a enc\u00edclica e o documento para download em diversos idiomas, reflex\u00f5es com coment\u00e1rios e an\u00e1lises, not\u00edcias e recursos como infogr\u00e1ficos e materiais de aprofundamento.<\/p>\n\n\n\n<p>Acesse o site:<\/p>\n\n\n\n<p><strong><a href=\"http:\/\/www.humandevelopment.va\/en\/fratelli-tutti.html\" target=\"_blank\" rel=\"noreferrer noopener\" aria-label=\" (abre em uma nova aba)\">www.fratellitutti.va<\/a><\/strong><\/p>\n\n\n\n<p>Acesse o v\u00eddeo de apresenta\u00e7\u00e3o da Enc\u00edclica:<\/p>\n\n\n\n<figure class=\"wp-block-image\"><img decoding=\"async\" src=\"https:\/\/i.ytimg.com\/vi\/pFTTk5Vo-0Q\/hqdefault.jpg\" alt=\"\"\/><\/figure>\n\n\n\n<h2 class=\"wp-block-heading\"><\/h2>\n\n\n\n<p>Fonte: CNBB<\/p>\n","protected":false},"excerpt":{"rendered":"<p>O Dicast\u00e9rio para o Servi\u00e7o do Desenvolvimento Humano Integral do Vaticano lan\u00e7ou um site dedicado \u00e0 \u00faltima enc\u00edclica do Papa Francisco \u2018Fratelli Tutti\u2019, sobre a fraternidade e a amizade social, lan\u00e7ada em 4&#8230;<\/p>\n","protected":false},"author":2,"featured_media":14979,"comment_status":"open","ping_status":"open","sticky":false,"template":"","format":"standard","meta":[],"categories":[1],"tags":[],"_links":{"self":[{"href":"https:\/\/www.salvatorianas.org.br\/blog\/wp-json\/wp\/v2\/posts\/14978"}],"collection":[{"href":"https:\/\/www.salvatorianas.org.br\/blog\/wp-json\/wp\/v2\/posts"}],"about":[{"href":"https:\/\/www.salvatorianas.org.br\/blog\/wp-json\/wp\/v2\/types\/post"}],"author":[{"embeddable":true,"href":"https:\/\/www.salvatorianas.org.br\/blog\/wp-json\/wp\/v2\/users\/2"}],"replies":[{"embeddable":true,"href":"https:\/\/www.salvatorianas.org.br\/blog\/wp-json\/wp\/v2\/comments?post=14978"}],"version-history":[{"count":1,"href":"https:\/\/www.salvatorianas.org.br\/blog\/wp-json\/wp\/v2\/posts\/14978\/revisions"}],"predecessor-version":[{"id":14980,"href":"https:\/\/www.salvatorianas.org.br\/blog\/wp-json\/wp\/v2\/posts\/14978\/revisions\/14980"}],"wp:featuredmedia":[{"embeddable":true,"href":"https:\/\/www.salvatorianas.org.br\/blog\/wp-json\/wp\/v2\/media\/14979"}],"wp:attachment":[{"href":"https:\/\/www.salvatorianas.org.br\/blog\/wp-json\/wp\/v2\/media?parent=14978"}],"wp:term":[{"taxonomy":"category","embeddable":true,"href":"https:\/\/www.salvatorianas.org.br\/blog\/wp-json\/wp\/v2\/categories?post=14978"},{"taxonomy":"post_tag","embeddable":true,"href":"https:\/\/www.salvatorianas.org.br\/blog\/wp-json\/wp\/v2\/tags?post=14978"}],"curies":[{"name":"wp","href":"https:\/\/api.w.org\/{rel}","templated":true}]}}