{"id":14959,"date":"2020-11-28T23:24:08","date_gmt":"2020-11-28T23:24:08","guid":{"rendered":"https:\/\/www.salvatorianas.org.br\/blog\/?p=14959"},"modified":"2020-11-28T23:24:09","modified_gmt":"2020-11-28T23:24:09","slug":"encontro-continental-africano","status":"publish","type":"post","link":"https:\/\/www.salvatorianas.org.br\/blog\/encontro-continental-africano\/","title":{"rendered":"Encontro continental africano"},"content":{"rendered":"\n<p>Nos dias 26 a 28 de novembro de 2020, aconteceu o encontro continental africano com o tema <strong>\u201c<\/strong><em><strong>Padre Jordan al\u00e9m das fronteiras\u201d<\/strong>. <\/em>A reuni\u00e3o foi organizado e dinamizado pela Equipe de Coordena\u00e7\u00e3o Geral da Congrega\u00e7\u00e3o das Irm\u00e3s do divino Salvador &#8211; Salvatorianas. Participaram 26 irm\u00e3s das unidades da \u00c1frica: Mo\u00e7ambique, Congo, Tanz\u00e2nia e do Brasil &#8211; Prov\u00edncia Santa Catarina. O encontro teve como objetivo aprofundar a dimens\u00e3o intercultural, avaliar os projetos assumidos em colabora\u00e7\u00e3o continental no encontro que aconteceu em 2017 e refletir sobre outras possibilidades de colabora\u00e7\u00e3o.<\/p>\n\n\n\n<p>Os\ndesafios da geografia e da tecnologia, n\u00e3o impediram a realiza\u00e7\u00e3o do encontro.\nForam momentos fortes de partilha das nossas reflex\u00f5es, insights, sonhos e\nformas de crescer apostolicamente como continente e aprofundar a compreens\u00e3o de\nnossas diferen\u00e7as culturais. <\/p>\n\n\n\n<p>Bendizemos\na Deus por mais esse acontecimento salvatoriano. Conclu\u00edmos o encontro com o\ncora\u00e7\u00e3o repleto de gratid\u00e3o por termos assumido a abertura de mais um espa\u00e7o de\nmiss\u00e3o como continente, em Dundo na Angola. Com Padre Jordan cantemos: <em>\u201cN\u00e3o sossegueis, n\u00e3o descansei at\u00e9 que\ntodos, conhe\u00e7am ama e serviam a Jesus! N\u00e3o sossegueis, n\u00e3o descanseis, at\u00e9 que\ntodos conhe\u00e7am o Salvador!<\/em><\/p>\n","protected":false},"excerpt":{"rendered":"<p>Nos dias 26 a 28 de novembro de 2020, aconteceu o encontro continental africano com o tema \u201cPadre Jordan al\u00e9m das fronteiras\u201d. A reuni\u00e3o foi organizado e dinamizado pela Equipe de Coordena\u00e7\u00e3o Geral&#8230;<\/p>\n","protected":false},"author":2,"featured_media":14960,"comment_status":"open","ping_status":"open","sticky":false,"template":"","format":"standard","meta":[],"categories":[1],"tags":[],"_links":{"self":[{"href":"https:\/\/www.salvatorianas.org.br\/blog\/wp-json\/wp\/v2\/posts\/14959"}],"collection":[{"href":"https:\/\/www.salvatorianas.org.br\/blog\/wp-json\/wp\/v2\/posts"}],"about":[{"href":"https:\/\/www.salvatorianas.org.br\/blog\/wp-json\/wp\/v2\/types\/post"}],"author":[{"embeddable":true,"href":"https:\/\/www.salvatorianas.org.br\/blog\/wp-json\/wp\/v2\/users\/2"}],"replies":[{"embeddable":true,"href":"https:\/\/www.salvatorianas.org.br\/blog\/wp-json\/wp\/v2\/comments?post=14959"}],"version-history":[{"count":1,"href":"https:\/\/www.salvatorianas.org.br\/blog\/wp-json\/wp\/v2\/posts\/14959\/revisions"}],"predecessor-version":[{"id":14961,"href":"https:\/\/www.salvatorianas.org.br\/blog\/wp-json\/wp\/v2\/posts\/14959\/revisions\/14961"}],"wp:featuredmedia":[{"embeddable":true,"href":"https:\/\/www.salvatorianas.org.br\/blog\/wp-json\/wp\/v2\/media\/14960"}],"wp:attachment":[{"href":"https:\/\/www.salvatorianas.org.br\/blog\/wp-json\/wp\/v2\/media?parent=14959"}],"wp:term":[{"taxonomy":"category","embeddable":true,"href":"https:\/\/www.salvatorianas.org.br\/blog\/wp-json\/wp\/v2\/categories?post=14959"},{"taxonomy":"post_tag","embeddable":true,"href":"https:\/\/www.salvatorianas.org.br\/blog\/wp-json\/wp\/v2\/tags?post=14959"}],"curies":[{"name":"wp","href":"https:\/\/api.w.org\/{rel}","templated":true}]}}