{"id":14951,"date":"2020-11-28T15:17:21","date_gmt":"2020-11-28T15:17:21","guid":{"rendered":"https:\/\/www.salvatorianas.org.br\/blog\/?p=14951"},"modified":"2020-11-28T16:28:51","modified_gmt":"2020-11-28T16:28:51","slug":"papa-francisco-envia-carta-ao-colegio-salvatoriano-bom-conselho","status":"publish","type":"post","link":"https:\/\/www.salvatorianas.org.br\/blog\/papa-francisco-envia-carta-ao-colegio-salvatoriano-bom-conselho\/","title":{"rendered":"Papa Francisco envia carta ao Col\u00e9gio Salvatoriano Bom Conselho"},"content":{"rendered":"\n<p>Papa Francisco envia carta ao Col\u00e9gio Salvatoriano Bom Conselho por ocasi\u00e3o dos 70 anos de miss\u00e3o educativa e pela <a href=\"https:\/\/www.redesalvatoriana.org.br\/bomconselho\/blog\/2020\/11\/27\/acao-de-gracas\/\" target=\"_blank\" rel=\"noreferrer noopener\" aria-label=\"32\u00aa edi\u00e7\u00e3o de A\u00e7\u00e3o de Gra\u00e7as (abre em uma nova aba)\">32\u00aa edi\u00e7\u00e3o de A\u00e7\u00e3o de Gra\u00e7as<\/a>. Este gesto al\u00e9m de surpreender, teve um significado especial e particular na vida dos Estudantes, Educadores,&nbsp; Fam\u00edlias, Comunidade e Irm\u00e3s Salvatorianas.<\/p>\n\n\n\n<p>O Santo Padre inicia a sua carta exprimindo a sua alegria em\nse unir \u00e0s celebra\u00e7\u00f5es de 70 anos de atividade pastoral realizada pelo Col\u00e9gio.\nFrancisco em seguida recorda a miss\u00e3o da Irm\u00e3s Salvatorianas de \u201ctornar Jesus\nCristo conhecido e amado por todos, atrav\u00e9s de todos os modos e meios que a\ncaridade inspirar\u201d. <\/p>\n\n\n\n<p>\u201cAnimo \u00e0s religiosas e educadores a prosseguirem com renovado esp\u00edrito e entusiasmo, a tarefa pedag\u00f3gica realizada, infundindo nos alunos s\u00f3lidos princ\u00edpios crist\u00e3os e humanos que contribuam para a sua forma\u00e7\u00e3o espiritual, social e cultural\u201d, destaca na sua mensagem.<\/p>\n\n\n\n<p>O Santo Padre ao falar dos desafios impostos pela atual\npandemia, salienta que \u201c a Escola Cat\u00f3lica, mais do que nunca, deve ser uma\nsementeira de esperan\u00e7a e solidariedade na sociedade\u201d.&nbsp; Na carta frisou a import\u00e2ncia do Col\u00e9gio ser\num espa\u00e7o para a \u201cpromo\u00e7\u00e3o da \u2018cultura do encontro\u2019,&nbsp; priorizando a necessidade urgente de \u2018criar\nrede\u2019 e a op\u00e7\u00e3o pelos \u00faltimos, por aqueles que a sociedade descarta e\nabonadona; e tamb\u00e9m a capacidade de integrar os saberes da cabe\u00e7a, do cora\u00e7\u00e3o e\ndas m\u00e3os\u201d &nbsp;&nbsp;(Exort. Apost. Christus vivit, n. 222).<\/p>\n\n\n\n<p>Francisco encerra a sua carta concedendo sua B\u00ean\u00e7\u00e3o Apost\u00f3lica \u00e0 dire\u00e7\u00e3o, professores, alunos, ex-alunos, pais e a todos os participantes das celebra\u00e7\u00f5es jubilares, pedindo que, por favor, n\u00e3o deixem de rezar por ele. A carta, que tem a data de 21 de novembro, foi lida na \u00a0noite de quinta-feira (26\/11) na 32\u00aa edi\u00e7\u00e3o de A\u00e7\u00e3o de Gra\u00e7as do Col\u00e9gio Salvatoriano Bom Conselho.<\/p>\n\n\n\n<p><strong>Leia na \u00edntegra a carta do Papa Francisco:<\/strong><\/p>\n\n\n\n<figure class=\"wp-block-image\"><img decoding=\"async\" loading=\"lazy\" width=\"724\" height=\"1024\" src=\"https:\/\/www.salvatorianas.org.br\/blog\/wp-content\/uploads\/2020\/11\/MESSAGGIO-PAPA_page-0001-724x1024.jpg\" alt=\"\" class=\"wp-image-14952\" srcset=\"https:\/\/www.salvatorianas.org.br\/blog\/wp-content\/uploads\/2020\/11\/MESSAGGIO-PAPA_page-0001-724x1024.jpg 724w, https:\/\/www.salvatorianas.org.br\/blog\/wp-content\/uploads\/2020\/11\/MESSAGGIO-PAPA_page-0001-212x300.jpg 212w, https:\/\/www.salvatorianas.org.br\/blog\/wp-content\/uploads\/2020\/11\/MESSAGGIO-PAPA_page-0001-768x1087.jpg 768w, https:\/\/www.salvatorianas.org.br\/blog\/wp-content\/uploads\/2020\/11\/MESSAGGIO-PAPA_page-0001.jpg 1240w\" sizes=\"(max-width: 724px) 100vw, 724px\" \/><\/figure>\n\n\n\n<figure class=\"wp-block-image\"><img decoding=\"async\" loading=\"lazy\" width=\"724\" height=\"1024\" src=\"https:\/\/www.salvatorianas.org.br\/blog\/wp-content\/uploads\/2020\/11\/MESSAGGIO-PAPA_page-0002-724x1024.jpg\" alt=\"\" class=\"wp-image-14953\" srcset=\"https:\/\/www.salvatorianas.org.br\/blog\/wp-content\/uploads\/2020\/11\/MESSAGGIO-PAPA_page-0002-724x1024.jpg 724w, https:\/\/www.salvatorianas.org.br\/blog\/wp-content\/uploads\/2020\/11\/MESSAGGIO-PAPA_page-0002-212x300.jpg 212w, https:\/\/www.salvatorianas.org.br\/blog\/wp-content\/uploads\/2020\/11\/MESSAGGIO-PAPA_page-0002-768x1087.jpg 768w, https:\/\/www.salvatorianas.org.br\/blog\/wp-content\/uploads\/2020\/11\/MESSAGGIO-PAPA_page-0002.jpg 1240w\" sizes=\"(max-width: 724px) 100vw, 724px\" \/><\/figure>\n","protected":false},"excerpt":{"rendered":"<p>Papa Francisco envia carta ao Col\u00e9gio Salvatoriano Bom Conselho por ocasi\u00e3o dos 70 anos de miss\u00e3o educativa e pela 32\u00aa edi\u00e7\u00e3o de A\u00e7\u00e3o de Gra\u00e7as. Este gesto al\u00e9m de surpreender, teve um significado&#8230;<\/p>\n","protected":false},"author":2,"featured_media":14955,"comment_status":"open","ping_status":"open","sticky":false,"template":"","format":"standard","meta":[],"categories":[1],"tags":[],"_links":{"self":[{"href":"https:\/\/www.salvatorianas.org.br\/blog\/wp-json\/wp\/v2\/posts\/14951"}],"collection":[{"href":"https:\/\/www.salvatorianas.org.br\/blog\/wp-json\/wp\/v2\/posts"}],"about":[{"href":"https:\/\/www.salvatorianas.org.br\/blog\/wp-json\/wp\/v2\/types\/post"}],"author":[{"embeddable":true,"href":"https:\/\/www.salvatorianas.org.br\/blog\/wp-json\/wp\/v2\/users\/2"}],"replies":[{"embeddable":true,"href":"https:\/\/www.salvatorianas.org.br\/blog\/wp-json\/wp\/v2\/comments?post=14951"}],"version-history":[{"count":4,"href":"https:\/\/www.salvatorianas.org.br\/blog\/wp-json\/wp\/v2\/posts\/14951\/revisions"}],"predecessor-version":[{"id":14958,"href":"https:\/\/www.salvatorianas.org.br\/blog\/wp-json\/wp\/v2\/posts\/14951\/revisions\/14958"}],"wp:featuredmedia":[{"embeddable":true,"href":"https:\/\/www.salvatorianas.org.br\/blog\/wp-json\/wp\/v2\/media\/14955"}],"wp:attachment":[{"href":"https:\/\/www.salvatorianas.org.br\/blog\/wp-json\/wp\/v2\/media?parent=14951"}],"wp:term":[{"taxonomy":"category","embeddable":true,"href":"https:\/\/www.salvatorianas.org.br\/blog\/wp-json\/wp\/v2\/categories?post=14951"},{"taxonomy":"post_tag","embeddable":true,"href":"https:\/\/www.salvatorianas.org.br\/blog\/wp-json\/wp\/v2\/tags?post=14951"}],"curies":[{"name":"wp","href":"https:\/\/api.w.org\/{rel}","templated":true}]}}