{"id":14940,"date":"2020-11-22T18:26:03","date_gmt":"2020-11-22T18:26:03","guid":{"rendered":"https:\/\/www.salvatorianas.org.br\/blog\/?p=14940"},"modified":"2020-11-27T22:36:32","modified_gmt":"2020-11-27T22:36:32","slug":"gt-juventudes-promove-encontro-on-line-com-os-jovens","status":"publish","type":"post","link":"https:\/\/www.salvatorianas.org.br\/blog\/gt-juventudes-promove-encontro-on-line-com-os-jovens\/","title":{"rendered":"GT Juventudes promove encontro on-line com os jovens"},"content":{"rendered":"\n<p>Alegria, gratid\u00e3o e di\u00e1logo\nmarcaram o encontro com os jovens, realizado no s\u00e1bado, 21 de novembro. Um dos\ndestaques do encontro foi a expressiva participa\u00e7\u00e3o de adolescentes e jovens de\ndiferentes regi\u00f5es do Brasil e Mo\u00e7ambique, envolvendo lideran\u00e7as,\ncolaboradores, leigos, vocacionadas, formandos e religiosas. <\/p>\n\n\n\n<p>Sob o tema <strong>S\u00ednodo dos jovens: luzes para a evangeliza\u00e7\u00e3o das juventudes<\/strong>, assessorado pelo jornalista e auditor do S\u00ednodo dos Bispos sobre os jovens, Filipe Domingues. O encontro proporcionou aos participantes momentos de reflex\u00e3o e aprofundamento com base na experi\u00eancia nos encontros pr\u00e9-sinodais, em que&nbsp; juventude foi convidada a fazer parte do di\u00e1logo com a Igreja, expressando seus anseios, sonhos e desafios.&nbsp; Durante o S\u00ednodo os jovens manifestaram que est\u00e3o buscando uma Igreja aut\u00eantica, acolhedora, honesta e acess\u00edvel. Al\u00e9m disso, relataram que a Igreja precisa favorecer o protagonismo juvenil, a participa\u00e7\u00e3o nos seus processos de tomada de decis\u00e3o, ou seja, os jovens querem fazer parte das grandes decis\u00f5es.<\/p>\n\n\n\n<figure class=\"wp-block-image\"><img decoding=\"async\" loading=\"lazy\" width=\"1024\" height=\"572\" src=\"https:\/\/www.salvatorianas.org.br\/blog\/wp-content\/uploads\/2020\/11\/filipe-1024x572.jpg\" alt=\"\" class=\"wp-image-14941\" srcset=\"https:\/\/www.salvatorianas.org.br\/blog\/wp-content\/uploads\/2020\/11\/filipe-1024x572.jpg 1024w, https:\/\/www.salvatorianas.org.br\/blog\/wp-content\/uploads\/2020\/11\/filipe-300x168.jpg 300w, https:\/\/www.salvatorianas.org.br\/blog\/wp-content\/uploads\/2020\/11\/filipe-768x429.jpg 768w, https:\/\/www.salvatorianas.org.br\/blog\/wp-content\/uploads\/2020\/11\/filipe.jpg 1149w\" sizes=\"(max-width: 1024px) 100vw, 1024px\" \/><\/figure>\n\n\n\n<p><\/p>\n\n\n\n<p>Na ocasi\u00e3o, Filipe convidou aos participantes do encontro a responder a pergunta: O que quer dizer uma Igreja \u201caut\u00eantica\u201d? Muitos dos participantes compartilharam seu pensamento no chat, foi uma oportunidade para trocar ideias e abrir horizontes.&nbsp; O assessor refletiu tamb\u00e9m sobre a voca\u00e7\u00e3o e discernimento, trazendo trechos do documento e, ao mesmo tempo destacando que a Voca\u00e7\u00e3o \u00e9 \u201cescutar, discernir e viver\u201d o chamado que algu\u00e9m sente dentro de si&#8230; Discernimento \u00e9 o caminho para encontrar uma \u201cvontade profunda\u201d.<\/p>\n\n\n\n<p>A exorta\u00e7\u00e3o \u2018Christus vivit\u2019, este foi um dos temas abordados\u00a0 no encontro on-line com os jovens que est\u00e3o conosco em nossos espa\u00e7os de apostolados e que participaram dos grupos focais, pesquisa realizada pelo GT Juventudes. \u00a0A Exorta\u00e7\u00e3o Apost\u00f3lica P\u00f3s-sinodal do Papa Francisco Cristo vive, \u00e9 uma carta endere\u00e7ada aos jovens cat\u00f3licos, mas tamb\u00e9m aos que n\u00e3o creem. Neste documento o papa afirma tr\u00eas verdades: \u201cDeus te ama\u201d, \u201cCristo te salva\u201d e \u201cCristo vive\u201d.<\/p>\n\n\n\n<p>Na segunda parte do encontro, foi\naberto o espa\u00e7o para os coment\u00e1rios e as perguntas dos jovens que estavam\nparticipando on-line. Esta troca de experi\u00eancia e interven\u00e7\u00e3o foi enriquecedora\ne contribuiu para o aprofundamento dos assuntos abordados. Por fim, Filipe\nexplanou suas considera\u00e7\u00f5es finais destacando a import\u00e2ncia da autenticidade da\nIgreja, capaz de tocar o cora\u00e7\u00e3o do jovem e do chamado \u00e0 amizade com Cristo.<\/p>\n\n\n\n<p>O encontro finalizou com a leitura\nde algumas frases do Papa Francisco, presente na&nbsp; Exorta\u00e7\u00e3o Apost\u00f3lica P\u00f3s-sinodal Cristo Vive.\nA reuni\u00e3o contou ainda com momentos musicais e de ora\u00e7\u00e3o. <\/p>\n\n\n\n<p><strong>\u201cQueridos jovens, n\u00e3o sejam o\nfuturo, mas o presente; n\u00e3o sejam o futuro de Deus, mas o agora de Deus.\u201d<\/strong>\n(Papa Francisco)<\/p>\n","protected":false},"excerpt":{"rendered":"<p>Alegria, gratid\u00e3o e di\u00e1logo marcaram o encontro com os jovens, realizado no s\u00e1bado, 21 de novembro. Um dos destaques do encontro foi a expressiva participa\u00e7\u00e3o de adolescentes e jovens de diferentes regi\u00f5es do&#8230;<\/p>\n","protected":false},"author":2,"featured_media":14942,"comment_status":"open","ping_status":"open","sticky":false,"template":"","format":"standard","meta":[],"categories":[1],"tags":[],"_links":{"self":[{"href":"https:\/\/www.salvatorianas.org.br\/blog\/wp-json\/wp\/v2\/posts\/14940"}],"collection":[{"href":"https:\/\/www.salvatorianas.org.br\/blog\/wp-json\/wp\/v2\/posts"}],"about":[{"href":"https:\/\/www.salvatorianas.org.br\/blog\/wp-json\/wp\/v2\/types\/post"}],"author":[{"embeddable":true,"href":"https:\/\/www.salvatorianas.org.br\/blog\/wp-json\/wp\/v2\/users\/2"}],"replies":[{"embeddable":true,"href":"https:\/\/www.salvatorianas.org.br\/blog\/wp-json\/wp\/v2\/comments?post=14940"}],"version-history":[{"count":4,"href":"https:\/\/www.salvatorianas.org.br\/blog\/wp-json\/wp\/v2\/posts\/14940\/revisions"}],"predecessor-version":[{"id":14946,"href":"https:\/\/www.salvatorianas.org.br\/blog\/wp-json\/wp\/v2\/posts\/14940\/revisions\/14946"}],"wp:featuredmedia":[{"embeddable":true,"href":"https:\/\/www.salvatorianas.org.br\/blog\/wp-json\/wp\/v2\/media\/14942"}],"wp:attachment":[{"href":"https:\/\/www.salvatorianas.org.br\/blog\/wp-json\/wp\/v2\/media?parent=14940"}],"wp:term":[{"taxonomy":"category","embeddable":true,"href":"https:\/\/www.salvatorianas.org.br\/blog\/wp-json\/wp\/v2\/categories?post=14940"},{"taxonomy":"post_tag","embeddable":true,"href":"https:\/\/www.salvatorianas.org.br\/blog\/wp-json\/wp\/v2\/tags?post=14940"}],"curies":[{"name":"wp","href":"https:\/\/api.w.org\/{rel}","templated":true}]}}