{"id":14912,"date":"2020-11-20T23:57:33","date_gmt":"2020-11-20T23:57:33","guid":{"rendered":"https:\/\/www.salvatorianas.org.br\/blog\/?p=14912"},"modified":"2020-11-22T12:04:15","modified_gmt":"2020-11-22T12:04:15","slug":"jovens-brasileiros-apresentam-projetos-no-encontro-internacional-economia-de-francisco","status":"publish","type":"post","link":"https:\/\/www.salvatorianas.org.br\/blog\/jovens-brasileiros-apresentam-projetos-no-encontro-internacional-economia-de-francisco\/","title":{"rendered":"JOVENS BRASILEIROS APRESENTAM PROJETOS NO ENCONTRO INTERNACIONAL \u201cECONOMIA DE FRANCISCO\u201d"},"content":{"rendered":"\n<p>O segundo dia da Economia de Francisco segue nesta sexta-feira com uma intensa programa\u00e7\u00e3o, em que constou inclusive uma leitura coletiva da \u201cFratelli tutti\u201d. Entre as confer\u00eancias, os temas abordados s\u00e3o finan\u00e7as e humanidade, reponsabilidade socioecol\u00f3gica e educa\u00e7\u00e3o.<\/p>\n\n\n\n<p>Esta sexta marcou tamb\u00e9m o in\u00edcio da \u201cmaratona de 24 horas ao redor do mundo\u201d, na qual todos os pa\u00edses&nbsp; participantes tiveram cerca de duas horas para se apresentar. A apresenta\u00e7\u00e3o brasileira teve in\u00edcio \u00e0s 16h desta sexta-feira e segue at\u00e9 \u00e0s 18h.<\/p>\n\n\n\n<div class=\"wp-block-image\"><figure class=\"alignright\"><img decoding=\"async\" src=\"https:\/\/eadn-wc02-718006.nxedge.io\/cdn\/wp-content\/uploads\/2020\/11\/Sem-t%C3%ADtulo-300x168.jpg\" alt=\"\" class=\"wp-image-255622\"\/><\/figure><\/div>\n\n\n\n<p>Os respons\u00e1veis por dar in\u00edcio foram o Ariel Molina, de Manaus, um dos participantes da Aldeia Agricultura e Justi\u00e7a; a Lilian de Pellegrine Ellias, de Florian\u00f3polis e representante da Vila Agricultura e Justi\u00e7a e a Tamiris Cristina, de Minas Gerais.<\/p>\n\n\n\n<p>Durante a apresenta\u00e7\u00e3o, v\u00e1rios brasileiros leram o \u201cmanifesto das brasileiras e brasileiros para a economia de Francisco e Clara\u201d, na qual afirmava dentre outras coisas que \u201cas economias do mundo foram chamadas pelo Papa Francisco ao encontro para a constru\u00e7\u00e3o de uma economia diferente que faz viver, inclui, humaniza, alimenta, cuida\u201d.<\/p>\n\n\n\n<blockquote class=\"wp-block-quote\"><p>\u201cUm encontro que \u00e9 ch\u00e3o de partilhas, escutas e compreens\u00f5es, dos diversos sabores que emergem de nossas lutas e sonhos\u201d, dizia um outro trecho do manifesto.<\/p><\/blockquote>\n\n\n\n<p>Na sequ\u00eancia houve uma apresenta\u00e7\u00e3o de um v\u00eddeo musical com a m\u00fasica \u201cBrasil Meu Amor\u201d. E ap\u00f3s, diversos l\u00edderes espirituais, religiosos e religiosas, representantes de pastorais e movimentos desejaram um bom encontro aos participantes.<\/p>\n\n\n\n<p>Os jovens brasileiros montaram uma apresenta\u00e7\u00e3o e participa\u00e7\u00e3o a partir de ecos de experi\u00eancias do pa\u00eds de novas economias e da capacidade organizativa constru\u00edda a partir do chamado do Papa Francisco. Uma dessas iniciativas mostradas foi a Josefina Colabs, uma coletiva e neg\u00f3cio social de mulheres empreendedoras perif\u00e9ricas que faz o resgate da cultura afro brasileira e ind\u00edgena.<\/p>\n\n\n\n<p><strong>Acompanhe os diversos trabalhos apresentados:<\/strong><\/p>\n\n\n\n<figure class=\"wp-block-embed-youtube wp-block-embed is-type-video is-provider-youtube wp-embed-aspect-16-9 wp-has-aspect-ratio\"><div class=\"wp-block-embed__wrapper\">\n<iframe loading=\"lazy\" width=\"500\" height=\"281\" src=\"https:\/\/www.youtube.com\/embed\/cZ0agyL9qL0?feature=oembed\" frameborder=\"0\" allow=\"accelerometer; autoplay; clipboard-write; encrypted-media; gyroscope; picture-in-picture\" allowfullscreen><\/iframe>\n<\/div><\/figure>\n\n\n\n<h3 class=\"wp-block-heading\"><\/h3>\n\n\n\n<p><strong>Per\u00edodo da manh\u00e3<\/strong><\/p>\n\n\n\n<p>Tamb\u00e9m houve outros dois momentos de interven\u00e7\u00e3o direta de brasileiros: a) Na confer\u00eancia:&nbsp; \u201cResponsabilidade s\u00f3cio-ecol\u00f3gica \u2013 olhar global e a\u00e7\u00f5es territoriais\u201d, com o padre Vilson Groh e&nbsp; o Leonardo Boff e v\u00e1rios jovens do Brasil, \u00e0s 10h10; e b) na confer\u00eancia: \u201cSomos todos pa\u00edses em desenvolvimento\u201d, com Kate Raworth e J. Perkins, e participa\u00e7\u00e3o de duas jovens brasileiras Mariana Maria e Myrian Castello, \u00e0s 10h10, (hor\u00e1rio de Bras\u00edlia).<\/p>\n\n\n\n<p>Fonte: CNBB<\/p>\n","protected":false},"excerpt":{"rendered":"<p>O segundo dia da Economia de Francisco segue nesta sexta-feira com uma intensa programa\u00e7\u00e3o, em que constou inclusive uma leitura coletiva da \u201cFratelli tutti\u201d. Entre as confer\u00eancias, os temas abordados s\u00e3o finan\u00e7as e&#8230;<\/p>\n","protected":false},"author":2,"featured_media":14921,"comment_status":"open","ping_status":"open","sticky":false,"template":"","format":"standard","meta":[],"categories":[1],"tags":[],"_links":{"self":[{"href":"https:\/\/www.salvatorianas.org.br\/blog\/wp-json\/wp\/v2\/posts\/14912"}],"collection":[{"href":"https:\/\/www.salvatorianas.org.br\/blog\/wp-json\/wp\/v2\/posts"}],"about":[{"href":"https:\/\/www.salvatorianas.org.br\/blog\/wp-json\/wp\/v2\/types\/post"}],"author":[{"embeddable":true,"href":"https:\/\/www.salvatorianas.org.br\/blog\/wp-json\/wp\/v2\/users\/2"}],"replies":[{"embeddable":true,"href":"https:\/\/www.salvatorianas.org.br\/blog\/wp-json\/wp\/v2\/comments?post=14912"}],"version-history":[{"count":3,"href":"https:\/\/www.salvatorianas.org.br\/blog\/wp-json\/wp\/v2\/posts\/14912\/revisions"}],"predecessor-version":[{"id":14923,"href":"https:\/\/www.salvatorianas.org.br\/blog\/wp-json\/wp\/v2\/posts\/14912\/revisions\/14923"}],"wp:featuredmedia":[{"embeddable":true,"href":"https:\/\/www.salvatorianas.org.br\/blog\/wp-json\/wp\/v2\/media\/14921"}],"wp:attachment":[{"href":"https:\/\/www.salvatorianas.org.br\/blog\/wp-json\/wp\/v2\/media?parent=14912"}],"wp:term":[{"taxonomy":"category","embeddable":true,"href":"https:\/\/www.salvatorianas.org.br\/blog\/wp-json\/wp\/v2\/categories?post=14912"},{"taxonomy":"post_tag","embeddable":true,"href":"https:\/\/www.salvatorianas.org.br\/blog\/wp-json\/wp\/v2\/tags?post=14912"}],"curies":[{"name":"wp","href":"https:\/\/api.w.org\/{rel}","templated":true}]}}