{"id":14902,"date":"2020-11-19T21:01:26","date_gmt":"2020-11-19T21:01:26","guid":{"rendered":"https:\/\/www.salvatorianas.org.br\/blog\/?p=14902"},"modified":"2020-11-19T21:05:20","modified_gmt":"2020-11-19T21:05:20","slug":"encontro-virtual-a-economia-de-francisco-reune-jovens-do-mundo-todo-em-torno-da-economia-do-amanha","status":"publish","type":"post","link":"https:\/\/www.salvatorianas.org.br\/blog\/encontro-virtual-a-economia-de-francisco-reune-jovens-do-mundo-todo-em-torno-da-economia-do-amanha\/","title":{"rendered":"ENCONTRO VIRTUAL A ECONOMIA DE FRANCISCO RE\u00daNE JOVENS DO MUNDO TODO EM TORNO DA ECONOMIA DO AMANH\u00c3"},"content":{"rendered":"\n<p>Uma express\u00e3o do Papa Francisco \u201cir adiante sempre\u201d ecoou como motiva\u00e7\u00e3o no primeiro dia, 19 de novembro, do encontro em formato online A&nbsp; Economia de Francisco, que re\u00fane mais de 3000 jovens do mundo inteiro. Os jovens, e quem est\u00e1 acompanhando o encontro virtualmente, puderam percorrer um caminho a partir de Assis, a cidade de S\u00e3o Francisco, de reflex\u00e3o sobre a economia do amanh\u00e3 partindo de experi\u00eancias concretas que est\u00e3o sendo vivenciadas em diferentes partes do planeta como Congo, Fran\u00e7a, M\u00e9xico, Siri-Lanka, entre outros.<\/p>\n\n\n\n<div class=\"wp-block-image\"><figure class=\"alignright\"><img decoding=\"async\" src=\"https:\/\/eadn-wc02-718006.nxedge.io\/cdn\/wp-content\/uploads\/2020\/11\/Martial-300x222.png\" alt=\"\" class=\"wp-image-255493\"\/><\/figure><\/div>\n\n\n\n<p>Na abertura do encontro, \u00e0s 10h (hor\u00e1rio de Bras\u00edlia), foi apresentada, em forma de v\u00eddeo, a mensagem: \u201cEscutar o grito dos mais pobres para transformar a terra\u201d, organizada pelos jovens do movimento ATD Quarto Mundo. Eles desenvolveram a experi\u00eancia de \u201cterrit\u00f3rio de desemprego zero\u201d, apresentada pelo jovem Martial Demaretez, de Lion, na Fran\u00e7a. Ele defendeu que uma nova economia precisa colocar o humano no centro para superar a l\u00f3gica de desenvolvimento baseada no lucro.<\/p>\n\n\n\n<p>O bispo de Assis, Domenico Sorrentino, saudou os participantes com Canto das Criaturas de S\u00e3o Francisco de Assis. \u201cA esta Assis sejam muito bem vindos!\u201d, disse. Ele agradeceu a todos que colaboraram, nos \u00faltimos dois anos, para a realiza\u00e7\u00e3o do encontro, n\u00e3o esmorecendo diante da pandemia. Agradeceu especialmente ao Papa Francisco pela intui\u00e7\u00e3o de convocar o encontro.<\/p>\n\n\n\n<p>O prefeito do dicast\u00e9rio para Servi\u00e7o do Desenvolvimento Humano Integral do Vaticano, o cardeal Peter Kodwo Appiah Turkson, enaltaceu a coragem dos jovens de n\u00e3o desanimar em meio \u00e0 pandemia e n\u00e3o deixar de realizar o encontro, mas ao contr\u00e1rio, com realiza\u00e7\u00e3o do encontro no formato online, fortalecer uma articula\u00e7\u00e3o mundial rumo ao encontro presencial em Assis no pr\u00f3ximo ano.<\/p>\n\n\n\n<blockquote class=\"wp-block-quote\"><p>\u201cVoc\u00eas jovens est\u00e3o come\u00e7ando uma mudan\u00e7a radical, concebendo a economia como uma voca\u00e7\u00e3o nobre, promovendo uma riqueza que seja inclusiva. Este \u00e9 o apelo: sair de uma economia que visa o lucro para uma economia social, que possa investir nas pessoas e no seu desenvolvimento. A economia deve estar a servi\u00e7o do povo, e n\u00e3o o contr\u00e1rio\u201d, disse.<\/p><\/blockquote>\n\n\n\n<h3 class=\"wp-block-heading\">Jovens: motor para mudar o desenvolvimento<\/h3>\n\n\n\n<p>A prefeita de Assis, Stefania Proietti, tamb\u00e9m falou durante a abertura do encontro. \u201cSomente voc\u00eas jovens, livres de qualquer preconceito, poderiam abra\u00e7ar esta convoca\u00e7\u00e3o e desafio proposto pelo Papa Francisco. Voc\u00eas podem mudar o motor de nosso desenvolvimento para respeitar a cria\u00e7\u00e3o, os fracos e os pobres rumo \u00e0 fraternidade e humanismo\u201d, disse.<\/p>\n\n\n\n<p>Como m\u00edstica, o encontro buscou revisitar a trajet\u00f3ria de S\u00e3o Francisco por meio de importantes marcos da arquitetura da cidade de Assis. No Santu\u00e1rio de Spoglazioni, os organizadores destacaram o despertar da voca\u00e7\u00e3o do santo. Em outro momento, no Santu\u00e1rio de Rivotorto, foi apresentado abra\u00e7o ao leproso, fato que marcou a vida de S\u00e3o Francisco.<\/p>\n\n\n\n<p>A programa\u00e7\u00e3o do primeiro dia incluiu confer\u00eancias com os temas: perfeita alegria, economia da paz e reconvers\u00e3o industrial, intelig\u00eancia artificial, modelos de neg\u00f3cio para uma economia humana, experi\u00eancias em comunidade de transi\u00e7\u00e3o ecol\u00f3gica e social e seguran\u00e7a alimentar.&nbsp;&nbsp;O economista Jeffrey David Sachs, conhecido economista norte-americano pelo trabalho como conselheiro econ\u00f4mico de diversos governos, foi um dos conferencistas do primeiro dia. Uma pe\u00e7a teatral \u201cO retorno do Pequeno Pr\u00edncipe\u201d encerrou a programa\u00e7\u00e3o do primeiro dia do encontro.<\/p>\n\n\n\n<h3 class=\"wp-block-heading\">Destaques da programa\u00e7\u00e3o no dia 20 de novembro:<\/h3>\n\n\n\n<p>O encontro continua neste dia 20 de novembro, das 10h \u00e0s 14h, hor\u00e1rio de Bras\u00edlia e ser\u00e1 transmitido pelo canal do&nbsp;<a href=\"https:\/\/www.youtube.com\/user\/CNBBNacionalBrasilia\">youtube da CNBB<\/a>&nbsp;em parceria com o VaticanNews. O dia ser\u00e1 marcado por uma maratona de 24h em que todos os pa\u00edses ter\u00e3o entre uma e duas horas para se apresentar. No Brasil, segundo o representante da Articula\u00e7\u00e3o Brasileira pela Economia de Clara e Francisco, Eduardo Brasileiro,&nbsp; os jovens montaram a sua participa\u00e7\u00e3o a partir de ecos de experi\u00eancias brasileiras de novas economias e a capacidade organizativa constru\u00edda a partir do chamado do Papa Francisco. A apresenta\u00e7\u00e3o brasileira ser\u00e1 na sexta-feira, \u00e0s 16h no hor\u00e1rio de Bras\u00edlia.<\/p>\n\n\n\n<p>Tamb\u00e9m haver\u00e1 outros dois momentos de interven\u00e7\u00e3o direta de brasileiros\/as: a) Na confer\u00eancia:&nbsp; \u201cResponsabilidade s\u00f3cio-ecol\u00f3gica: olhar global e a\u00e7\u00f5es territoriais\u201d, com os brasileiros padre Vilson Groh e Leonardo Boff e v\u00e1rios jovens do Brasil, \u00e0s 10h10 de Bras\u00edlia; e b) na confer\u00eancia: \u201cSomos todos pa\u00edses em desenvolvimento\u201d, com Kate Raworth y J. Perkins, com participa\u00e7\u00e3o de duas jovens brasileiras Mariana Maria e Myrian Castello, \u00e0s 10h10 (hor\u00e1rio de Bras\u00edlia).<\/p>\n\n\n\n<p><strong>Acompanhe as reflex\u00f5es do primeiro dia<\/strong><a href=\"https:\/\/www.youtube.com\/watch?v=hZdweCSsd30&amp;t=212s\"><strong>&nbsp;aqui<\/strong><\/a><\/p>\n\n\n\n<p><strong>Programa\u00e7\u00e3o dos dias 20 e 21 de novembro\u00a0<a href=\"https:\/\/www.cnbb.org.br\/wp-content\/uploads\/2020\/11\/Programa%C3%A7%C3%A3o-do-Encontro-A-Economia-de-Francisco.pdf\">aqui<\/a><\/strong><\/p>\n\n\n\n<p>Fonte: CNBB<\/p>\n\n\n\n<p><\/p>\n","protected":false},"excerpt":{"rendered":"<p>Uma express\u00e3o do Papa Francisco \u201cir adiante sempre\u201d ecoou como motiva\u00e7\u00e3o no primeiro dia, 19 de novembro, do encontro em formato online A&nbsp; Economia de Francisco, que re\u00fane mais de 3000 jovens do&#8230;<\/p>\n","protected":false},"author":2,"featured_media":14903,"comment_status":"open","ping_status":"open","sticky":false,"template":"","format":"standard","meta":[],"categories":[1],"tags":[],"_links":{"self":[{"href":"https:\/\/www.salvatorianas.org.br\/blog\/wp-json\/wp\/v2\/posts\/14902"}],"collection":[{"href":"https:\/\/www.salvatorianas.org.br\/blog\/wp-json\/wp\/v2\/posts"}],"about":[{"href":"https:\/\/www.salvatorianas.org.br\/blog\/wp-json\/wp\/v2\/types\/post"}],"author":[{"embeddable":true,"href":"https:\/\/www.salvatorianas.org.br\/blog\/wp-json\/wp\/v2\/users\/2"}],"replies":[{"embeddable":true,"href":"https:\/\/www.salvatorianas.org.br\/blog\/wp-json\/wp\/v2\/comments?post=14902"}],"version-history":[{"count":1,"href":"https:\/\/www.salvatorianas.org.br\/blog\/wp-json\/wp\/v2\/posts\/14902\/revisions"}],"predecessor-version":[{"id":14904,"href":"https:\/\/www.salvatorianas.org.br\/blog\/wp-json\/wp\/v2\/posts\/14902\/revisions\/14904"}],"wp:featuredmedia":[{"embeddable":true,"href":"https:\/\/www.salvatorianas.org.br\/blog\/wp-json\/wp\/v2\/media\/14903"}],"wp:attachment":[{"href":"https:\/\/www.salvatorianas.org.br\/blog\/wp-json\/wp\/v2\/media?parent=14902"}],"wp:term":[{"taxonomy":"category","embeddable":true,"href":"https:\/\/www.salvatorianas.org.br\/blog\/wp-json\/wp\/v2\/categories?post=14902"},{"taxonomy":"post_tag","embeddable":true,"href":"https:\/\/www.salvatorianas.org.br\/blog\/wp-json\/wp\/v2\/tags?post=14902"}],"curies":[{"name":"wp","href":"https:\/\/api.w.org\/{rel}","templated":true}]}}