{"id":14816,"date":"2020-10-31T12:22:07","date_gmt":"2020-10-31T12:22:07","guid":{"rendered":"https:\/\/www.salvatorianas.org.br\/blog\/?p=14816"},"modified":"2020-10-31T12:22:08","modified_gmt":"2020-10-31T12:22:08","slug":"7o-dia-de-falecimento-da-ir-guilhermina-alves","status":"publish","type":"post","link":"https:\/\/www.salvatorianas.org.br\/blog\/7o-dia-de-falecimento-da-ir-guilhermina-alves\/","title":{"rendered":"7\u00ba dia de falecimento da Ir. Guilhermina Alves"},"content":{"rendered":"\n<p> Celebramos hoje, 31 de outubro, o 7\u00ba dia de falecimento da Ir.\u00a0Guilhermina Alves. Fa\u00e7amos mem\u00f3ria da sua bela hist\u00f3ria de vida e miss\u00e3o atrav\u00e9s de sua biografia, em forma de gratid\u00e3o e prece. <\/p>\n\n\n\n<p><strong>BIOGRAFIA \u2013 IR.\u00a0GUILHERMINA\u00a0ALVES<\/strong><\/p>\n\n\n\n<p>Ir.\nGuilhermina Alves nasceu no dia 20 de Outubro de 1930, em Vila Ametista\/RS. Era\na segunda dos onze filhos de Luiz Pedro Alves e Clotilde Oro Alves. Tinha 6\nirm\u00e3os homens e 4 mulheres. Recebeu o Sacramento do Batismo no dia 11 de\nDezembro de 1930 em S\u00e3o Domingos \/RS e a Crisma no 26 de Janeiro de 1933 na\nCapela de S. Judas Tadeu, em David Canabarro\/RS.<\/p>\n\n\n\n<p>Fez sua Primeira Eucaristia em 20 de Dezembro de 1943, em Passo Fundo\/RS. Ingressou na Congrega\u00e7\u00e3o no dia 19 de Mar\u00e7o de 1953, em David Canabarro\/RS, onde ap\u00f3s uma forma\u00e7\u00e3o \u00e0 Vida Consagrada Salvatoriana, professou os primeiros votos no dia 02 de Fevereiro de 1956 e os Votos Perp\u00e9tuos no dia 02 de Fevereiro de 1962.<\/p>\n\n\n\n<p>Nas suas atividades apost\u00f3licas, atuou em diversas comunidades e Institui\u00e7\u00f5es. No Col\u00e9gio Cristo Rei de Joa\u00e7aba\/SC, Comunidade Salvatoriana de Florian\u00f3polis\/SC; Com. Salvatoriana de Planalto\/RS; Hospital Santa Terezinha de Joa\u00e7aba\/SC; Hospital Divino Salvador de Videira\/SC; Col\u00e9gio Imaculada Concei\u00e7\u00e3o em Videira\/SC; Col\u00e9gio Nossa Senhora de Lourdes em Porto Alegre\/RS; Hospital Santa Terezinha em Cir\u00edaco\/RS; Comunidade \u00c1gua Viva, em Cir\u00edaco\/RS; Comunidade S\u00e3o Jos\u00e9 em David Canabarro\/RS; Comunidade Santa Isabel\u00a0 em Passo Fundo\/RS e atualmente residia na Comunidade M\u00e3e do Bom Conselho em\u00a0 Passo Fundo\/RS.\u00a0\u00a0\u00a0\u00a0 <\/p>\n\n\n\n<p>Em todas as comunidades onde residiu sempre colaborou assumindo lideran\u00e7as comunit\u00e1rias de tesouraria, secretaria, animadora vocacional e coordena\u00e7\u00e3o das comunidades. Nas institui\u00e7\u00f5es, foi tesoureira, secret\u00e1ria, assistente administrativa, respons\u00e1vel por compras, acompanhamento aos colaboradores entre outras atividades. Tinha uma grande paix\u00e3o pelo trabalho pastoral nas comunidades, especialmente pela catequese. Solid\u00e1ria com os mais necessitados, engajou-se no projeto Transforma\u00e7\u00e3o em Artes preparando com amor e carinho o lanche para as crian\u00e7as do projeto e tamb\u00e9m dedicava tempo \u00e0s pessoas doentes levando a comunh\u00e3o. Nutria uma grande devo\u00e7\u00e3o \u00e0 Nossa Senhora da qual, afirma ter recebido muitas gra\u00e7as em sua vida. Tamb\u00e9m era muito devota do Esp\u00edrito Santo.<\/p>\n\n\n\n<p>Em sua\nautobiografia deixa registrada uma mensagem muito significativa: \u201cQue cada uma\nde n\u00f3s, seja um sinal da presen\u00e7a do Salvador no mundo atual. Precisamos ser\ntestemunhas de f\u00e9 e de vida. Vivemos num mundo carente de sinais e de\ntestemunhos. E isso \u00e9 indispens\u00e1vel. O que me sustenta em minha caminhada \u00e9 a\nora\u00e7\u00e3o, o amor e o compromisso com Jesus Salvador. Quem n\u00e3o ama, n\u00e3o faz\nnenhuma experi\u00eancia m\u00edstica.\u201d.<\/p>\n\n\n\n<p>Ir. Guilhermina Alves aos 90 anos de idade e 64 de vida religiosa, no dia 25 de outubro de 2020, o Salvador a chamou definitivamente para estar face a face com Ele. Faleceu em decorr\u00eancia de neoplasia maligna &#8211; cardiopatia hipertensiva. Foi sepultada no cemit\u00e9rio Memorial Vera Cruz, em Passo Fundo\/RS.\u00a0 <\/p>\n\n\n\n<p> <strong>Obrigada Ir. Guilhermina!<\/strong> <br> * Pela voca\u00e7\u00e3o Salvatoriana vivida em fidelidade, doa\u00e7\u00e3o e corresponsabilidade; <br>* Por todo o servi\u00e7o prestado em favor da constru\u00e7\u00e3o do Reino de Deus;<br> * Pelos longos anos dedicados \u00e0 evangeliza\u00e7\u00e3o; <br> * Pela sua generosidade, simplicidade, seu sil\u00eancio, sua atitude humilde, sua vida de ora\u00e7\u00e3o, sua f\u00e9 profunda e sua confian\u00e7a em Deus; <br> * Por todos os ensinamentos, palavras amigas e confortadoras distribu\u00eddas a tantas pessoas;  <br>* Por sua alegria que encantava e alegrava a todos;  <br> * Por tudo aquilo que o limite de nossos olhos e da nossa sensibilidade humana n\u00e3o veem, mas Deus, que \u00e9 LUZ PLENA, saber\u00e1 reconhecer e te recompensar. <br><\/p>\n\n\n\n<p>Que o Divino Salvador a receba em sua gl\u00f3ria e lhe d\u00ea a coroa da vit\u00f3ria que lhe est\u00e1 reservada. \u201cExistem muitas moradas na casa de meu Pai. Se n\u00e3o fosse assim, eu lhes teria dito, porque vou preparar um lugar para voc\u00eas. E quando eu for e lhes tiver preparado um lugar, voltarei e levarei voc\u00eas comigo, para que onde eu estiver, estejam voc\u00eas tamb\u00e9m\u201d. (Jo\u00e3o 14, 2-3). <\/p>\n\n\n\n<p>Agora, participando do corpo m\u00edstico celeste da Fam\u00edlia Salvatoriana e das fam\u00edlias Oro e Alves, interceda junto a Deus por n\u00f3s. Descanse em paz!\u00a0\u00a0\u00a0\u00a0\u00a0 <\/p>\n","protected":false},"excerpt":{"rendered":"<p>Celebramos hoje, 31 de outubro, o 7\u00ba dia de falecimento da Ir.\u00a0Guilhermina Alves. Fa\u00e7amos mem\u00f3ria da sua bela hist\u00f3ria de vida e miss\u00e3o atrav\u00e9s de sua biografia, em forma de gratid\u00e3o e prece&#8230;.<\/p>\n","protected":false},"author":2,"featured_media":14817,"comment_status":"open","ping_status":"open","sticky":false,"template":"","format":"standard","meta":[],"categories":[1],"tags":[],"_links":{"self":[{"href":"https:\/\/www.salvatorianas.org.br\/blog\/wp-json\/wp\/v2\/posts\/14816"}],"collection":[{"href":"https:\/\/www.salvatorianas.org.br\/blog\/wp-json\/wp\/v2\/posts"}],"about":[{"href":"https:\/\/www.salvatorianas.org.br\/blog\/wp-json\/wp\/v2\/types\/post"}],"author":[{"embeddable":true,"href":"https:\/\/www.salvatorianas.org.br\/blog\/wp-json\/wp\/v2\/users\/2"}],"replies":[{"embeddable":true,"href":"https:\/\/www.salvatorianas.org.br\/blog\/wp-json\/wp\/v2\/comments?post=14816"}],"version-history":[{"count":1,"href":"https:\/\/www.salvatorianas.org.br\/blog\/wp-json\/wp\/v2\/posts\/14816\/revisions"}],"predecessor-version":[{"id":14818,"href":"https:\/\/www.salvatorianas.org.br\/blog\/wp-json\/wp\/v2\/posts\/14816\/revisions\/14818"}],"wp:featuredmedia":[{"embeddable":true,"href":"https:\/\/www.salvatorianas.org.br\/blog\/wp-json\/wp\/v2\/media\/14817"}],"wp:attachment":[{"href":"https:\/\/www.salvatorianas.org.br\/blog\/wp-json\/wp\/v2\/media?parent=14816"}],"wp:term":[{"taxonomy":"category","embeddable":true,"href":"https:\/\/www.salvatorianas.org.br\/blog\/wp-json\/wp\/v2\/categories?post=14816"},{"taxonomy":"post_tag","embeddable":true,"href":"https:\/\/www.salvatorianas.org.br\/blog\/wp-json\/wp\/v2\/tags?post=14816"}],"curies":[{"name":"wp","href":"https:\/\/api.w.org\/{rel}","templated":true}]}}