{"id":14773,"date":"2020-10-25T15:25:04","date_gmt":"2020-10-25T15:25:04","guid":{"rendered":"https:\/\/www.salvatorianas.org.br\/blog\/?p=14773"},"modified":"2020-10-25T15:29:21","modified_gmt":"2020-10-25T15:29:21","slug":"comunicado-de-falecimento-25","status":"publish","type":"post","link":"https:\/\/www.salvatorianas.org.br\/blog\/comunicado-de-falecimento-25\/","title":{"rendered":"COMUNICADO DE FALECIMENTO"},"content":{"rendered":"\n<p><strong>\u00a0\u201cExistem muitas moradas na casa de meu Pai. Se n\u00e3o fosse assim, eu lhes teria dito, porque vou preparar um lugar para voc\u00eas. E quando eu for e lhes tiver preparado um lugar, voltarei e levarei voc\u00eas comigo, para que onde eu estiver, estejam voc\u00eas tamb\u00e9m\u201d.<em> <\/em><\/strong>(Jo\u00e3o 14, 2-3)<\/p>\n\n\n\n<p>Irm\u00e3 Guilhermina Alves, aos 90 anos de vida e 64 anos de Vida Consagrada Salvatoriana, recebe o \u00faltimo chamado de Deus para o encontro definitivo com Ele<em>.<\/em><\/p>\n\n\n\n<p>Comunicamos o seu falecimento ocorrido hoje, dia 25\nde outubro, em Passo Fundo\/RS. <\/p>\n\n\n\n<p>Seu vel\u00f3rio acontecer\u00e1 em Passo Fundo\/RS, no\nCemit\u00e9rio Memorial da Paz, na capela Safira com celebra\u00e7\u00e3o \u00e0s 19h30, em seguida\nseu sepultamento. Onde poss\u00edvel, neste hor\u00e1rio nos reunir em ora\u00e7\u00e3o pelo\ndescanso eterno da Ir. Guilhermina. <\/p>\n\n\n\n<p>N\u00f3s, Im\u00e3s Salvatorianas e familiares compartilhamos esse momento de f\u00e9 e de entrega a Deus Salvador pela vida dessa nossa querida Irm\u00e3 Guilhermina.<\/p>\n\n\n\n<p>Nossa f\u00e9 est\u00e1 alicer\u00e7ada na ressurrei\u00e7\u00e3o porque Deus nos criou \u00e0 sua imagem para algo al\u00e9m do que n\u00f3s podemos experimentar aqui e agora. Descanse em paz, Ir. Guilhermina. Obrigada por sua VIDA doada na Miss\u00e3o Salvatoriana. <\/p>\n","protected":false},"excerpt":{"rendered":"<p>\u00a0\u201cExistem muitas moradas na casa de meu Pai. Se n\u00e3o fosse assim, eu lhes teria dito, porque vou preparar um lugar para voc\u00eas. E quando eu for e lhes tiver preparado um lugar,&#8230;<\/p>\n","protected":false},"author":2,"featured_media":14774,"comment_status":"open","ping_status":"open","sticky":false,"template":"","format":"standard","meta":[],"categories":[1],"tags":[],"_links":{"self":[{"href":"https:\/\/www.salvatorianas.org.br\/blog\/wp-json\/wp\/v2\/posts\/14773"}],"collection":[{"href":"https:\/\/www.salvatorianas.org.br\/blog\/wp-json\/wp\/v2\/posts"}],"about":[{"href":"https:\/\/www.salvatorianas.org.br\/blog\/wp-json\/wp\/v2\/types\/post"}],"author":[{"embeddable":true,"href":"https:\/\/www.salvatorianas.org.br\/blog\/wp-json\/wp\/v2\/users\/2"}],"replies":[{"embeddable":true,"href":"https:\/\/www.salvatorianas.org.br\/blog\/wp-json\/wp\/v2\/comments?post=14773"}],"version-history":[{"count":4,"href":"https:\/\/www.salvatorianas.org.br\/blog\/wp-json\/wp\/v2\/posts\/14773\/revisions"}],"predecessor-version":[{"id":14778,"href":"https:\/\/www.salvatorianas.org.br\/blog\/wp-json\/wp\/v2\/posts\/14773\/revisions\/14778"}],"wp:featuredmedia":[{"embeddable":true,"href":"https:\/\/www.salvatorianas.org.br\/blog\/wp-json\/wp\/v2\/media\/14774"}],"wp:attachment":[{"href":"https:\/\/www.salvatorianas.org.br\/blog\/wp-json\/wp\/v2\/media?parent=14773"}],"wp:term":[{"taxonomy":"category","embeddable":true,"href":"https:\/\/www.salvatorianas.org.br\/blog\/wp-json\/wp\/v2\/categories?post=14773"},{"taxonomy":"post_tag","embeddable":true,"href":"https:\/\/www.salvatorianas.org.br\/blog\/wp-json\/wp\/v2\/tags?post=14773"}],"curies":[{"name":"wp","href":"https:\/\/api.w.org\/{rel}","templated":true}]}}