{"id":14759,"date":"2020-10-21T11:51:08","date_gmt":"2020-10-21T11:51:08","guid":{"rendered":"https:\/\/www.salvatorianas.org.br\/blog\/?p=14759"},"modified":"2020-10-21T11:51:10","modified_gmt":"2020-10-21T11:51:10","slug":"proximidade-e-solidariedade-de-episcopados-a-igreja-no-chile","status":"publish","type":"post","link":"https:\/\/www.salvatorianas.org.br\/blog\/proximidade-e-solidariedade-de-episcopados-a-igreja-no-chile\/","title":{"rendered":"Proximidade e solidariedade de episcopados \u00e0 Igreja no Chile"},"content":{"rendered":"\n<p> ara que Deus derrame sua gra\u00e7a sobre o povo chileno, para que possa aplacar os cora\u00e7\u00f5es dos violentos e que possa nascer o respeito pela verdade, pela justi\u00e7a e pelos direitos humanos\u201d, escreveram em uma mensagem em nome dos bispos espanh\u00f3is o cardeal Juan Jos\u00e9 Omella &#8211; presidente da Confer\u00eancia Episcopal Espanhola &#8211; e o secret\u00e1rio geral, Dom Luis J. Arg\u00fcello, bispo auxiliar de Valladolid, expressando proximidade \u00e0 Igreja no Chile &#8220;nestes momentos dif\u00edceis devido a v\u00e1rias explos\u00f5es de viol\u00eancia contra algumas igrejas da Arquidiocese de Santiago do Chile\u201d.<\/p>\n\n\n\n<p>Uma mensagem de solidariedade dirigida \u00e0 Igreja local e \u00e0s comunidades das par\u00f3quias de&nbsp;<em>La Asunci\u00f3n<\/em>&nbsp;e San Francisco de Borja, foi enviada pelos bispos argentinos, assinada por Dom Oscar V. Ojea e Dom Carlos H. Malfa, respectivamente presidente e secret\u00e1rio geral do Episcopado. Os prelados pediram a Deus &#8220;que conceda paz e amizade social \u00e0 na\u00e7\u00e3o irm\u00e3&#8221;, invocando a intercess\u00e3o de Nossa Senhora do Carmo, padroeira do Chile, por todo o povo, especialmente por aqueles que sofrem viol\u00eancia.<\/p>\n\n\n\n<p>Tamb\u00e9m os bispos da Patag\u00f4nia argentina, em uma carta dirigida aos prelados da Patag\u00f4nia e do sul do Chile, \u201cem face desses atos de viol\u00eancia que destroem os valores de conviv\u00eancia, paz e respeito, buscados e realizados com tanto sacrif\u00edcio, e agora violados e postos em crise\u201d, unem-se- ao povo fiel de Deus, expressando sua solidariedade.<\/p>\n\n\n\n<p>Dom Adalberto Mart\u00ednez Flores, presidente dos bispos do Paraguai, por sua vez, quis recordar em sua mensagem que \u201ctodo sinal de intoler\u00e2ncia, desrespeito e ofuscamento extremo, que ataca a dignidade das pessoas e suas express\u00f5es genu\u00ednas, revela o doloroso a dist\u00e2ncia e o erro cruel que o mal \u00e9 capaz de gerar no cora\u00e7\u00e3o e na mente de quem se esqueceu de Deus\u201d.<\/p>\n\n\n\n<p>Lamentando profundamente os fatos ocorridos no Chile, tamb\u00e9m a Confer\u00eancia Episcopal Mexicana, poucas horas depois dos atos de viol\u00eancia na capital, escreveu em sua conta no Twitter: \u201cOs templos s\u00e3o sinais da identidade de um povo, sua destrui\u00e7\u00e3o \u00e9 uma perda que afeta e fere a comunidade\u201d.<\/p>\n\n\n\n<p>Por fim, a presid\u00eancia do Conselho Episcopal Latino-americano (CELAM), rejeitando categoricamente os epis\u00f3dios violentos que atingiram as par\u00f3quias de Santiago do Chile, disse estar confiante de que as autoridades esclareceriam o mais breve poss\u00edvel &#8220;este ato de viol\u00eancia que n\u00e3o pode ser admitido de forma alguma, independentemente de sua origem&#8221;.<\/p>\n\n\n\n<p>\u201cCondenamos este e qualquer ato de sacril\u00e9gio ou profana\u00e7\u00e3o &#8211; declararam &#8211; que ameace a vida espiritual dos fi\u00e9is e a obra de evangeliza\u00e7\u00e3o da Igreja, especialmente nestes tempos dif\u00edceis de pandemia que vivemos\u201d.<\/p>\n\n\n\n<p>Vatican News Service &#8211; AP<\/p>\n\n\n\n<p> <\/p>\n","protected":false},"excerpt":{"rendered":"<p>ara que Deus derrame sua gra\u00e7a sobre o povo chileno, para que possa aplacar os cora\u00e7\u00f5es dos violentos e que possa nascer o respeito pela verdade, pela justi\u00e7a e pelos direitos humanos\u201d, escreveram&#8230;<\/p>\n","protected":false},"author":2,"featured_media":14760,"comment_status":"open","ping_status":"open","sticky":false,"template":"","format":"standard","meta":[],"categories":[1],"tags":[],"_links":{"self":[{"href":"https:\/\/www.salvatorianas.org.br\/blog\/wp-json\/wp\/v2\/posts\/14759"}],"collection":[{"href":"https:\/\/www.salvatorianas.org.br\/blog\/wp-json\/wp\/v2\/posts"}],"about":[{"href":"https:\/\/www.salvatorianas.org.br\/blog\/wp-json\/wp\/v2\/types\/post"}],"author":[{"embeddable":true,"href":"https:\/\/www.salvatorianas.org.br\/blog\/wp-json\/wp\/v2\/users\/2"}],"replies":[{"embeddable":true,"href":"https:\/\/www.salvatorianas.org.br\/blog\/wp-json\/wp\/v2\/comments?post=14759"}],"version-history":[{"count":1,"href":"https:\/\/www.salvatorianas.org.br\/blog\/wp-json\/wp\/v2\/posts\/14759\/revisions"}],"predecessor-version":[{"id":14761,"href":"https:\/\/www.salvatorianas.org.br\/blog\/wp-json\/wp\/v2\/posts\/14759\/revisions\/14761"}],"wp:featuredmedia":[{"embeddable":true,"href":"https:\/\/www.salvatorianas.org.br\/blog\/wp-json\/wp\/v2\/media\/14760"}],"wp:attachment":[{"href":"https:\/\/www.salvatorianas.org.br\/blog\/wp-json\/wp\/v2\/media?parent=14759"}],"wp:term":[{"taxonomy":"category","embeddable":true,"href":"https:\/\/www.salvatorianas.org.br\/blog\/wp-json\/wp\/v2\/categories?post=14759"},{"taxonomy":"post_tag","embeddable":true,"href":"https:\/\/www.salvatorianas.org.br\/blog\/wp-json\/wp\/v2\/tags?post=14759"}],"curies":[{"name":"wp","href":"https:\/\/api.w.org\/{rel}","templated":true}]}}