{"id":14707,"date":"2020-10-18T21:24:29","date_gmt":"2020-10-18T21:24:29","guid":{"rendered":"https:\/\/www.salvatorianas.org.br\/blog\/?p=14707"},"modified":"2020-10-19T19:04:26","modified_gmt":"2020-10-19T19:04:26","slug":"encontro-internacional-de-formandas-e-formandos-salvatorianos","status":"publish","type":"post","link":"https:\/\/www.salvatorianas.org.br\/blog\/encontro-internacional-de-formandas-e-formandos-salvatorianos\/","title":{"rendered":"ENCONTRO INTERNACIONAL DE FORMANDAS E FORMANDOS SALVATORIANOS"},"content":{"rendered":"\n<p><sup>No dia 17 de outubro de 2020, m\u00eas dedicado \u00e0s miss\u00f5es, a Fam\u00edlia Salvatoriana reuniu-se para refletir e animar a comunidade formativa, sobre o que \u00e9 ser mission\u00e1rio salvatoriano no mundo atual. &nbsp;A irm\u00e3 Lisete Buganti, al\u00e9m de acolher todos os participantes no primeiro encontro de forma\u00e7\u00e3o internacional, afirmou que a pandemia nos fechou, mas o Espirito suscita novas possibilidades. <\/sup><\/p>\n\n\n\n<p><em> &#8220;Pensa&nbsp;nos&nbsp;diversos povos,&nbsp;pa\u00edses&nbsp;e&nbsp;l\u00ednguas&nbsp;do&nbsp;orbe terrestre, e&nbsp;v\u00ea&nbsp;quanto&nbsp;ainda resta fazer&nbsp;para a&nbsp;gl\u00f3ria&nbsp;de&nbsp;Deus&nbsp;e a&nbsp;salva\u00e7\u00e3o&nbsp;do&nbsp;pr\u00f3ximo!&#8221;&nbsp;<\/em> <sup>(Pe. Jordan). Este pensamento apresentado pelo padre Francisco Sydney de Mac\u00eado Gon\u00e7alves, marcou a acolhida e o in\u00edcio do encontro que uniu formadores, animadores vocacionais, formandas e formandos salvatorianos do Brasil, Mo\u00e7ambique e Col\u00f4mbia.<\/sup><\/p>\n\n\n\n<p><sup>Ap\u00f3s o momento de espiritualidade dinamizado pelos formandos salvatorianos, deu in\u00edcio o momento de forma\u00e7\u00e3o com o padre Milton Zonta, superior geral da Sociedade do Divino Salvador, que refletiu a partir desta tem\u00e1tica: <strong>Uma tocha que arde e ilumina \u2013 Dinamismo mission\u00e1rio salvatoriano<\/strong>. Padre Milton usou a imagem do inverno para refletir os tempos em que vivemos nossa vida consagrada. O inverno representa a falta de luz, poucas flores, poucas cores. Mas, afirma o superior, n\u00e3o \u00e9 tempo de morte, de desesperan\u00e7a, mas sim, tempo de trabalho, de prepara\u00e7\u00e3o, pois em breve florescer\u00e1, e as cores voltam a vibrar.<\/sup><\/p>\n\n\n\n<p><sup>Padre Milton Zonta ressaltou que mesmo passando por um per\u00edodo de poucas voca\u00e7\u00f5es, n\u00e3o \u00e9 tempo de desespero ou tristeza, pois \u00e9 tempo de preparar as ra\u00edzes. Quer dizer, cuidar do que \u00e9 importante para ser um bom salvatoriano, e consequentemente, surgir\u00e3o novas voca\u00e7\u00f5es, como sonhou nosso fundador. Mas, como fazer o que padre Jordan sonhou para nossa miss\u00e3o? Esse  foi o tema central de sua fala nesse encontro, pontuando alguns fundamentos que constitui o paradigma da nossa voca\u00e7\u00e3o missionaria nos tempos de hoje. O papa Francisco nos convida a mudar o rosto da igreja, e essa mudan\u00e7a se chama dinamismo mission\u00e1rio que atua por atra\u00e7\u00e3o. Uma nova etapa que todos n\u00f3s precisamos ser instrumentos desse dinamismo. <\/sup><\/p>\n\n\n\n<h3 class=\"wp-block-heading\"><strong><sup>PRESSUPOSTOS DA MISS\u00c3O HOJE:<\/sup><\/strong><\/h3>\n\n\n\n<figure class=\"wp-block-image\"><img decoding=\"async\" loading=\"lazy\" width=\"1024\" height=\"511\" src=\"https:\/\/www.salvatorianas.org.br\/blog\/wp-content\/uploads\/2020\/10\/Milton-01-1024x511.jpg\" alt=\"\" class=\"wp-image-14708\" srcset=\"https:\/\/www.salvatorianas.org.br\/blog\/wp-content\/uploads\/2020\/10\/Milton-01-1024x511.jpg 1024w, https:\/\/www.salvatorianas.org.br\/blog\/wp-content\/uploads\/2020\/10\/Milton-01-300x150.jpg 300w, https:\/\/www.salvatorianas.org.br\/blog\/wp-content\/uploads\/2020\/10\/Milton-01-768x383.jpg 768w, https:\/\/www.salvatorianas.org.br\/blog\/wp-content\/uploads\/2020\/10\/Milton-01.jpg 1719w\" sizes=\"(max-width: 1024px) 100vw, 1024px\" \/><\/figure>\n\n\n\n<p><\/p>\n\n\n\n<p><strong><sup>M\u00edstica e miss\u00e3o<\/sup><\/strong><sup> <\/sup><\/p>\n\n\n\n<p><sup>Padre Milton apontou que esses dois movimentos s\u00e3o insuper\u00e1veis, e utilizou como exemplo as linhas dos trens, da qual, se faltam uma delas, o trem n\u00e3o anda. E ele segue afirmando que o mission\u00e1rio n\u00e3o tem luz pr\u00f3pria, sempre \u00e9 algu\u00e9m enviado. E o centro dessa miss\u00e3o \u00e9 o encontro com Jesus Cristo, quem o enviou. Todo crist\u00e3o \u00e9 mission\u00e1rio desde o momento que se encontra com a pessoa de Jesus. Por isso, a miss\u00e3o n\u00e3o pode ser parte da nossa vida, ela tem que ser a nossa vida. N\u00e3o \u00e9 um ornamento para deixar de lado.  A miss\u00e3o, tamb\u00e9m, n\u00e3o \u00e9 um pequeno momento que vivencio em alguns momentos espec\u00edficos por onde passo. Miss\u00e3o \u00e9 ser e agir. Quem \u00e9 disc\u00edpulo \u00e9 mission\u00e1rio e, isso, n\u00e3o \u00e9 algo que possa nos ser tirado e continuarmos intactos. Sem a miss\u00e3o paramos de respirar. <\/sup><\/p>\n\n\n\n<p><sup>Ent\u00e3o, segundo o superior, a\nproblem\u00e1tica sobre a miss\u00e3o n\u00e3o s\u00e3o os meios. O principal desafio \u00e9 unir\nM\u00edstica e Miss\u00e3o. De nada serve se fizermos grandes projetos caritativos sem\nespiritualidade. O cora\u00e7\u00e3o da miss\u00e3o \u00e9 a ora\u00e7\u00e3o, ou seja, m\u00edstica e miss\u00e3o.<\/sup><\/p>\n\n\n\n<p><strong><sup>O\nparadigma da miss\u00e3o <\/sup><\/strong><\/p>\n\n\n\n<p><sup>Modelo de igreja que prevalecia no tempo de Jordan \u00e9 a miss\u00e3o Miss\u00e3o Ad Gentes, ou seja, primeiro an\u00fancio para aqueles povos que n\u00e3o conhece a Jesus, a igreja tinha o controle da miss\u00e3o. Como \u00e9 sabido, foi \u00e0 igreja que convidou a Jordan a enviar mission\u00e1rios para a \u00cdndia. A vis\u00e3o da miss\u00e3o tem como base a catequese, batizados e an\u00fancio. Com essa perspectiva, milhares de homens e mulheres deixaram seus pa\u00edses para ser mission\u00e1rios em terras long\u00ednquas. Por\u00e9m, nos recorda o padre superior, uma grande mudan\u00e7a aconteceu na ideia de miss\u00e3o, e essa mudan\u00e7a tem por base a reforma protestante, da qual, come\u00e7ando a refletir sobre o conceito de miss\u00e3o e concluiu que a miss\u00e3o \u00e9 anterior a igreja, \u00e9 um atributo de Deus, uma vez que \u201cDeus \u00e9 miss\u00e3o\u201d, assegurou padre Milton Zonta. Com o Vaticano II a &nbsp;miss\u00e3o ganha uma amplitude bastante positiva, uma vez &nbsp;que a igreja j\u00e1 n\u00e3o \u00e9 centro da miss\u00e3o, e sim, uma importante colaboradora. Dito de outra forma, miss\u00e3o \u00e9 o modo de ser da igreja. Miss\u00e3o \u00e9 um verbo em movimento, que nos faz ultrapassar todas as fronteiras.<\/sup><\/p>\n\n\n\n<p><sup>Ao relembrar nosso carisma,\npadre Milton relembra que quando Jordan escreve nossa miss\u00e3o, &nbsp;ele n\u00e3o cita em obras como escola, par\u00f3quias\nou qualquer modo e sim exalta a fortalecer, conhecer, propagar a f\u00e9 cat\u00f3lica.<\/sup><\/p>\n\n\n\n<p><sup>N\u00f3s n\u00e3o somos protagonistas da\nmiss\u00e3o, somos colabores, cooperadores dessa miss\u00e3o. O protagonista \u00e9 o Espirito\nSanto. O importante n\u00e3o \u00e9 o que fazemos, mas sim, aquilo que o Espirito Santo\nest\u00e1 fazendo atrav\u00e9s de nos. Como diz Madre Teresa de Calcut\u00e1: \u201csomos um l\u00e1pis\nna m\u00e3o de Deus\u201d. Mas, qual a miss\u00e3o especifica dos salvatoriana? <strong>Em que consiste? <\/strong><\/sup><\/p>\n\n\n\n<p><sup>Somos chamados a colaborar com\na a\u00e7\u00e3o do Esp\u00edrito Santo. N\u00e3o \u00e9 os salvatorianos, salvatorianas que possuem a\nmiss\u00e3o, mas sim, a miss\u00e3o que as possui. <\/sup><\/p>\n\n\n\n<p><sup>O papa Francisco na <em>Evagelli\nGaudium<\/em> destaca que todos os carismas est\u00e3o juntos, mas cada um tem a sua\nparticularidade. O carisma n\u00e3o \u00e9 uma pe\u00e7a de museu, fechado, protegido por um\ngrupo. O carisma \u00e9 um presente do Espirito. Cada carisma tem muito o que\ncooperar na miss\u00e3o de Deus.<\/sup><\/p>\n\n\n\n<p><sup>Devemos sair e oferecer o que temos de mais valioso, ou seja, oferecer a todos a vida de Jesus Cristo. \u00c9 nisso que os salvatorianos devem colaborar, oferecendo a todos a vida de Jesus Cristo. E como afirma Milton Zonta, \u00e9 impressionante como muitas pessoas ainda n\u00e3o conhecem a Jesus Cristo. N\u00f3s, religiosas e religiosos salvatorianos devemos colaborar com a igreja tornando Jesus conhecido. Essa \u00e9 a nossa miss\u00e3o. Conhecer Jesus \u00e9 o melhor presente que alguma pessoa pode ter, por isso, ser apost\u00f3lico deve estar no DNA de todo salvatoriano e salvatoriana.<\/sup><\/p>\n\n\n\n<p><strong><sup>Caminhos e horizontes da miss\u00e3o<\/sup><\/strong><\/p>\n\n\n\n<figure class=\"wp-block-image\"><img decoding=\"async\" loading=\"lazy\" width=\"1024\" height=\"577\" src=\"https:\/\/www.salvatorianas.org.br\/blog\/wp-content\/uploads\/2020\/10\/Milton-02-1024x577.jpg\" alt=\"\" class=\"wp-image-14709\" srcset=\"https:\/\/www.salvatorianas.org.br\/blog\/wp-content\/uploads\/2020\/10\/Milton-02-1024x577.jpg 1024w, https:\/\/www.salvatorianas.org.br\/blog\/wp-content\/uploads\/2020\/10\/Milton-02-300x169.jpg 300w, https:\/\/www.salvatorianas.org.br\/blog\/wp-content\/uploads\/2020\/10\/Milton-02-768x432.jpg 768w, https:\/\/www.salvatorianas.org.br\/blog\/wp-content\/uploads\/2020\/10\/Milton-02.jpg 1188w\" sizes=\"(max-width: 1024px) 100vw, 1024px\" \/><\/figure>\n\n\n\n<p><\/p>\n\n\n\n<p><sup>Seguir Jesus Cristo, nosso salvador,&nbsp; \u00e9 abra\u00e7ar com ousadia a miss\u00e3o. O contr\u00e1rio de miss\u00e3o \u00e9 omiss\u00e3o, n\u00e3o podemos ser omissos \u00e0 Jesus. E para isso \u00e9 necess\u00e1rio ter compaix\u00e3o com os pobres e marginalizados. N\u00e3o h\u00e1 como ser disc\u00edpulos mission\u00e1rios sem ter compaix\u00e3o pelos pobres, n\u00e3o sendo sens\u00edvel \u00e0s realidades com que as pessoas vivem. &nbsp;O sofrimento alheio deve despertar em n\u00f3s os mesmos sentimentos de Jesus. Jamais devemos esquecer que os pobres s\u00e3o os privilegiados do Evangelho. Eles s\u00e3o para n\u00f3s a carne de Cristo. Segundo papa Francisco, os pobres s\u00e3o o passaporte para o para\u00edso. <\/sup><\/p>\n\n\n\n<p><strong><sup>A\nbeleza pela vida doada aos demais<\/sup><\/strong><\/p>\n\n\n\n<p><sup>A beleza salvar\u00e1 o mundo, mas a \u201cbeleza\u201d \u00e9 diferente de est\u00e9tica.  Isto significa que a beleza \u00e9 a vida verdadeira, que fascina que contagia como foi \u00e0 vida de Francisco Jordan. A vida de compaix\u00e3o de entrega \u00e9 uma vida bela. Uma vida com o espirito, doada, entregue \u00e9 bela. J\u00e1 a est\u00e9tica \u00e9 algo passageiro, sup\u00e9rfluo. Logo a beleza \u00e9 duradoura, transformadora, j\u00e1 que ela est\u00e1 no ato de &nbsp;amar at\u00e9 o fim, como fez Jesus Cristo. A beleza evang\u00e9lica est\u00e1 em uma vida de entrega.<\/sup><\/p>\n\n\n\n<p><strong><sup>O\ntestemunho de um modo diferente de viver<\/sup><\/strong><sup><\/sup><\/p>\n\n\n\n<p><sup>&nbsp;Segundo o superior geral a miss\u00e3o se faz com\ntestemunho, ele \u00e9 o maior e mais importante meio de evangeliza\u00e7\u00e3o. devemos\nsempre ter presente que a igreja cresce por atra\u00e7\u00e3o. E para atrair as pessoas\ndevemos atuar com humildade, sem fugir atr\u00e1s de t\u00edtulos, somente assim ser\u00e1 exaltado\na pessoa de Cristo e n\u00e3o a nossa pessoa. Devemos ser testemunha de uma forma\ndiferente de fazer as coisas, de agir e de viver. Com isso promoveremos a\ncultura do encontro. &nbsp;O encontro com\nJesus Cristo. Como j\u00e1 dissemos, mais do que os discursos, o que encanta s\u00e3o os\ngestos, a proximidade, a simplicidade, o testemunho.&nbsp; <\/sup><\/p>\n\n\n\n<p><strong><sup>Redes\nSociais em sintonia com os nativos digitais<\/sup><\/strong><\/p>\n\n\n\n<p><sup>O mundo digital \u00e9 mais que uma ferramenta \u00e9 uma realidade que da qual n\u00e3o se pode escapar. Para muitos \u00e9 um modo de viver, \u00e9 o ambiente do dia a dia. E se nossa miss\u00e3o exige estarmos onde est\u00e3o as pessoas, logo, hoje a miss\u00e3o &nbsp;tamb\u00e9m deve estar nesse ambiente. A miss\u00e3o digital n\u00e3o se faz mais como <\/sup><em><sup>hobby<\/sup><\/em><sup>, e sim, com seriedade e const\u00e2ncia. Precisa forma\u00e7\u00e3o, dedicar tempo. Dito de outro modo, a comunica\u00e7\u00e3o digital \u00e9 o lugar de miss\u00e3o, por isso precisa de prepara\u00e7\u00e3o e estudo.<\/sup><\/p>\n\n\n\n<p><sup>O papa Francisco nos chama\npara um dinamismo mission\u00e1rio que atua por atra\u00e7\u00e3o. \u201cSenhor, que eu esteja\nsempre abrasado de um grande amor por Ti\u201d Pe. Jordan. Que sejamos essa tocha em\nmovimento, em lugar de um farol que est\u00e1 parado. Que tipos de mission\u00e1rios voc\u00ea\nquer ser? Um farol est\u00e1tico ou uma tocha em movimento?<\/sup><\/p>\n\n\n\n<p><sup>\u201cA juventude n\u00e3o \u00e9 uma sala de espera, \u00e9 o agora de Deus.\u201d (papa Francisco)<\/sup><\/p>\n\n\n\n<p><sup>Ap\u00f3s a explana\u00e7\u00e3o do padre Milton, foi aberto um espa\u00e7o para perguntas e resson\u00e2ncias. <\/sup><sub>No fechamento do encontro, Ir. Sandra Regina Alves de Souza, destacou dois horizontes: <strong>1)<\/strong> A compaix\u00e3o pelos pobres, pelos \u00faltimos \u2013&nbsp; \u201cOs pobres nos evangelizam e nos formam\u201d. \u00c9 importante n\u00e3o perdermos esse foco, para assim continuarmos neste fluxo da miss\u00e3o, com o cora\u00e7\u00e3o cheio de compaix\u00e3o e miseric\u00f3rdia. <strong>2)&nbsp;<\/strong> A beleza de uma vida doada. \u00c9 um convite para vermos a vida doada com um olhar de beleza e de contempla\u00e7\u00e3o. Ao contemplar tantos salvatorianos e salvatorianas pelo mundo afora, podemos vislumbrar a beleza de uma vida doada a servi\u00e7o do Reino de Deus. Por fim, agradeceu aos jovens formados e formandas por fazerem parte da miss\u00e3o salvatoriana.<\/sub><\/p>\n\n\n\n<p><sup> O encontro foi um verdadeiro kair\u00f3s, tempo da gra\u00e7a, tempo da vida, tempo da esperan\u00e7a, tempo em que reafirmou o desejo de fazer da nossa vida uma miss\u00e3o. <\/sup><\/p>\n\n\n\n<figure class=\"wp-block-image\"><img decoding=\"async\" loading=\"lazy\" width=\"1024\" height=\"576\" src=\"https:\/\/www.salvatorianas.org.br\/blog\/wp-content\/uploads\/2020\/10\/ora\u00e7\u00e3o-1024x576.jpg\" alt=\"\" class=\"wp-image-14711\" srcset=\"https:\/\/www.salvatorianas.org.br\/blog\/wp-content\/uploads\/2020\/10\/ora\u00e7\u00e3o-1024x576.jpg 1024w, https:\/\/www.salvatorianas.org.br\/blog\/wp-content\/uploads\/2020\/10\/ora\u00e7\u00e3o-300x169.jpg 300w, https:\/\/www.salvatorianas.org.br\/blog\/wp-content\/uploads\/2020\/10\/ora\u00e7\u00e3o-768x432.jpg 768w, https:\/\/www.salvatorianas.org.br\/blog\/wp-content\/uploads\/2020\/10\/ora\u00e7\u00e3o.jpg 1920w\" sizes=\"(max-width: 1024px) 100vw, 1024px\" \/><\/figure>\n\n\n\n<figure class=\"wp-block-image\"><img decoding=\"async\" loading=\"lazy\" width=\"1024\" height=\"577\" src=\"https:\/\/www.salvatorianas.org.br\/blog\/wp-content\/uploads\/2020\/10\/Pe.-Cesar-e-Lisete-1024x577.jpg\" alt=\"\" class=\"wp-image-14712\" srcset=\"https:\/\/www.salvatorianas.org.br\/blog\/wp-content\/uploads\/2020\/10\/Pe.-Cesar-e-Lisete-1024x577.jpg 1024w, https:\/\/www.salvatorianas.org.br\/blog\/wp-content\/uploads\/2020\/10\/Pe.-Cesar-e-Lisete-300x169.jpg 300w, https:\/\/www.salvatorianas.org.br\/blog\/wp-content\/uploads\/2020\/10\/Pe.-Cesar-e-Lisete-768x432.jpg 768w, https:\/\/www.salvatorianas.org.br\/blog\/wp-content\/uploads\/2020\/10\/Pe.-Cesar-e-Lisete.jpg 1188w\" sizes=\"(max-width: 1024px) 100vw, 1024px\" \/><\/figure>\n\n\n\n<figure class=\"wp-block-image\"><img decoding=\"async\" loading=\"lazy\" width=\"1024\" height=\"577\" src=\"https:\/\/www.salvatorianas.org.br\/blog\/wp-content\/uploads\/2020\/10\/Sydney-1024x577.jpg\" alt=\"\" class=\"wp-image-14713\" srcset=\"https:\/\/www.salvatorianas.org.br\/blog\/wp-content\/uploads\/2020\/10\/Sydney-1024x577.jpg 1024w, https:\/\/www.salvatorianas.org.br\/blog\/wp-content\/uploads\/2020\/10\/Sydney-300x169.jpg 300w, https:\/\/www.salvatorianas.org.br\/blog\/wp-content\/uploads\/2020\/10\/Sydney-768x432.jpg 768w, https:\/\/www.salvatorianas.org.br\/blog\/wp-content\/uploads\/2020\/10\/Sydney.jpg 1188w\" sizes=\"(max-width: 1024px) 100vw, 1024px\" \/><\/figure>\n\n\n\n<figure class=\"wp-block-image\"><img decoding=\"async\" loading=\"lazy\" width=\"1024\" height=\"577\" src=\"https:\/\/www.salvatorianas.org.br\/blog\/wp-content\/uploads\/2020\/10\/Ir.-Sandra-1024x577.jpg\" alt=\"\" class=\"wp-image-14714\" srcset=\"https:\/\/www.salvatorianas.org.br\/blog\/wp-content\/uploads\/2020\/10\/Ir.-Sandra-1024x577.jpg 1024w, https:\/\/www.salvatorianas.org.br\/blog\/wp-content\/uploads\/2020\/10\/Ir.-Sandra-300x169.jpg 300w, https:\/\/www.salvatorianas.org.br\/blog\/wp-content\/uploads\/2020\/10\/Ir.-Sandra-768x432.jpg 768w, https:\/\/www.salvatorianas.org.br\/blog\/wp-content\/uploads\/2020\/10\/Ir.-Sandra.jpg 1188w\" sizes=\"(max-width: 1024px) 100vw, 1024px\" \/><\/figure>\n\n\n\n<figure class=\"wp-block-image\"><img decoding=\"async\" loading=\"lazy\" width=\"1024\" height=\"768\" src=\"https:\/\/www.salvatorianas.org.br\/blog\/wp-content\/uploads\/2020\/10\/IMG-20201017-WA0017-1024x768.jpg\" alt=\"\" class=\"wp-image-14715\" srcset=\"https:\/\/www.salvatorianas.org.br\/blog\/wp-content\/uploads\/2020\/10\/IMG-20201017-WA0017-1024x768.jpg 1024w, https:\/\/www.salvatorianas.org.br\/blog\/wp-content\/uploads\/2020\/10\/IMG-20201017-WA0017-300x225.jpg 300w, https:\/\/www.salvatorianas.org.br\/blog\/wp-content\/uploads\/2020\/10\/IMG-20201017-WA0017-768x576.jpg 768w, https:\/\/www.salvatorianas.org.br\/blog\/wp-content\/uploads\/2020\/10\/IMG-20201017-WA0017.jpg 1280w\" sizes=\"(max-width: 1024px) 100vw, 1024px\" \/><\/figure>\n\n\n\n<figure class=\"wp-block-image\"><img decoding=\"async\" loading=\"lazy\" width=\"1024\" height=\"768\" src=\"https:\/\/www.salvatorianas.org.br\/blog\/wp-content\/uploads\/2020\/10\/Vocacionadas-Mo\u00e7ambique-1024x768.jpeg\" alt=\"\" class=\"wp-image-14716\" srcset=\"https:\/\/www.salvatorianas.org.br\/blog\/wp-content\/uploads\/2020\/10\/Vocacionadas-Mo\u00e7ambique-1024x768.jpeg 1024w, https:\/\/www.salvatorianas.org.br\/blog\/wp-content\/uploads\/2020\/10\/Vocacionadas-Mo\u00e7ambique-300x225.jpeg 300w, https:\/\/www.salvatorianas.org.br\/blog\/wp-content\/uploads\/2020\/10\/Vocacionadas-Mo\u00e7ambique-768x576.jpeg 768w, https:\/\/www.salvatorianas.org.br\/blog\/wp-content\/uploads\/2020\/10\/Vocacionadas-Mo\u00e7ambique.jpeg 1280w\" sizes=\"(max-width: 1024px) 100vw, 1024px\" \/><\/figure>\n\n\n\n<figure class=\"wp-block-image\"><img decoding=\"async\" loading=\"lazy\" width=\"1024\" height=\"768\" src=\"https:\/\/www.salvatorianas.org.br\/blog\/wp-content\/uploads\/2020\/10\/IMG-20201017-WA0021-1024x768.jpg\" alt=\"\" class=\"wp-image-14717\" srcset=\"https:\/\/www.salvatorianas.org.br\/blog\/wp-content\/uploads\/2020\/10\/IMG-20201017-WA0021-1024x768.jpg 1024w, https:\/\/www.salvatorianas.org.br\/blog\/wp-content\/uploads\/2020\/10\/IMG-20201017-WA0021-300x225.jpg 300w, https:\/\/www.salvatorianas.org.br\/blog\/wp-content\/uploads\/2020\/10\/IMG-20201017-WA0021-768x576.jpg 768w, https:\/\/www.salvatorianas.org.br\/blog\/wp-content\/uploads\/2020\/10\/IMG-20201017-WA0021.jpg 1280w\" sizes=\"(max-width: 1024px) 100vw, 1024px\" \/><\/figure>\n\n\n\n<figure class=\"wp-block-image\"><img decoding=\"async\" loading=\"lazy\" width=\"1024\" height=\"577\" src=\"https:\/\/www.salvatorianas.org.br\/blog\/wp-content\/uploads\/2020\/10\/Aspirantes-Mo\u00e7ambique-1024x577.jpg\" alt=\"\" class=\"wp-image-14718\" srcset=\"https:\/\/www.salvatorianas.org.br\/blog\/wp-content\/uploads\/2020\/10\/Aspirantes-Mo\u00e7ambique-1024x577.jpg 1024w, https:\/\/www.salvatorianas.org.br\/blog\/wp-content\/uploads\/2020\/10\/Aspirantes-Mo\u00e7ambique-300x169.jpg 300w, https:\/\/www.salvatorianas.org.br\/blog\/wp-content\/uploads\/2020\/10\/Aspirantes-Mo\u00e7ambique-768x432.jpg 768w, https:\/\/www.salvatorianas.org.br\/blog\/wp-content\/uploads\/2020\/10\/Aspirantes-Mo\u00e7ambique.jpg 1188w\" sizes=\"(max-width: 1024px) 100vw, 1024px\" \/><\/figure>\n\n\n\n<figure class=\"wp-block-image\"><img decoding=\"async\" loading=\"lazy\" width=\"1024\" height=\"577\" src=\"https:\/\/www.salvatorianas.org.br\/blog\/wp-content\/uploads\/2020\/10\/Noviciado-Salvatoriano-1024x577.jpg\" alt=\"\" class=\"wp-image-14719\" srcset=\"https:\/\/www.salvatorianas.org.br\/blog\/wp-content\/uploads\/2020\/10\/Noviciado-Salvatoriano-1024x577.jpg 1024w, https:\/\/www.salvatorianas.org.br\/blog\/wp-content\/uploads\/2020\/10\/Noviciado-Salvatoriano-300x169.jpg 300w, https:\/\/www.salvatorianas.org.br\/blog\/wp-content\/uploads\/2020\/10\/Noviciado-Salvatoriano-768x432.jpg 768w, https:\/\/www.salvatorianas.org.br\/blog\/wp-content\/uploads\/2020\/10\/Noviciado-Salvatoriano.jpg 1188w\" sizes=\"(max-width: 1024px) 100vw, 1024px\" \/><\/figure>\n\n\n\n<figure class=\"wp-block-image\"><img decoding=\"async\" loading=\"lazy\" width=\"575\" height=\"1024\" src=\"https:\/\/www.salvatorianas.org.br\/blog\/wp-content\/uploads\/2020\/10\/Aspirantes-575x1024.jpg\" alt=\"\" class=\"wp-image-14720\" srcset=\"https:\/\/www.salvatorianas.org.br\/blog\/wp-content\/uploads\/2020\/10\/Aspirantes-575x1024.jpg 575w, https:\/\/www.salvatorianas.org.br\/blog\/wp-content\/uploads\/2020\/10\/Aspirantes-169x300.jpg 169w, https:\/\/www.salvatorianas.org.br\/blog\/wp-content\/uploads\/2020\/10\/Aspirantes.jpg 719w\" sizes=\"(max-width: 575px) 100vw, 575px\" \/><\/figure>\n\n\n\n<figure class=\"wp-block-image\"><img decoding=\"async\" loading=\"lazy\" width=\"1024\" height=\"549\" src=\"https:\/\/www.salvatorianas.org.br\/blog\/wp-content\/uploads\/2020\/10\/VOCACIONADA-XX-1024x549.jpg\" alt=\"\" class=\"wp-image-14721\" srcset=\"https:\/\/www.salvatorianas.org.br\/blog\/wp-content\/uploads\/2020\/10\/VOCACIONADA-XX-1024x549.jpg 1024w, https:\/\/www.salvatorianas.org.br\/blog\/wp-content\/uploads\/2020\/10\/VOCACIONADA-XX-300x161.jpg 300w, https:\/\/www.salvatorianas.org.br\/blog\/wp-content\/uploads\/2020\/10\/VOCACIONADA-XX-768x412.jpg 768w, https:\/\/www.salvatorianas.org.br\/blog\/wp-content\/uploads\/2020\/10\/VOCACIONADA-XX.jpg 1596w\" sizes=\"(max-width: 1024px) 100vw, 1024px\" \/><\/figure>\n\n\n\n<figure class=\"wp-block-image\"><img decoding=\"async\" loading=\"lazy\" width=\"1024\" height=\"577\" src=\"https:\/\/www.salvatorianas.org.br\/blog\/wp-content\/uploads\/2020\/10\/Milton-03-1024x577.jpg\" alt=\"\" class=\"wp-image-14710\" srcset=\"https:\/\/www.salvatorianas.org.br\/blog\/wp-content\/uploads\/2020\/10\/Milton-03-1024x577.jpg 1024w, https:\/\/www.salvatorianas.org.br\/blog\/wp-content\/uploads\/2020\/10\/Milton-03-300x169.jpg 300w, https:\/\/www.salvatorianas.org.br\/blog\/wp-content\/uploads\/2020\/10\/Milton-03-768x432.jpg 768w, https:\/\/www.salvatorianas.org.br\/blog\/wp-content\/uploads\/2020\/10\/Milton-03.jpg 1188w\" sizes=\"(max-width: 1024px) 100vw, 1024px\" \/><\/figure>\n\n\n\n<h2 class=\"wp-block-heading\"><\/h2>\n\n\n\n<p><\/p>\n\n\n\n<p>Com a colabora\u00e7\u00e3o do Jn. Cl\u00e1udio da Silva Serralheiro<\/p>\n","protected":false},"excerpt":{"rendered":"<p>No dia 17 de outubro de 2020, m\u00eas dedicado \u00e0s miss\u00f5es, a Fam\u00edlia Salvatoriana reuniu-se para refletir e animar a comunidade formativa, sobre o que \u00e9 ser mission\u00e1rio salvatoriano no mundo atual. &nbsp;A&#8230;<\/p>\n","protected":false},"author":2,"featured_media":14722,"comment_status":"open","ping_status":"open","sticky":false,"template":"","format":"standard","meta":[],"categories":[1],"tags":[],"_links":{"self":[{"href":"https:\/\/www.salvatorianas.org.br\/blog\/wp-json\/wp\/v2\/posts\/14707"}],"collection":[{"href":"https:\/\/www.salvatorianas.org.br\/blog\/wp-json\/wp\/v2\/posts"}],"about":[{"href":"https:\/\/www.salvatorianas.org.br\/blog\/wp-json\/wp\/v2\/types\/post"}],"author":[{"embeddable":true,"href":"https:\/\/www.salvatorianas.org.br\/blog\/wp-json\/wp\/v2\/users\/2"}],"replies":[{"embeddable":true,"href":"https:\/\/www.salvatorianas.org.br\/blog\/wp-json\/wp\/v2\/comments?post=14707"}],"version-history":[{"count":21,"href":"https:\/\/www.salvatorianas.org.br\/blog\/wp-json\/wp\/v2\/posts\/14707\/revisions"}],"predecessor-version":[{"id":14752,"href":"https:\/\/www.salvatorianas.org.br\/blog\/wp-json\/wp\/v2\/posts\/14707\/revisions\/14752"}],"wp:featuredmedia":[{"embeddable":true,"href":"https:\/\/www.salvatorianas.org.br\/blog\/wp-json\/wp\/v2\/media\/14722"}],"wp:attachment":[{"href":"https:\/\/www.salvatorianas.org.br\/blog\/wp-json\/wp\/v2\/media?parent=14707"}],"wp:term":[{"taxonomy":"category","embeddable":true,"href":"https:\/\/www.salvatorianas.org.br\/blog\/wp-json\/wp\/v2\/categories?post=14707"},{"taxonomy":"post_tag","embeddable":true,"href":"https:\/\/www.salvatorianas.org.br\/blog\/wp-json\/wp\/v2\/tags?post=14707"}],"curies":[{"name":"wp","href":"https:\/\/api.w.org\/{rel}","templated":true}]}}