{"id":14656,"date":"2020-10-11T14:31:31","date_gmt":"2020-10-11T14:31:31","guid":{"rendered":"https:\/\/www.salvatorianas.org.br\/blog\/?p=14656"},"modified":"2020-10-11T14:34:13","modified_gmt":"2020-10-11T14:34:13","slug":"carlo-acutis-o-anjo-da-juventude-e-o-mais-novo-beato-da-igreja","status":"publish","type":"post","link":"https:\/\/www.salvatorianas.org.br\/blog\/carlo-acutis-o-anjo-da-juventude-e-o-mais-novo-beato-da-igreja\/","title":{"rendered":"Carlo Acutis, o anjo da juventude, \u00e9 o mais novo beato da Igreja"},"content":{"rendered":"\n<p> Com apenas 15 anos de idade,\u00a0<strong>Carlo Acutis<\/strong>\u00a0faleceu em um hospital em Monza, na It\u00e1lia, em 2006. Tornou-se, desde ent\u00e3o, um exemplo de santidade contempor\u00e2nea. E neste s\u00e1bado, 10, na Bas\u00edlica de S\u00e3o Francisco, em Assis, na It\u00e1lia, Carlo entrou para o pante\u00e3o de beatos da Igreja Cat\u00f3lica.<\/p>\n\n\n\n<p>A Bas\u00edlica p\u00f4de conter poucas centenas de pessoas, mas a missa foi acompanhada ao vivo em tel\u00f5es instalados fora da igreja e por milh\u00f5es de fi\u00e9is em todo o mundo atrav\u00e9s das redes sociais.<\/p>\n\n\n\n<p>Logo no in\u00edcio, na presen\u00e7a dos pais \u2013 Andrea e Antonia \u2013 e dois irm\u00e3os do jovem, foi lida uma breve biografia do novo beato e o presidente da celebra\u00e7\u00e3o e representante pontif\u00edcio \u2013 cardeal-vig\u00e1rio do Papa para a Diocese de Roma, Agostino Vallini \u2013 leu a carta do Papa Francisco com a f\u00f3rmula de beatifica\u00e7\u00e3o:<\/p>\n\n\n\n<p>\u201cConcedemos que o Vener\u00e1vel Servo de Deus Carlo Acutis, leigo, que, com o entusiasmo da juventude, cultivou amizade com o Senhor Jesus, colocando a Eucaristia e o testemunho da caridade no centro da pr\u00f3pria vida, a partir de agora seja chamado Beato e que seja celebrado todos os anos nos locais e de acordo com as regras estabelecidas pelo direito, em 12 de outubro, dia de seu nascimento ao c\u00e9u.\u201d<\/p>\n\n\n\n<h2 class=\"wp-block-heading\">Ora\u00e7\u00e3o e miss\u00e3o<\/h2>\n\n\n\n<p>A seguir, sob calorosos aplausos, foi revelada a imagem do beato, enquanto uma rel\u00edquia foi levada em prociss\u00e3o at\u00e9 ao altar.<\/p>\n\n\n\n<p>J\u00e1 na homilia, o cardeal Vallini repercorreu os momentos de uma curta, mas intensa exist\u00eancia.<\/p>\n\n\n\n<p>\u201cEspontaneamente surge a pergunta: o que havia de especial nesse jovem de apenas quinze anos? Ele tinha o dom de atrair e era visto como exemplo. Desde crian\u00e7a, sentia a necessidade da f\u00e9 e tinha o olhar voltado para Jesus\u201d, disse o cardeal.<\/p>\n\n\n\n<p>Jesus era para ele Amigo, Mestre e Salvador, era a for\u00e7a da sua vida e o prop\u00f3sito de tudo o que fazia, inclusive na internet.<\/p>\n\n\n\n<blockquote class=\"wp-block-quote\"><p>\u201cOra\u00e7\u00e3o e miss\u00e3o: estes s\u00e3o os dois tra\u00e7os distintivos da f\u00e9 heroica do Beato Carlos Acutis, que no decorrer da sua breve vida o levou a confiar-se ao Senhor em todas as circunst\u00e2ncias, especialmente nos momentos mais dif\u00edceis.\u201d<\/p><\/blockquote>\n\n\n\n<p>O novo Beato representa ainda um modelo de for\u00e7a, alheio a toda forma pactos, consciente de que, para permanecer no amor de Jesus, \u00e9 necess\u00e1rio viver o Evangelho de forma concreta (cf. Jo 15,10), mesmo \u00e0 custa de ir contra a mar\u00e9.<\/p>\n\n\n\n<p>A sua vida \u00e9 um modelo particularmente para os jovens, a n\u00e3o encontrar gratifica\u00e7\u00e3o somente nos sucessos ef\u00eameros, mas nos valores perenes que Jesus sugere no Evangelho.<\/p>\n\n\n\n<p>\u201cAcutis testemunhou que a f\u00e9 n\u00e3o nos afasta da vida, mas nos mergulha mais profundamente nela, indicando-nos o caminho concreto para viver a alegria do Evangelho. Cabe-nos percorr\u00ea-lo, atra\u00eddos pela fascinante experi\u00eancia do Beato Carlos, para que tamb\u00e9m a nossa vida possa resplandecer de luz e esperan\u00e7a\u201d, concluiu o cardeal.<\/p>\n\n\n\n<h3 class=\"wp-block-heading\">Hoje o c\u00e9u est\u00e1 mais perto<\/h3>\n\n\n\n<p>O arcebispo de Assis-Nocera Umbra\u2013Gualdo, Dom Domenico Sorrentino, tomou a palavra ao final da missa para uma s\u00e9rie de agradecimentos e afirmou:<\/p>\n\n\n\n<p>\u201cHoje o c\u00e9u est\u00e1 mais perto. Aquela \u201cestrada\u201d eucar\u00edstica que Carlos amava percorrer velozmente para chegar ao C\u00e9u, hoje ele a percorreu em sentido contr\u00e1rio para voltar a n\u00f3s com o rosto radiante de bem-aventuran\u00e7a, e para se fazer, tamb\u00e9m por meio do culto da Igreja, nosso intercessor e nosso modelo de vida.\u201d<\/p>\n\n\n\n<h3 class=\"wp-block-heading\">An\u00fancio de um Pr\u00eamio Internacional<\/h3>\n\n\n\n<p>Os seus restos mortais repousam no Santu\u00e1rio do Despojamento, onde o jovem Francisco expressou entre os bra\u00e7os do Bispo Guido a radicalidade da sua escolha de Deus.<\/p>\n\n\n\n<p>Neste santu\u00e1rio, afirmou Dom Sorrentino, \u201cpor um des\u00edgnio especial da Provid\u00eancia, Francisco e Carlo s\u00e3o agora indissoci\u00e1veis\u201d.<\/p>\n\n\n\n<p>O arcebispo ent\u00e3o anunciou uma \u201ciniciativa de caridade que pretende ser um est\u00edmulo para a renova\u00e7\u00e3o da pr\u00f3pria economia\u201d.<\/p>\n\n\n\n<p>\u201cTem in\u00edcio hoje o \u2018Pr\u00eamio Internacional Francisco de Assis e Carlos Acutis por uma Economia de Fraternidade\u201d. \u00c9 a nossa primeira, pequena, mas generosa resposta \u00e0 Enc\u00edclica \u2018Fratelli tutti\u2019 que o Papa Francisco assinou h\u00e1 exatamente uma semana neste lugar de gra\u00e7a.\u201d<\/p>\n\n\n\n<h2 class=\"wp-block-heading\">Beato de cal\u00e7a jeans e t\u00eanis<\/h2>\n\n\n\n<p>De todas as virtudes cardeais (prud\u00eancia, justi\u00e7a, fortaleza e temperan\u00e7a) e teologais (f\u00e9, esperan\u00e7a e caridade), \u00e9 a fortaleza que mais se sobressai em Carlos Acutis, como afirma o frade capuchinho Carlos Ac\u00e1cio Gon\u00e7alves Ferreira, reitor do santu\u00e1rio do Despojamento em Assis, onde o jovem est\u00e1 sepultado.<\/p>\n\n\n\n<blockquote class=\"wp-block-quote\"><p>\u201cCom os pastorzinhos de F\u00e1tima, Carlos Acutis aprendeu que precisamos nos sacrificar, n\u00e3o ter medo do sacrif\u00edcio pelo bem do pr\u00f3ximo, pela salva\u00e7\u00e3o dos outros.\u201d<\/p><\/blockquote>\n\n\n\n<p>Ao ser o primerio beato de cal\u00e7a jeans e t\u00eanis, Frei Carlos se dirige a todos os jovens, recordando que o exemplo de Acutis nos demonstra que \u201ca santidade \u00e9 atual\u00edssima e \u00e9 para todos n\u00f3s\u201d.<\/p>\n\n\n\n<p>&#8220;Carlos era muito atento a n\u00e3o cair nas armadilhas da tenta\u00e7\u00e3o. Uma das tenta\u00e7\u00f5es de hoje \u00e9 n\u00e3o se entregar totalmente a Deus, pensando que isto n\u00e3o nos tornar\u00e1 felizes. Antes de morrer, quando perguntaram se n\u00e3o estava triste por morrer jovem,\u00a0 ele respondeu: &#8216;N\u00e3o, porque eu n\u00e3o desperdicei nem um minuto da minha vida fazendo coisas que n\u00e3o agradam a Deus&#8217;. Ou seja, para Carlos, agradar a Deus significa ter uma vida plena. N\u00e3o agradar a Deus significa desperdi\u00e7ar a vida . Ent\u00e3o coragem, vamos afastar a tenta\u00e7\u00e3o da mediocridade na f\u00e9 e na espiritualidade e entregar sempre mais o nosso cora\u00e7\u00e3o a Deus.&#8221;<\/p>\n\n\n\n<h3 class=\"wp-block-heading\">Nossa Senhora<\/h3>\n\n\n\n<p>O menino tinha um amor e uma devo\u00e7\u00e3o especial a Nossa Senhora. \u201cConsagrou-se a Maria e pedia sua prote\u00e7\u00e3o. Cora\u00e7\u00e3o e miss\u00e3o, portanto. Esses s\u00e3o os dois tra\u00e7os da f\u00e9 heroica do beato Carlo Acutis, que no decorrer de sua breve vida, levou a confiar-se ao Senhor, especialmente nos momentos mais dif\u00edceis\u201d, ponderou o cardeal durante a celebra\u00e7\u00e3o.&nbsp;<\/p>\n\n\n\n<p>Tinha uma grande caridade com os pobres, os mais necessitados e todos os marginalizados pela sociedade. \u201cSempre foi acolhedor com os necessitados, e quando os encontrava a caminho da escola, parava para escut\u00e1-los e ouvir seus problemas. E os ajudava na medida do poss\u00edvel. Nunca se voltou para si, mas foi capaz de compreender a necessidade das pessoas em que via a face de Jesus Cristo\u201d, bendisse o cardeal.<\/p>\n\n\n\n<p>\u201cUm jovem do nosso tempo que foi conquistado por Cristo e se tornou um farol para aqueles que querem conhec\u00ea-Lo. Ele nos ensinou que a f\u00e9 n\u00e3o nos afasta da vida. Atra\u00eddos por sua exuberante experi\u00eancia, para que tamb\u00e9m a nossa vida possa resplandecer de luz\u201d, finalizou o cardeal Agostino Vallini, expressando a vida do jovem que agora ser\u00e1 imortalizado pela Igreja.\u00a0<\/p>\n\n\n\n<figure class=\"wp-block-embed-youtube wp-block-embed is-type-video is-provider-youtube wp-embed-aspect-16-9 wp-has-aspect-ratio\"><div class=\"wp-block-embed__wrapper\">\n<iframe loading=\"lazy\" width=\"500\" height=\"281\" src=\"https:\/\/www.youtube.com\/embed\/cGZ_GF1ePbM?feature=oembed\" frameborder=\"0\" allow=\"accelerometer; autoplay; clipboard-write; encrypted-media; gyroscope; picture-in-picture\" allowfullscreen><\/iframe>\n<\/div><\/figure>\n\n\n\n<p>Fonte: VaticanNews <\/p>\n\n\n\n<p> <\/p>\n","protected":false},"excerpt":{"rendered":"<p>Com apenas 15 anos de idade,\u00a0Carlo Acutis\u00a0faleceu em um hospital em Monza, na It\u00e1lia, em 2006. Tornou-se, desde ent\u00e3o, um exemplo de santidade contempor\u00e2nea. E neste s\u00e1bado, 10, na Bas\u00edlica de S\u00e3o Francisco,&#8230;<\/p>\n","protected":false},"author":2,"featured_media":14657,"comment_status":"open","ping_status":"open","sticky":false,"template":"","format":"standard","meta":[],"categories":[1],"tags":[],"_links":{"self":[{"href":"https:\/\/www.salvatorianas.org.br\/blog\/wp-json\/wp\/v2\/posts\/14656"}],"collection":[{"href":"https:\/\/www.salvatorianas.org.br\/blog\/wp-json\/wp\/v2\/posts"}],"about":[{"href":"https:\/\/www.salvatorianas.org.br\/blog\/wp-json\/wp\/v2\/types\/post"}],"author":[{"embeddable":true,"href":"https:\/\/www.salvatorianas.org.br\/blog\/wp-json\/wp\/v2\/users\/2"}],"replies":[{"embeddable":true,"href":"https:\/\/www.salvatorianas.org.br\/blog\/wp-json\/wp\/v2\/comments?post=14656"}],"version-history":[{"count":3,"href":"https:\/\/www.salvatorianas.org.br\/blog\/wp-json\/wp\/v2\/posts\/14656\/revisions"}],"predecessor-version":[{"id":14660,"href":"https:\/\/www.salvatorianas.org.br\/blog\/wp-json\/wp\/v2\/posts\/14656\/revisions\/14660"}],"wp:featuredmedia":[{"embeddable":true,"href":"https:\/\/www.salvatorianas.org.br\/blog\/wp-json\/wp\/v2\/media\/14657"}],"wp:attachment":[{"href":"https:\/\/www.salvatorianas.org.br\/blog\/wp-json\/wp\/v2\/media?parent=14656"}],"wp:term":[{"taxonomy":"category","embeddable":true,"href":"https:\/\/www.salvatorianas.org.br\/blog\/wp-json\/wp\/v2\/categories?post=14656"},{"taxonomy":"post_tag","embeddable":true,"href":"https:\/\/www.salvatorianas.org.br\/blog\/wp-json\/wp\/v2\/tags?post=14656"}],"curies":[{"name":"wp","href":"https:\/\/api.w.org\/{rel}","templated":true}]}}