{"id":14652,"date":"2020-10-08T20:25:11","date_gmt":"2020-10-08T20:25:11","guid":{"rendered":"https:\/\/www.salvatorianas.org.br\/blog\/?p=14652"},"modified":"2020-10-09T13:27:55","modified_gmt":"2020-10-09T13:27:55","slug":"por-mais-mulheres-em-cargos-de-decisao-na-igreja-a-intencao-do-papa-para-outubro","status":"publish","type":"post","link":"https:\/\/www.salvatorianas.org.br\/blog\/por-mais-mulheres-em-cargos-de-decisao-na-igreja-a-intencao-do-papa-para-outubro\/","title":{"rendered":"Por mais mulheres em cargos de decis\u00e3o na Igreja: a inten\u00e7\u00e3o do Papa para outubro"},"content":{"rendered":"\n<p>Por esta inten\u00e7\u00e3o, o Papa Francisco pede que rezemos neste m\u00eas de outubro, m\u00eas mission\u00e1rio.<br>O Santo Padre destaca o papel dos leigos e leigas, a quem ele considera verdadeiros protagonistas do an\u00fancio do Evangelho, e pede que especialmente as mulheres participem de cargos de decis\u00e3o.<\/p>\n\n\n\n<p>Como todo m\u00eas, a inten\u00e7\u00e3o \u00e9 acompanhada de um v\u00eddeo preparado pela Rede Mundial de Ora\u00e7\u00e3o do Papa. Nesta ocasi\u00e3o, o v\u00eddeo foi produzido em colabora\u00e7\u00e3o com o Dicast\u00e9rio para os Leigos, a Fam\u00edlia e a Vida e conta com a participa\u00e7\u00e3o de altas funcion\u00e1rias do Vaticano e jornalistas do Vatican News.<\/p>\n\n\n\n<p>Ampliar os espa\u00e7os de presen\u00e7a feminina relevante na Igreja<br>\u201cNingu\u00e9m foi batizado como padre ou bispo. Todos n\u00f3s fomos batizados como leigos\u201d, recorda o Papa no v\u00eddeo, afirmando que \u201dleigos e leigas s\u00e3o protagonistas da Igreja\u201d.<\/p>\n\n\n\n<p>E nesta presen\u00e7a laical, afirma Francisco, \u201cdeve-se sublinhar o feminino, pois as mulheres costumam ser deixadas de lado\u201d.<\/p>\n\n\n\n<p>\u201cDevemos promover a integra\u00e7\u00e3o das mulheres em lugares onde s\u00e3o tomadas decis\u00f5es importantes\u201d, defende o Pont\u00edfice.<\/p>\n\n\n\n<p>Comentando esta inten\u00e7\u00e3o, o Diretor Internacional da Rede Mundial de Ora\u00e7\u00e3o do Papa, padre Fr\u00e9d\u00e9ric Fornos SJ, destaca que desde 2013 \u2013 ano da elei\u00e7\u00e3o de Francisco \u2013 \u201cmuito foi feito, mas muito mais deve ser feito\u201d.<\/p>\n\n\n\n<p>O jesu\u00edta cita uma frase do Papa Francisco da Exorta\u00e7\u00e3o apost\u00f3lica \u201cEvangelii gaudium\u201d: \u201cAs reivindica\u00e7\u00f5es dos leg\u00edtimos direitos das mulheres, a partir da firme convic\u00e7\u00e3o de que homens e mulheres t\u00eam a mesma dignidade, colocam \u00e0 Igreja quest\u00f5es profundas que a desafiam e n\u00e3o se podem iludir superficialmente\u201d (EG 104).<\/p>\n\n\n\n<p>Em outro documento, \u201cQuerida Amaz\u00f4nia\u201d, o Pont\u00edfice escreve que muitas mulheres, impelidas pelo Esp\u00edrito Santo, mant\u00eam a Igreja de p\u00e9, em muitas partes do mundo, com admir\u00e1vel dedica\u00e7\u00e3o e fervorosa f\u00e9. \u00c9 fundamental que participem cada vez mais em suas inst\u00e2ncias de decis\u00e3o. Isso exige uma mudan\u00e7a profunda de mentalidade, exige a nossa convers\u00e3o, que implica ora\u00e7\u00e3o.<\/p>\n\n\n\n<p>_______________________________________<\/p>\n\n\n\n<p><strong> Em \u201cO V\u00eddeo do Papa\u201d de outubro, m\u00eas mission\u00e1rio, o Papa Francisco faz um apelo \u00e0 promo\u00e7\u00e3o de uma maior integra\u00e7\u00e3o dos fi\u00e9is leigos, especialmente das mulheres, nas inst\u00e2ncias de responsabilidade da Igreja. <\/strong><\/p>\n\n\n\n<figure class=\"wp-block-embed-youtube wp-block-embed is-type-video is-provider-youtube wp-embed-aspect-16-9 wp-has-aspect-ratio\"><div class=\"wp-block-embed__wrapper\">\n<iframe loading=\"lazy\" width=\"500\" height=\"281\" src=\"https:\/\/www.youtube.com\/embed\/FjHFjtV9P4Q?feature=oembed\" frameborder=\"0\" allow=\"accelerometer; autoplay; clipboard-write; encrypted-media; gyroscope; picture-in-picture\" allowfullscreen><\/iframe>\n<\/div><\/figure>\n\n\n\n<p>\n\n\u201cRezemos para que, em virtude do batismo, os fi\u00e9is leigos, em especial as mulheres, participem mais nas inst\u00e2ncias de responsabilidade da Igreja, sem cair em clericalismos que anulam o carisma laical.\u201d\n\n<\/p>\n\n\n\n<p><em>Fonte: Vatican News<\/em><\/p>\n","protected":false},"excerpt":{"rendered":"<p>Por esta inten\u00e7\u00e3o, o Papa Francisco pede que rezemos neste m\u00eas de outubro, m\u00eas mission\u00e1rio.O Santo Padre destaca o papel dos leigos e leigas, a quem ele considera verdadeiros protagonistas do an\u00fancio do&#8230;<\/p>\n","protected":false},"author":2,"featured_media":14654,"comment_status":"open","ping_status":"open","sticky":false,"template":"","format":"standard","meta":[],"categories":[1],"tags":[],"_links":{"self":[{"href":"https:\/\/www.salvatorianas.org.br\/blog\/wp-json\/wp\/v2\/posts\/14652"}],"collection":[{"href":"https:\/\/www.salvatorianas.org.br\/blog\/wp-json\/wp\/v2\/posts"}],"about":[{"href":"https:\/\/www.salvatorianas.org.br\/blog\/wp-json\/wp\/v2\/types\/post"}],"author":[{"embeddable":true,"href":"https:\/\/www.salvatorianas.org.br\/blog\/wp-json\/wp\/v2\/users\/2"}],"replies":[{"embeddable":true,"href":"https:\/\/www.salvatorianas.org.br\/blog\/wp-json\/wp\/v2\/comments?post=14652"}],"version-history":[{"count":1,"href":"https:\/\/www.salvatorianas.org.br\/blog\/wp-json\/wp\/v2\/posts\/14652\/revisions"}],"predecessor-version":[{"id":14655,"href":"https:\/\/www.salvatorianas.org.br\/blog\/wp-json\/wp\/v2\/posts\/14652\/revisions\/14655"}],"wp:featuredmedia":[{"embeddable":true,"href":"https:\/\/www.salvatorianas.org.br\/blog\/wp-json\/wp\/v2\/media\/14654"}],"wp:attachment":[{"href":"https:\/\/www.salvatorianas.org.br\/blog\/wp-json\/wp\/v2\/media?parent=14652"}],"wp:term":[{"taxonomy":"category","embeddable":true,"href":"https:\/\/www.salvatorianas.org.br\/blog\/wp-json\/wp\/v2\/categories?post=14652"},{"taxonomy":"post_tag","embeddable":true,"href":"https:\/\/www.salvatorianas.org.br\/blog\/wp-json\/wp\/v2\/tags?post=14652"}],"curies":[{"name":"wp","href":"https:\/\/api.w.org\/{rel}","templated":true}]}}