{"id":14622,"date":"2020-10-03T18:47:43","date_gmt":"2020-10-03T18:47:43","guid":{"rendered":"https:\/\/www.salvatorianas.org.br\/blog\/?p=14622"},"modified":"2020-10-03T18:47:45","modified_gmt":"2020-10-03T18:47:45","slug":"no-tumulo-de-sao-francisco-o-papa-assina-a-sua-terceira-enciclica-fratelli-tutti-que-sera-apresentada-no-domingo-4-de-outubro","status":"publish","type":"post","link":"https:\/\/www.salvatorianas.org.br\/blog\/no-tumulo-de-sao-francisco-o-papa-assina-a-sua-terceira-enciclica-fratelli-tutti-que-sera-apresentada-no-domingo-4-de-outubro\/","title":{"rendered":"NO T\u00daMULO DE S\u00c3O FRANCISCO, O PAPA ASSINA A SUA TERCEIRA ENC\u00cdCLICA \u201cFRATELLI TUTTI\u201d QUE SER\u00c1 APRESENTADA NO DOMINGO, 4 DE OUTUBRO"},"content":{"rendered":"\n<p>\u00c9 um lugar pequeno, um lugar de recolhimento, mas visitado todos os anos por milhares de pessoas dos quatro cantos da terra. Na cripta da Bas\u00edlica inferior, o Papa Francisco celebrou a missa e no final, no t\u00famulo do Pobrezinho de Assis, assinou a sua terceira Enc\u00edclica, \u201cFratelli tutti\u201d, dedicada \u00e0 fraternidade e \u00e0 amizade social, valores imprescind\u00edveis para restaurar a esperan\u00e7a e o impulso a uma humanidade ferida tamb\u00e9m pela pandemia da Covid-19. Uma enc\u00edclica que extrai o seu nome das palavras escritas por S\u00e3o Francisco e que ser\u00e1 apresentada neste domingo, 4 de outubro.<\/p>\n\n\n\n<h3 class=\"wp-block-heading\">Gratid\u00e3o \u00e0 Primeira Se\u00e7\u00e3o da Secretaria de Estado<\/h3>\n\n\n\n<p>O Papa Francisco n\u00e3o fez a homilia. A ora\u00e7\u00e3o, o sil\u00eancio e a simplicidade marcaram esta visita que, por vontade do Papa devido \u00e0 situa\u00e7\u00e3o de sa\u00fade, se realizou sem nenhuma participa\u00e7\u00e3o dos fi\u00e9is, seguindo as palavras da liturgia dedicada a S\u00e3o Francisco, na v\u00e9spera da Festa do Pobrezinho de Assis. Pouco antes da assinatura, o Papa agradeceu \u00e0 Primeira Se\u00e7\u00e3o da Secretaria de Estado que trabalhou na reda\u00e7\u00e3o e tradu\u00e7\u00e3o da Enc\u00edclica.<\/p>\n\n\n\n<p>Agora, assinarei a Enc\u00edclica que o monsenhor Paolo Braida, encarregado das tradu\u00e7\u00f5es e tamb\u00e9m dos discursos do Papa, na Primeira Se\u00e7\u00e3o, traz ao altar. Ele supervisiona tudo e por isso que eu quis que ele estivesse presente aqui hoje e me trouxesse a Enc\u00edclica. Vieram com ele dois tradutores: pe. Ant\u00f4nio, tradutor da l\u00edngua portuguesa, que traduziu do espanhol para o portugu\u00eas; e o pe. Cruz que \u00e9 espanhol e supervisionou um pouco as outras tradu\u00e7\u00f5es do original em espanhol. Fa\u00e7o isso como um sinal de gratid\u00e3o a toda a Primeira Se\u00e7\u00e3o da Secretaria de Estado que trabalhou nesta reda\u00e7\u00e3o e tradu\u00e7\u00e3o.<\/p>\n\n\n\n<h3 class=\"wp-block-heading\">Esta \u00e9 a quarta vez que o Papa vai a Assis<\/h3>\n\n\n\n<p>O Papa Francisco chegou no in\u00edcio da tarde ao Sagrado Convento, adjacente \u00e0 Bas\u00edlica que desde 1230 abriga os restos mortais do santo da \u00dambria e leva o seu nome. O Pont\u00edfice foi recebido pelo cust\u00f3dio do Sagrado Convento de Assis, pe. Mauro Gambetti. A celebra\u00e7\u00e3o eucar\u00edstica contou com a participa\u00e7\u00e3o de cerca de vinte frades, alguns religiosos, junto com o bispo da diocese, Domenico Sorrentino, e o cardeal Agostino Vallini, legado pontif\u00edcio para as bas\u00edlicas de S\u00e3o Francisco e Santa Maria dos Anjos, em Assis. Esta \u00e9 a quarta vez que o Papa Francisco vai a Assis.<\/p>\n\n\n\n<p>Fonte: Vatican News<\/p>\n","protected":false},"excerpt":{"rendered":"<p>\u00c9 um lugar pequeno, um lugar de recolhimento, mas visitado todos os anos por milhares de pessoas dos quatro cantos da terra. Na cripta da Bas\u00edlica inferior, o Papa Francisco celebrou a missa&#8230;<\/p>\n","protected":false},"author":2,"featured_media":14623,"comment_status":"open","ping_status":"open","sticky":false,"template":"","format":"standard","meta":[],"categories":[1],"tags":[],"_links":{"self":[{"href":"https:\/\/www.salvatorianas.org.br\/blog\/wp-json\/wp\/v2\/posts\/14622"}],"collection":[{"href":"https:\/\/www.salvatorianas.org.br\/blog\/wp-json\/wp\/v2\/posts"}],"about":[{"href":"https:\/\/www.salvatorianas.org.br\/blog\/wp-json\/wp\/v2\/types\/post"}],"author":[{"embeddable":true,"href":"https:\/\/www.salvatorianas.org.br\/blog\/wp-json\/wp\/v2\/users\/2"}],"replies":[{"embeddable":true,"href":"https:\/\/www.salvatorianas.org.br\/blog\/wp-json\/wp\/v2\/comments?post=14622"}],"version-history":[{"count":1,"href":"https:\/\/www.salvatorianas.org.br\/blog\/wp-json\/wp\/v2\/posts\/14622\/revisions"}],"predecessor-version":[{"id":14624,"href":"https:\/\/www.salvatorianas.org.br\/blog\/wp-json\/wp\/v2\/posts\/14622\/revisions\/14624"}],"wp:featuredmedia":[{"embeddable":true,"href":"https:\/\/www.salvatorianas.org.br\/blog\/wp-json\/wp\/v2\/media\/14623"}],"wp:attachment":[{"href":"https:\/\/www.salvatorianas.org.br\/blog\/wp-json\/wp\/v2\/media?parent=14622"}],"wp:term":[{"taxonomy":"category","embeddable":true,"href":"https:\/\/www.salvatorianas.org.br\/blog\/wp-json\/wp\/v2\/categories?post=14622"},{"taxonomy":"post_tag","embeddable":true,"href":"https:\/\/www.salvatorianas.org.br\/blog\/wp-json\/wp\/v2\/tags?post=14622"}],"curies":[{"name":"wp","href":"https:\/\/api.w.org\/{rel}","templated":true}]}}