{"id":14605,"date":"2020-10-01T12:45:34","date_gmt":"2020-10-01T12:45:34","guid":{"rendered":"https:\/\/www.salvatorianas.org.br\/blog\/?p=14605"},"modified":"2020-10-01T12:45:55","modified_gmt":"2020-10-01T12:45:55","slug":"conselho-missionario-nacional-publicar-carta-para-o-mes-missionario","status":"publish","type":"post","link":"https:\/\/www.salvatorianas.org.br\/blog\/conselho-missionario-nacional-publicar-carta-para-o-mes-missionario\/","title":{"rendered":"Conselho Mission\u00e1rio Nacional publicar carta para o m\u00eas mission\u00e1rio"},"content":{"rendered":"\n<p>Na abertura deste m\u00eas mission\u00e1rio, o Conselho Mission\u00e1rio Nacional \u2013 Comina&nbsp;lan\u00e7ou uma carta&nbsp;refletindo&nbsp;o tema \u201cA vida \u00e9 miss\u00e3o\u201d,&nbsp;dando destaque \u00e0 hist\u00f3ria&nbsp;deste m\u00eas na Igreja, bem como aprofundando as dimens\u00f5es paradigm\u00e1tica, program\u00e1tica e existencial da miss\u00e3o.<\/p>\n\n\n\n<p>Criado pela CNBB em 1972, o Comina nasceu com o objetivo de unir os organismos e institui\u00e7\u00f5es envolvidos na anima\u00e7\u00e3o e coopera\u00e7\u00e3o mission\u00e1ria. Este Conselho tem a tarefa de programar, executar e rever as principais atividades de coopera\u00e7\u00e3o em n\u00edvel nacional.<\/p>\n\n\n\n<p>\u201cCaros irm\u00e3os e irm\u00e3s, membros todos do Povo de Deus, que este m\u00eas de outubro e n\u00e3o s\u00f3, todos n\u00f3s possamos viver nossa vida como deve ser: uma miss\u00e3o! Uma miss\u00e3o que vai ao encontro das pessoas, das fam\u00edlias, das comunidades e dos povos para proclamar que o mal e a morte n\u00e3o t\u00eam a \u00faltima palavra, que o amor \u00e9 mais forte!\u201d<\/p>\n\n\n\n<p><a href=\"http:\/\/www.pom.org.br\/wp-content\/uploads\/2020\/10\/carta-campanha-missionaria-2020-comina.pdf\" target=\"_blank\" rel=\"noreferrer noopener\" aria-label=\" (abre em uma nova aba)\">Carta Campanha Mission\u00e1ria 2020 COMINA<\/a><\/p>\n","protected":false},"excerpt":{"rendered":"<p>Na abertura deste m\u00eas mission\u00e1rio, o Conselho Mission\u00e1rio Nacional \u2013 Comina&nbsp;lan\u00e7ou uma carta&nbsp;refletindo&nbsp;o tema \u201cA vida \u00e9 miss\u00e3o\u201d,&nbsp;dando destaque \u00e0 hist\u00f3ria&nbsp;deste m\u00eas na Igreja, bem como aprofundando as dimens\u00f5es paradigm\u00e1tica, program\u00e1tica e existencial&#8230;<\/p>\n","protected":false},"author":2,"featured_media":14606,"comment_status":"open","ping_status":"open","sticky":false,"template":"","format":"standard","meta":[],"categories":[1],"tags":[],"_links":{"self":[{"href":"https:\/\/www.salvatorianas.org.br\/blog\/wp-json\/wp\/v2\/posts\/14605"}],"collection":[{"href":"https:\/\/www.salvatorianas.org.br\/blog\/wp-json\/wp\/v2\/posts"}],"about":[{"href":"https:\/\/www.salvatorianas.org.br\/blog\/wp-json\/wp\/v2\/types\/post"}],"author":[{"embeddable":true,"href":"https:\/\/www.salvatorianas.org.br\/blog\/wp-json\/wp\/v2\/users\/2"}],"replies":[{"embeddable":true,"href":"https:\/\/www.salvatorianas.org.br\/blog\/wp-json\/wp\/v2\/comments?post=14605"}],"version-history":[{"count":2,"href":"https:\/\/www.salvatorianas.org.br\/blog\/wp-json\/wp\/v2\/posts\/14605\/revisions"}],"predecessor-version":[{"id":14608,"href":"https:\/\/www.salvatorianas.org.br\/blog\/wp-json\/wp\/v2\/posts\/14605\/revisions\/14608"}],"wp:featuredmedia":[{"embeddable":true,"href":"https:\/\/www.salvatorianas.org.br\/blog\/wp-json\/wp\/v2\/media\/14606"}],"wp:attachment":[{"href":"https:\/\/www.salvatorianas.org.br\/blog\/wp-json\/wp\/v2\/media?parent=14605"}],"wp:term":[{"taxonomy":"category","embeddable":true,"href":"https:\/\/www.salvatorianas.org.br\/blog\/wp-json\/wp\/v2\/categories?post=14605"},{"taxonomy":"post_tag","embeddable":true,"href":"https:\/\/www.salvatorianas.org.br\/blog\/wp-json\/wp\/v2\/tags?post=14605"}],"curies":[{"name":"wp","href":"https:\/\/api.w.org\/{rel}","templated":true}]}}