{"id":14599,"date":"2020-10-01T12:35:56","date_gmt":"2020-10-01T12:35:56","guid":{"rendered":"https:\/\/www.salvatorianas.org.br\/blog\/?p=14599"},"modified":"2020-10-01T12:36:40","modified_gmt":"2020-10-01T12:36:40","slug":"oracao-pelos-jovens-missionarios","status":"publish","type":"post","link":"https:\/\/www.salvatorianas.org.br\/blog\/oracao-pelos-jovens-missionarios\/","title":{"rendered":"ORA\u00c7\u00c3O PELOS JOVENS MISSION\u00c1RIOS"},"content":{"rendered":"\n<p> Hoje \u00e9 o dia que a Fam\u00edlia Salvatoriana e comunidades se unem para juntos rezar as diferentes realidades juvenis. Nesta primeira quinta-feira (01) do m\u00eas de outubro, as Comunidades Salvatorianas s\u00e3o convidadas a rezar pelos jovens mission\u00e1rios.<\/p>\n\n\n\n<p>Outubro \u00e9 dedicado \u00e0s miss\u00f5es. Quando falamos a palavra \u201cmiss\u00e3o\u201d, o que lhe vem \u00e0 mente? Muitos v\u00e3o pensar nos Jesu\u00edtas catequizando \u00edndios, outros se lembrar\u00e3o daqueles que v\u00e3o para a \u00c1frica cuidar de crian\u00e7as e popula\u00e7\u00f5es necessitadas.<\/p>\n\n\n\n<p> Essa ideia n\u00e3o est\u00e1 errada, por\u00e9m, miss\u00e3o n\u00e3o se resume a isso. A Igreja escolheu refletir sobre as miss\u00f5es para lembrar a cada um, que \u00e9 miss\u00e3o de todo batizado ser evangelizador e por meio desse sacramento, todos s\u00e3o membros do Corpo de Cristo, e devem participar da miss\u00e3o de levar Jesus ao mundo, por meio da viv\u00eancia dos ensinamentos deixados por Ele.<\/p>\n\n\n\n<p> Durante a Jornada Mundial da Juventude (JMJ) RIO 2013, o Papa Francisco refor\u00e7ou a import\u00e2ncia de jovens que sejam mission\u00e1rios nos locais onde convivem e tamb\u00e9m nas periferias existenciais, nas quais falte esperan\u00e7a, amor, justi\u00e7a, p\u00e3o e a palavra de Jesus.<\/p>\n\n\n\n<p> No mundo, e especialmente aqui no Brasil, h\u00e1 muitos projetos com a juventude, como: Projeto Semeadores da Alegria, Juventude Mission\u00e1ria (Pontif\u00edcias Obras Mission\u00e1rias), Programa MAGIS Brasil e muitos outros. Veremos um pouquinho da a\u00e7\u00e3o de cada projeto com a juventude.<\/p>\n\n\n\n<p><strong>Vamos juntos rezar pelos nossos jovens:\u00a0<\/strong><\/p>\n\n\n\n<p>\n\nConfira tamb\u00e9m outras ora\u00e7\u00f5es pelas Juventudes \u2013&nbsp;<\/p>\n\n\n\n<p><\/p>\n","protected":false},"excerpt":{"rendered":"<p>Hoje \u00e9 o dia que a Fam\u00edlia Salvatoriana e comunidades se unem para juntos rezar as diferentes realidades juvenis. Nesta primeira quinta-feira (01) do m\u00eas de outubro, as Comunidades Salvatorianas s\u00e3o convidadas a&#8230;<\/p>\n","protected":false},"author":2,"featured_media":14601,"comment_status":"open","ping_status":"open","sticky":false,"template":"","format":"standard","meta":[],"categories":[1,39],"tags":[],"_links":{"self":[{"href":"https:\/\/www.salvatorianas.org.br\/blog\/wp-json\/wp\/v2\/posts\/14599"}],"collection":[{"href":"https:\/\/www.salvatorianas.org.br\/blog\/wp-json\/wp\/v2\/posts"}],"about":[{"href":"https:\/\/www.salvatorianas.org.br\/blog\/wp-json\/wp\/v2\/types\/post"}],"author":[{"embeddable":true,"href":"https:\/\/www.salvatorianas.org.br\/blog\/wp-json\/wp\/v2\/users\/2"}],"replies":[{"embeddable":true,"href":"https:\/\/www.salvatorianas.org.br\/blog\/wp-json\/wp\/v2\/comments?post=14599"}],"version-history":[{"count":2,"href":"https:\/\/www.salvatorianas.org.br\/blog\/wp-json\/wp\/v2\/posts\/14599\/revisions"}],"predecessor-version":[{"id":14603,"href":"https:\/\/www.salvatorianas.org.br\/blog\/wp-json\/wp\/v2\/posts\/14599\/revisions\/14603"}],"wp:featuredmedia":[{"embeddable":true,"href":"https:\/\/www.salvatorianas.org.br\/blog\/wp-json\/wp\/v2\/media\/14601"}],"wp:attachment":[{"href":"https:\/\/www.salvatorianas.org.br\/blog\/wp-json\/wp\/v2\/media?parent=14599"}],"wp:term":[{"taxonomy":"category","embeddable":true,"href":"https:\/\/www.salvatorianas.org.br\/blog\/wp-json\/wp\/v2\/categories?post=14599"},{"taxonomy":"post_tag","embeddable":true,"href":"https:\/\/www.salvatorianas.org.br\/blog\/wp-json\/wp\/v2\/tags?post=14599"}],"curies":[{"name":"wp","href":"https:\/\/api.w.org\/{rel}","templated":true}]}}