{"id":14582,"date":"2020-09-29T12:42:39","date_gmt":"2020-09-29T12:42:39","guid":{"rendered":"https:\/\/www.salvatorianas.org.br\/blog\/?p=14582"},"modified":"2020-09-29T12:42:40","modified_gmt":"2020-09-29T12:42:40","slug":"hoje-a-igreja-celebra-os-santos-arcanjos-miguel-gabriel-e-rafael","status":"publish","type":"post","link":"https:\/\/www.salvatorianas.org.br\/blog\/hoje-a-igreja-celebra-os-santos-arcanjos-miguel-gabriel-e-rafael\/","title":{"rendered":"Hoje a Igreja celebra os santos arcanjos Miguel, Gabriel e Rafael"},"content":{"rendered":"\n<p> Com alegria, comemoramos hoje, 29 de setembro, a festa de tr\u00eas Arcanjos neste dia: Miguel, Gabriel e Rafael.\u00a0  Na hist\u00f3ria dos seres ang\u00e9licos, os anjos e arcanjos s\u00e3o os mensageiros dos des\u00edgnios de Deus para os seres terrestres.  A palavra \u201cArcanjo\u201d significa \u201cAnjo principal\u201d. E a palavra \u201cAnjo\u201d, por sua vez, significa \u201cmensageiro\u201d. <\/p>\n\n\n\n<p>Os arcanjos s\u00e3o apresentados a n\u00f3s nas Sagradas Escrituras, tanto no antigo, como no novo testamento. Eles s\u00e3o os seres que, na hist\u00f3ria, nos trouxeram mensagens importantes de Deus, como o arcanjo Gabriel que anuncia a vinda de S\u00e3o Jo\u00e3o Batista e de Jesus, nos protegem dos males da Terra, como S\u00e3o Miguel Arcanjo e nos ajudam a curar feridas da alma, como S\u00e3o Rafael.<\/p>\n\n\n\n<p>Estes tr\u00eas, em especial, passaram a ter seu dia de celebra\u00e7\u00e3o na Igreja unificados, um marco para a hist\u00f3ria apost\u00f3lica.<\/p>\n\n\n\n<p><strong>S\u00e3o Miguel, Gabriel e Rafael<\/strong><\/p>\n\n\n\n<p>S\u00e3o Miguel \u00e9 o fiel escudeiro de Deus. \u00c9 o respons\u00e1vel por proteger o Trono e o Povo de Deus. \u00c9 ele o padroeiro da Igreja e seu nome significa \u201csemelhan\u00e7a de Deus\u201d.<\/p>\n\n\n\n<p>S\u00e3o Gabriel \u00e9 o grande mensageiro de Deus. \u00c9 aquele que trouxe a not\u00edcia a Zacarias e, posteriormente, a Maria, sobre o nascimento de S\u00e3o Jo\u00e3o Batista e de Jesus. Foi ele quem anunciou o verbo encarnado. Ele nos ajuda a ouvir o que Deus tem para nos dizer e nos ensinar.<\/p>\n\n\n\n<p>S\u00e3o Rafael \u00e9 o guardi\u00e3o da sa\u00fade e da cura f\u00edsica e espiritual. Foi ele quem acompanhou Tobias durante sua viagem como guia e guardi\u00e3o, como narra o livro de Tobias. Ele tamb\u00e9m foi o respons\u00e1vel por ajudar um casal a se reconciliar, sendo tamb\u00e9m o guia para a reconcilia\u00e7\u00e3o.<\/p>\n\n\n\n<p>Portanto, a Igreja Cat\u00f3lica considera esses tr\u00eas arcanjos os poderosos intercessores dos escolhidos para o trono de Deus. Eles s\u00e3o os grandes respons\u00e1veis de nos trazer as mensagens de Deus para os nossos problemas cotidianos. \u00c9 a eles que devemos procurar e rezar sempre, n\u00e3o deixando de prestar sempre muita aten\u00e7\u00e3o \u00e0s mensagens que nos enviam.<\/p>\n\n\n\n<p>Celebrar os santos arcanjos \u00e9 celebrar o amor e cuidado que Deus tem por n\u00f3s, sendo capaz de enviar estes anjos para nos trazer Sua mensagem dos c\u00e9us.<\/p>\n\n\n\n<h4 class=\"wp-block-heading\"><strong>Para celebrar esta data, recordamos a ora\u00e7\u00e3o aos Santos Arcanjos:<\/strong><\/h4>\n\n\n\n<p>Ajudai-nos, \u00f3 grandes santos, irm\u00e3os nossos, que sois servos como n\u00f3s diante de Deus. Defendei-nos de n\u00f3s mesmos, de nossa covardia e tibieza, de nosso ego\u00edsmo e de nossa ambi\u00e7\u00e3o, de nossa inveja e desconfian\u00e7a, de nossa avidez em procurar a saciedade, a boa\u00a0vida\u00a0e a estima.<\/p>\n\n\n\n<p>Desatai as algemas do pecado e do apego a tudo o que passa. Desvendai os nossos olhos que n\u00f3s mesmos fechamos para n\u00e3o precisar ver as necessidades de nosso pr\u00f3ximos e poder, assim, ocupar-nos de n\u00f3s mesmos numa tranquila autocomplac\u00eancia. Colocai em nosso cora\u00e7\u00e3o o espinho da santa ansiedade de Deus para que n\u00e3o deixemos de procur\u00e1-lo com ardor, contri\u00e7\u00e3o e amor.<\/p>\n\n\n\n<p>Contemplai em n\u00f3s o Sangue do Senhor, que Ele derramou por nossa causa.&nbsp; Contemplai em n\u00f3s as l\u00e1grimas de vossa Rainha, que ela derramou sobre n\u00f3s.<\/p>\n\n\n\n<p>Contemplai em n\u00f3s a pobre, desbotada, arruinada imagem de Deus, comparando-a com a imagem \u00edntegra que dever\u00edamos ser Sua vontade e Seu amor.<\/p>\n\n\n\n<p>Ajudai-nos a conhecer Deus, a ador\u00e1-Lo, a am\u00e1-Lo e a servir-Lhe. Ajudai-nos no combate contra os poderes das trevas que, trai\u00e7oeiramente, nos envolvem e nos afligem.<\/p>\n\n\n\n<p>Ajudai-nos para que nenhum de n\u00f3s se perca e para que, um dia, estejamos todos jubilosamente reunidos na eterna bem-aventuran\u00e7a. Am\u00e9m.<\/p>\n\n\n\n<p><strong> S\u00e3o Miguel, assisti-nos com vossos santos anjos <\/strong><br> Ajudai-nos e rogai por n\u00f3s. <br><strong> S\u00e3o Rafael, assisti-nos com vossos santos anjos<\/strong><br> Ajudai-nos e rogai por n\u00f3s.    <br><strong> S\u00e3o Gabriel, assisti-nos com vossos santos anjos <\/strong><br>  Ajudai-nos e rogai por n\u00f3s.   <\/p>\n\n\n\n<p><\/p>\n","protected":false},"excerpt":{"rendered":"<p>Com alegria, comemoramos hoje, 29 de setembro, a festa de tr\u00eas Arcanjos neste dia: Miguel, Gabriel e Rafael.\u00a0 Na hist\u00f3ria dos seres ang\u00e9licos, os anjos e arcanjos s\u00e3o os mensageiros dos des\u00edgnios de&#8230;<\/p>\n","protected":false},"author":2,"featured_media":14583,"comment_status":"open","ping_status":"open","sticky":false,"template":"","format":"standard","meta":[],"categories":[1],"tags":[],"_links":{"self":[{"href":"https:\/\/www.salvatorianas.org.br\/blog\/wp-json\/wp\/v2\/posts\/14582"}],"collection":[{"href":"https:\/\/www.salvatorianas.org.br\/blog\/wp-json\/wp\/v2\/posts"}],"about":[{"href":"https:\/\/www.salvatorianas.org.br\/blog\/wp-json\/wp\/v2\/types\/post"}],"author":[{"embeddable":true,"href":"https:\/\/www.salvatorianas.org.br\/blog\/wp-json\/wp\/v2\/users\/2"}],"replies":[{"embeddable":true,"href":"https:\/\/www.salvatorianas.org.br\/blog\/wp-json\/wp\/v2\/comments?post=14582"}],"version-history":[{"count":1,"href":"https:\/\/www.salvatorianas.org.br\/blog\/wp-json\/wp\/v2\/posts\/14582\/revisions"}],"predecessor-version":[{"id":14584,"href":"https:\/\/www.salvatorianas.org.br\/blog\/wp-json\/wp\/v2\/posts\/14582\/revisions\/14584"}],"wp:featuredmedia":[{"embeddable":true,"href":"https:\/\/www.salvatorianas.org.br\/blog\/wp-json\/wp\/v2\/media\/14583"}],"wp:attachment":[{"href":"https:\/\/www.salvatorianas.org.br\/blog\/wp-json\/wp\/v2\/media?parent=14582"}],"wp:term":[{"taxonomy":"category","embeddable":true,"href":"https:\/\/www.salvatorianas.org.br\/blog\/wp-json\/wp\/v2\/categories?post=14582"},{"taxonomy":"post_tag","embeddable":true,"href":"https:\/\/www.salvatorianas.org.br\/blog\/wp-json\/wp\/v2\/tags?post=14582"}],"curies":[{"name":"wp","href":"https:\/\/api.w.org\/{rel}","templated":true}]}}