{"id":14574,"date":"2020-09-28T22:48:08","date_gmt":"2020-09-28T22:48:08","guid":{"rendered":"https:\/\/www.salvatorianas.org.br\/blog\/?p=14574"},"modified":"2020-09-29T12:56:33","modified_gmt":"2020-09-29T12:56:33","slug":"encontro-on-line-com-as-formadoras-e-animadoras-vocacionais","status":"publish","type":"post","link":"https:\/\/www.salvatorianas.org.br\/blog\/encontro-on-line-com-as-formadoras-e-animadoras-vocacionais\/","title":{"rendered":"Encontro on-line com as Formadoras e Animadoras Vocacionais"},"content":{"rendered":"\n<p>O encontro internacional realizado nesta segunda-feira, 28 de setembro, reuniu Irm\u00e3s de quatro nacionalidades: Brasil, Mo\u00e7ambique, Roma e Col\u00f4mbia. Neste evento memor\u00e1vel, as Irm\u00e3s foram convidadas a refletir sobre o tema <strong>\u201cO que esse tempo de Pandemia\/Confinamento pede de n\u00f3s, salvatorianas e quais os horizontes, luzes e desafios para a forma\u00e7\u00e3o a Vida Consagrada Salvatoriana\u201d<\/strong>.<\/p>\n\n\n\n<p>Na alegria da presen\u00e7a de cada Irm\u00e3 Salvatoriana, a Ir. Sandra\nRegina A. de Souza, Coordenadora Provincial, iniciou o encontro com uma palavra\nde boas-vindas, saudando a todas as Irm\u00e3s que estavam on-line e motivando a nos\nreinventar, pensar novos horizontes para a forma\u00e7\u00e3o salvatoriana. Em seguida,\nIr. Beatriz Baseggio conduziu um momento de espiritualidade, pedindo que a Luz\nDivina venha nos iluminar e conduzir.<\/p>\n\n\n\n<p>Este encontro contou com a assessoria da \u00a0Conselheira Geral, Ir.  Ren\u00e1ria Bezerra\u00a0da Silva  e da Coordenadora Geral,  Maria Yaneth\u00a0Moreno , que juntas ministraram sobre o tema. Na sua reflex\u00e3o, a Ir. Ren\u00e1ria ressaltou alguns aspectos importantes que este tempo de pandemia t\u00eam gerado em n\u00f3s Consagradas Salvatorianas: Reaprender a op\u00e7\u00e3o pela vida; vivenciar \u00a0a experi\u00eancia da Cruz e tamb\u00e9m da Ressurrei\u00e7\u00e3o; acender a esperan\u00e7a; retomar o que \u00e9 essencial; crescer no minist\u00e9rio da escuta; ousar a olhar o novo que est\u00e1 surgindo; crescer em parceria; nos aproximar da vida ferida; somos chamadas a realizar algo simples que se torne extraordin\u00e1rio. Por fim, ter a certeza de que a Divina Provid\u00eancia est\u00e1 cuidando de n\u00f3s, que Jesus caminha conosco, para juntas prosseguirmos anunciando o Salvador.<\/p>\n\n\n\n<p>Para concluir a reflex\u00e3o da tem\u00e1tica, Ir. Maria Yaneth\npartilhou como as Irm\u00e3s e Formandas Salvatorianas t\u00eam enfrentado a pandemia nos\ndiferentes continentes. Na oportunidade, apresentou ao grupo reunido diferentes\nregistros fotogr\u00e1ficos que ressaltou a solidariedade criativa, revelando que as\nIrm\u00e3s est\u00e3o sendo ponte de miseric\u00f3rdia e cuidado com a Vida. Ao falar sobre o\ncuidado, destacou que n\u00e3o basta higienizar s\u00f3 as m\u00e3os, mas que \u00e9 necess\u00e1rio \u201chigienizar\na mente e o cora\u00e7\u00e3o\u201d; a import\u00e2ncia de estar juntas\/os, viver a integra\u00e7\u00e3o, gerar\nnovas rela\u00e7\u00f5es e nova espiritualidade, superar o egocentrismo e animar a f\u00e9 e a\nesperan\u00e7a. Ao final, enfatizou que como ap\u00f3stola salvatoriana \u00e9 imprescind\u00edvel\nentregar a nossa vida com liberdade, gratuidade e alegria. &nbsp;&nbsp;<\/p>\n\n\n\n<p>Ap\u00f3s a explana\u00e7\u00e3o, as Irm\u00e3s tiveram oportunidade de fazer suas coloca\u00e7\u00f5es e perguntas. Para concluir esta partilha, cada participante pode expressar uma palavra que marcou este encontro. <strong>GRATID\u00c3O e ESPERAN\u00c7A!<\/strong> Foi uma manh\u00e3 iluminada, que certamente renovou o cora\u00e7\u00e3o de todas as Irm\u00e3s. A ben\u00e7\u00e3o de Padre Francisco Jordan encerrou este encontro on-line de Formadoras e Animadoras Vocacionais Salvatorianas.<\/p>\n\n\n\n<figure class=\"wp-block-image\"><img decoding=\"async\" loading=\"lazy\" width=\"1024\" height=\"466\" src=\"https:\/\/www.salvatorianas.org.br\/blog\/wp-content\/uploads\/2020\/09\/Maria-yaneth-1024x466.jpg\" alt=\"\" class=\"wp-image-14575\" srcset=\"https:\/\/www.salvatorianas.org.br\/blog\/wp-content\/uploads\/2020\/09\/Maria-yaneth-1024x466.jpg 1024w, https:\/\/www.salvatorianas.org.br\/blog\/wp-content\/uploads\/2020\/09\/Maria-yaneth-300x136.jpg 300w, https:\/\/www.salvatorianas.org.br\/blog\/wp-content\/uploads\/2020\/09\/Maria-yaneth-768x349.jpg 768w, https:\/\/www.salvatorianas.org.br\/blog\/wp-content\/uploads\/2020\/09\/Maria-yaneth.jpg 1920w\" sizes=\"(max-width: 1024px) 100vw, 1024px\" \/><\/figure>\n\n\n\n<figure class=\"wp-block-image\"><img decoding=\"async\" loading=\"lazy\" width=\"1024\" height=\"466\" src=\"https:\/\/www.salvatorianas.org.br\/blog\/wp-content\/uploads\/2020\/09\/Ren\u00e1ria-1024x466.jpg\" alt=\"\" class=\"wp-image-14576\" srcset=\"https:\/\/www.salvatorianas.org.br\/blog\/wp-content\/uploads\/2020\/09\/Ren\u00e1ria-1024x466.jpg 1024w, https:\/\/www.salvatorianas.org.br\/blog\/wp-content\/uploads\/2020\/09\/Ren\u00e1ria-300x136.jpg 300w, https:\/\/www.salvatorianas.org.br\/blog\/wp-content\/uploads\/2020\/09\/Ren\u00e1ria-768x349.jpg 768w, https:\/\/www.salvatorianas.org.br\/blog\/wp-content\/uploads\/2020\/09\/Ren\u00e1ria.jpg 1920w\" sizes=\"(max-width: 1024px) 100vw, 1024px\" \/><\/figure>\n\n\n\n<figure class=\"wp-block-image\"><img decoding=\"async\" loading=\"lazy\" width=\"1024\" height=\"576\" src=\"https:\/\/www.salvatorianas.org.br\/blog\/wp-content\/uploads\/2020\/09\/Foto-Encontro-1024x576.jpg\" alt=\"\" class=\"wp-image-14577\" srcset=\"https:\/\/www.salvatorianas.org.br\/blog\/wp-content\/uploads\/2020\/09\/Foto-Encontro-1024x576.jpg 1024w, https:\/\/www.salvatorianas.org.br\/blog\/wp-content\/uploads\/2020\/09\/Foto-Encontro-300x169.jpg 300w, https:\/\/www.salvatorianas.org.br\/blog\/wp-content\/uploads\/2020\/09\/Foto-Encontro-768x432.jpg 768w, https:\/\/www.salvatorianas.org.br\/blog\/wp-content\/uploads\/2020\/09\/Foto-Encontro.jpg 1920w\" sizes=\"(max-width: 1024px) 100vw, 1024px\" \/><\/figure>\n","protected":false},"excerpt":{"rendered":"<p>O encontro internacional realizado nesta segunda-feira, 28 de setembro, reuniu Irm\u00e3s de quatro nacionalidades: Brasil, Mo\u00e7ambique, Roma e Col\u00f4mbia. Neste evento memor\u00e1vel, as Irm\u00e3s foram convidadas a refletir sobre o tema \u201cO que&#8230;<\/p>\n","protected":false},"author":2,"featured_media":14578,"comment_status":"open","ping_status":"open","sticky":false,"template":"","format":"standard","meta":[],"categories":[1],"tags":[],"_links":{"self":[{"href":"https:\/\/www.salvatorianas.org.br\/blog\/wp-json\/wp\/v2\/posts\/14574"}],"collection":[{"href":"https:\/\/www.salvatorianas.org.br\/blog\/wp-json\/wp\/v2\/posts"}],"about":[{"href":"https:\/\/www.salvatorianas.org.br\/blog\/wp-json\/wp\/v2\/types\/post"}],"author":[{"embeddable":true,"href":"https:\/\/www.salvatorianas.org.br\/blog\/wp-json\/wp\/v2\/users\/2"}],"replies":[{"embeddable":true,"href":"https:\/\/www.salvatorianas.org.br\/blog\/wp-json\/wp\/v2\/comments?post=14574"}],"version-history":[{"count":3,"href":"https:\/\/www.salvatorianas.org.br\/blog\/wp-json\/wp\/v2\/posts\/14574\/revisions"}],"predecessor-version":[{"id":14585,"href":"https:\/\/www.salvatorianas.org.br\/blog\/wp-json\/wp\/v2\/posts\/14574\/revisions\/14585"}],"wp:featuredmedia":[{"embeddable":true,"href":"https:\/\/www.salvatorianas.org.br\/blog\/wp-json\/wp\/v2\/media\/14578"}],"wp:attachment":[{"href":"https:\/\/www.salvatorianas.org.br\/blog\/wp-json\/wp\/v2\/media?parent=14574"}],"wp:term":[{"taxonomy":"category","embeddable":true,"href":"https:\/\/www.salvatorianas.org.br\/blog\/wp-json\/wp\/v2\/categories?post=14574"},{"taxonomy":"post_tag","embeddable":true,"href":"https:\/\/www.salvatorianas.org.br\/blog\/wp-json\/wp\/v2\/tags?post=14574"}],"curies":[{"name":"wp","href":"https:\/\/api.w.org\/{rel}","templated":true}]}}