{"id":14561,"date":"2020-09-25T16:51:51","date_gmt":"2020-09-25T16:51:51","guid":{"rendered":"https:\/\/www.salvatorianas.org.br\/blog\/?p=14561"},"modified":"2020-09-25T19:16:34","modified_gmt":"2020-09-25T19:16:34","slug":"irma-maria-ines-presidente-da-crb-grava-video-sobre-o-dia-mundial-do-migrante-e-do-refugiado","status":"publish","type":"post","link":"https:\/\/www.salvatorianas.org.br\/blog\/irma-maria-ines-presidente-da-crb-grava-video-sobre-o-dia-mundial-do-migrante-e-do-refugiado\/","title":{"rendered":"IRM\u00c3 MARIA IN\u00caS, PRESIDENTE DA CRB, GRAVA V\u00cdDEO SOBRE O DIA MUNDIAL DO MIGRANTE E DO REFUGIADO"},"content":{"rendered":"\n<p>A edi\u00e7\u00e3o de n\u00famero 106 do Dia Mundial do Migrante e do Refugiado (DMMR) ser\u00e1 celebrada no domingo, 27 de setembro de 2020. Com o tema&nbsp;<strong>\u201cFor\u00e7ados, como Jesus Cristo, a fugir\u201d<\/strong>, o Papa Francisco, atrav\u00e9s de uma&nbsp;<a href=\"https:\/\/migrants-refugees.va\/wp-content\/uploads\/2020\/05\/PT.pdf\">mensagem \u2013 divulgada ainda em maio<\/a>&nbsp;\u2013 e com v\u00eddeos mensais, tem convidado a todos a conhecer mais profundamente a realidade das pessoas deslocadas internamente.<\/p>\n\n\n\n<blockquote class=\"wp-block-quote\"><p>&nbsp;\u201cNo dia 27 de setembro celebramos o Dia Mundial dos Migrantes e Refugiados. O Papa \u00e9 sens\u00edvel \u00e0 realidade migrat\u00f3ria que torna as pessoas mais vulner\u00e1veis ao tr\u00e1fico humano, a fome, a viol\u00eancia e as doen\u00e7as\u201d, afirma a presidente da Confer\u00eancia dos Religiosos do Brasil (CRB), irm\u00e3 Maria In\u00eas Ribeiro.<\/p><\/blockquote>\n\n\n\n<p>Irm\u00e3 Maria In\u00eas salienta, em um v\u00eddeo gravado sobre o Dia Mundial dos Migrantes, que a CRB escolheu como prioridade para o segundo tri\u00eanio (2019-2022) ouvir o clamor dos Pobres e da Terra e que, por isso, como uma de suas a\u00e7\u00f5es optou por apoiar parcerias com institui\u00e7\u00f5es que atuam junto aos migrantes, refugiados, povos origin\u00e1rios e quilombolas.<\/p>\n\n\n\n<blockquote class=\"wp-block-quote\"><p>\u201cConvido toda a vida consagrada e todos os irm\u00e3os, juntamente com as todas as entidades religiosas que fazem parte da Rede Clamor, a celebrar o 27 de setembro, Dia Mundial dos Migrantes e Refugiados\u201d, exorta irm\u00e3 Maria In\u00eas.<\/p><\/blockquote>\n\n\n\n<p>\u201cUnamo-nos todos apoiando os grupos que diretamente trabalham junto aos migrantes, refugiados acolhendo-os, promovendo-os, protegendo-os e integrando todos os deslocados. N\u00e3o esque\u00e7amos o apelo do Papa!\u201d, finaliza.<\/p>\n\n\n\n<figure class=\"wp-block-embed-youtube wp-block-embed is-type-video is-provider-youtube wp-embed-aspect-16-9 wp-has-aspect-ratio\"><div class=\"wp-block-embed__wrapper\">\n<iframe loading=\"lazy\" width=\"500\" height=\"281\" src=\"https:\/\/www.youtube.com\/embed\/CnoRmraA7K8?feature=oembed\" frameborder=\"0\" allow=\"accelerometer; autoplay; clipboard-write; encrypted-media; gyroscope; picture-in-picture\" allowfullscreen><\/iframe>\n<\/div><\/figure>\n\n\n\n<h3 class=\"wp-block-heading\"><strong><br>Rede Clamor Brasil<\/strong><\/h3>\n\n\n\n<p>A Rede CLAMOR Brasil, vinculada \u00e0 Confer\u00eancia Nacional dos Bispos do Brasil (CNBB), em sintonia com o CELAM e com a Rede CLAMOR atuante em muitos pa\u00edses da Am\u00e9rica Latina e do Caribe, estimula a todas as for\u00e7as vivas da sociedade a celebrar o Dia Mundial do Migrante e do Refugiado. \u201cSejamos prof\u00e9ticos na den\u00fancia de injusti\u00e7as, por um lado, e celebremos a solidariedade e a acolhida, por outro: ACOLHER, PROTEGER, PROMOVER E INTEGRAR os migrantes e refugiados \u00e9 obra da f\u00e9 e de humanidade\u201d.<\/p>\n\n\n\n<p>Confira (<a href=\"https:\/\/crbnacional.org.br\/wp-content\/uploads\/2020\/09\/Programa%C3%A7%C3%A3o-Dia-Mundial-do-Migrante-e-do-Refugiado-e-Enfrentamento-ao-Tr%C3%A1fico-Humano-2020.pdf\">aqui<\/a>) a programa\u00e7\u00e3o da Rede Clamor Brasil para a celebra\u00e7\u00e3o do Dia Mundial do Migrante e do Refugiado.<\/p>\n\n\n\n<p>Fonte: CRB e CNBB<\/p>\n","protected":false},"excerpt":{"rendered":"<p>A edi\u00e7\u00e3o de n\u00famero 106 do Dia Mundial do Migrante e do Refugiado (DMMR) ser\u00e1 celebrada no domingo, 27 de setembro de 2020. Com o tema&nbsp;\u201cFor\u00e7ados, como Jesus Cristo, a fugir\u201d, o Papa&#8230;<\/p>\n","protected":false},"author":2,"featured_media":14563,"comment_status":"open","ping_status":"open","sticky":false,"template":"","format":"standard","meta":[],"categories":[1],"tags":[],"_links":{"self":[{"href":"https:\/\/www.salvatorianas.org.br\/blog\/wp-json\/wp\/v2\/posts\/14561"}],"collection":[{"href":"https:\/\/www.salvatorianas.org.br\/blog\/wp-json\/wp\/v2\/posts"}],"about":[{"href":"https:\/\/www.salvatorianas.org.br\/blog\/wp-json\/wp\/v2\/types\/post"}],"author":[{"embeddable":true,"href":"https:\/\/www.salvatorianas.org.br\/blog\/wp-json\/wp\/v2\/users\/2"}],"replies":[{"embeddable":true,"href":"https:\/\/www.salvatorianas.org.br\/blog\/wp-json\/wp\/v2\/comments?post=14561"}],"version-history":[{"count":1,"href":"https:\/\/www.salvatorianas.org.br\/blog\/wp-json\/wp\/v2\/posts\/14561\/revisions"}],"predecessor-version":[{"id":14564,"href":"https:\/\/www.salvatorianas.org.br\/blog\/wp-json\/wp\/v2\/posts\/14561\/revisions\/14564"}],"wp:featuredmedia":[{"embeddable":true,"href":"https:\/\/www.salvatorianas.org.br\/blog\/wp-json\/wp\/v2\/media\/14563"}],"wp:attachment":[{"href":"https:\/\/www.salvatorianas.org.br\/blog\/wp-json\/wp\/v2\/media?parent=14561"}],"wp:term":[{"taxonomy":"category","embeddable":true,"href":"https:\/\/www.salvatorianas.org.br\/blog\/wp-json\/wp\/v2\/categories?post=14561"},{"taxonomy":"post_tag","embeddable":true,"href":"https:\/\/www.salvatorianas.org.br\/blog\/wp-json\/wp\/v2\/tags?post=14561"}],"curies":[{"name":"wp","href":"https:\/\/api.w.org\/{rel}","templated":true}]}}