{"id":14548,"date":"2020-09-23T14:14:10","date_gmt":"2020-09-23T14:14:10","guid":{"rendered":"https:\/\/www.salvatorianas.org.br\/blog\/?p=14548"},"modified":"2020-09-23T14:16:56","modified_gmt":"2020-09-23T14:16:56","slug":"rede-um-grito-pela-vida-divulga-mensagem-para-o-dia-internacional-contra-a-exploracao-sexual-e-o-trafico-de-mulheres-e-criancas","status":"publish","type":"post","link":"https:\/\/www.salvatorianas.org.br\/blog\/rede-um-grito-pela-vida-divulga-mensagem-para-o-dia-internacional-contra-a-exploracao-sexual-e-o-trafico-de-mulheres-e-criancas\/","title":{"rendered":"Rede Um Grito Pela Vida divulga mensagem para o Dia internacional contra a explora\u00e7\u00e3o sexual e o tr\u00e1fico de mulheres e crian\u00e7as"},"content":{"rendered":"\n<p>Por ocasi\u00e3o do dia 23 de setembro, dia internacional contra a explora\u00e7\u00e3o sexual e o tr\u00e1fico de mulheres e crian\u00e7as, a coordena\u00e7\u00e3o nacional da Rede Um Grito Pela Vida divulgou mensagem em v\u00eddeo.\u00a0<\/p>\n\n\n\n<figure class=\"wp-block-embed-youtube wp-block-embed is-type-video is-provider-youtube wp-embed-aspect-16-9 wp-has-aspect-ratio\"><div class=\"wp-block-embed__wrapper\">\n<iframe loading=\"lazy\" width=\"500\" height=\"281\" src=\"https:\/\/www.youtube.com\/embed\/dxRwBtwUcw8?feature=oembed\" frameborder=\"0\" allow=\"accelerometer; autoplay; clipboard-write; encrypted-media; gyroscope; picture-in-picture\" allowfullscreen><\/iframe>\n<\/div><\/figure>\n\n\n\n<p><\/p>\n\n\n\n<p>De acordo com as religiosas Ir. Valmi Bohn, idp, Ir. Bernardete Macarini, icm, Ir. Rosa Elena Diaz, eim e Ir. Tina Veloso, idp, a data foi criada na Argentina, em 1913, com a promulga\u00e7\u00e3o da \u201cLei Pal\u00e1cios\u201d, para punir quem promovesse ou facilitasse prostitui\u00e7\u00e3o e corrup\u00e7\u00e3o de menores. E inspirou outros pa\u00edses a proteger sua popula\u00e7\u00e3o sobretudo as mulheres e crian\u00e7as.<\/p>\n\n\n\n<p>\u201cInspirados neste exemplo argentino, no dia 23 de setembro de 1999, os pa\u00edses participantes da Confer\u00eancia Mundial de Coliga\u00e7\u00e3o contra o Tr\u00e1fico de Mulheres, escolheram essa data como o Dia Internacional Contra a Explora\u00e7\u00e3o Sexual e o Tr\u00e1fico de Mulheres e Crian\u00e7as\u201d destacam as Irm\u00e3s.<\/p>\n\n\n\n<p>Para enfrentar esse crime de propor\u00e7\u00e3o mundial, h\u00e1 uma rede internacional de solidariedade, com destaque para as redes dinamizadas pela Vida Religiosa Consagrada, em parceria com leigos (as), lideran\u00e7as sociais e institui\u00e7\u00f5es governamentais e civis.<\/p>\n\n\n\n<p>\u201cA Rede Um Grito pela Vida, atuante no Brasil desde 2007, \u00e9 parte integrante da Rede Internacional Talitha Kum, com sede em Roma. \u00c9 uma Rede Inter congregacional formada pela Vida Religiosa Consagrada da Confer\u00eancia dos Religiosos do Brasil e por in\u00fameras leigas e leigos, na luta e defesa da vida das mulheres e crian\u00e7as. A Rede tem representa\u00e7\u00e3o nas redes internacionais Contra La Trata de personas da Confer\u00eancia Latino Americana das\/os religiosas\/os; na Rede CLAMOR (Am\u00e9rica Latina e Caribe); Na Comiss\u00e3o Hemisf\u00e9rica das Irm\u00e3s Cat\u00f3licas Contra o Tr\u00e1fico Humano dos Estados Unidos, entre outras representa\u00e7\u00f5es\u201d afirma a mensagem.<\/p>\n\n\n\n<p>As Irm\u00e3s ressaltam que o Brasil \u00e9 pa\u00eds de origem, tr\u00e2nsito e destino para tr\u00e1fico de pessoas. Mulheres e crian\u00e7as brasileiras, assim como de outras nacionalidades sul-americanas, s\u00e3o v\u00edtimas de tr\u00e1fico para fins de explora\u00e7\u00e3o sexual, dentro e fora do Brasil.<\/p>\n\n\n\n<p>E em tempos de pandemia, a ocorr\u00eancia deste tipo de crime s\u00f3 aumentou. A Rede Um Grito Pela Vida alerta a sociedade para que fique em permanente estado de vigil\u00e2ncia e de defesa da vida:<\/p>\n\n\n\n<p>\u201cA explora\u00e7\u00e3o sexual e o tr\u00e1fico de mulheres e crian\u00e7as se agravou neste tempo de pandemia, assim como o aumento das viol\u00eancias contra as mulheres e o feminic\u00eddio. Isolamento social e f\u00edsico dentro de casa, levou as maiores viola\u00e7\u00f5es da dignidade humana das mulheres e crian\u00e7as. N\u00e3o fique calado! Denuncie! Fa\u00e7a a sua parte\u201d finalizou.<\/p>\n\n\n\n<p><strong>MOBILIZA\u00c7\u00c3O VIRTUAL<\/strong><\/p>\n\n\n\n<p>Em 2020, por conta das medidas de preven\u00e7\u00e3o ao novo coronav\u00edrus, as mobiliza\u00e7\u00f5es pelo Dia Internacional Contra a Explora\u00e7\u00e3o Sexual e o Tr\u00e1fico de mulheres e crian\u00e7as ocuparam as redes sociais. Os N\u00facleos da Rede Um Grito Pela Vida pelo Brasil, produziram cards e v\u00eddeos para informar a sociedade, bem como prevenir a ocorr\u00eancia de casos de tr\u00e1fico humano. As produ\u00e7\u00f5es podem ser conferidas em&nbsp;<a href=\"http:\/\/facebook.com\/redeumgritopelavida\">facebook.com\/redeumgritopelavida<\/a>&nbsp;<\/p>\n","protected":false},"excerpt":{"rendered":"<p>Por ocasi\u00e3o do dia 23 de setembro, dia internacional contra a explora\u00e7\u00e3o sexual e o tr\u00e1fico de mulheres e crian\u00e7as, a coordena\u00e7\u00e3o nacional da Rede Um Grito Pela Vida divulgou mensagem em v\u00eddeo.\u00a0&#8230;<\/p>\n","protected":false},"author":2,"featured_media":14550,"comment_status":"open","ping_status":"open","sticky":false,"template":"","format":"standard","meta":[],"categories":[1],"tags":[],"_links":{"self":[{"href":"https:\/\/www.salvatorianas.org.br\/blog\/wp-json\/wp\/v2\/posts\/14548"}],"collection":[{"href":"https:\/\/www.salvatorianas.org.br\/blog\/wp-json\/wp\/v2\/posts"}],"about":[{"href":"https:\/\/www.salvatorianas.org.br\/blog\/wp-json\/wp\/v2\/types\/post"}],"author":[{"embeddable":true,"href":"https:\/\/www.salvatorianas.org.br\/blog\/wp-json\/wp\/v2\/users\/2"}],"replies":[{"embeddable":true,"href":"https:\/\/www.salvatorianas.org.br\/blog\/wp-json\/wp\/v2\/comments?post=14548"}],"version-history":[{"count":3,"href":"https:\/\/www.salvatorianas.org.br\/blog\/wp-json\/wp\/v2\/posts\/14548\/revisions"}],"predecessor-version":[{"id":14553,"href":"https:\/\/www.salvatorianas.org.br\/blog\/wp-json\/wp\/v2\/posts\/14548\/revisions\/14553"}],"wp:featuredmedia":[{"embeddable":true,"href":"https:\/\/www.salvatorianas.org.br\/blog\/wp-json\/wp\/v2\/media\/14550"}],"wp:attachment":[{"href":"https:\/\/www.salvatorianas.org.br\/blog\/wp-json\/wp\/v2\/media?parent=14548"}],"wp:term":[{"taxonomy":"category","embeddable":true,"href":"https:\/\/www.salvatorianas.org.br\/blog\/wp-json\/wp\/v2\/categories?post=14548"},{"taxonomy":"post_tag","embeddable":true,"href":"https:\/\/www.salvatorianas.org.br\/blog\/wp-json\/wp\/v2\/tags?post=14548"}],"curies":[{"name":"wp","href":"https:\/\/api.w.org\/{rel}","templated":true}]}}