{"id":14543,"date":"2020-09-23T14:08:54","date_gmt":"2020-09-23T14:08:54","guid":{"rendered":"https:\/\/www.salvatorianas.org.br\/blog\/?p=14543"},"modified":"2020-09-23T14:09:19","modified_gmt":"2020-09-23T14:09:19","slug":"mes-missionario-2020-tera-a-defesa-da-vida-como-tema-central","status":"publish","type":"post","link":"https:\/\/www.salvatorianas.org.br\/blog\/mes-missionario-2020-tera-a-defesa-da-vida-como-tema-central\/","title":{"rendered":"M\u00eas Mission\u00e1rio 2020 ter\u00e1 a defesa da vida como tema central"},"content":{"rendered":"\n<p> Em 2020, o M\u00eas Mission\u00e1rio ter\u00e1 como tema<strong>\u00a0\u201cA vida \u00e9 miss\u00e3o\u201d<\/strong>\u00a0e o lema\u00a0<strong>\u201cEis-me aqui, envia-me\u201d<\/strong>\u00a0(Is 6,8). A celebra\u00e7\u00e3o acontece sempre no m\u00eas de outubro e \u00e9 preparada pelas\u00a0 Pontif\u00edcias Obras Mission\u00e1rias (POM) com a colabora\u00e7\u00e3o da CNBB, Comiss\u00e3o para a Amaz\u00f4nia e outros organismos que comp\u00f5em o Conselho Mission\u00e1rio Nacional. A tem\u00e1tica aborda o convite que todo crist\u00e3o recebe para defender e cuidar da vida em todas as suas dimens\u00f5es. <\/p>\n\n\n\n<p>Ser disc\u00edpulo mission\u00e1rio est\u00e1 al\u00e9m de cumprir tarefas ou fazer coisas. O Papa Francisco lembra que \u201ca miss\u00e3o no cora\u00e7\u00e3o do povo n\u00e3o \u00e9 uma parte da minha vida, ou ornamento a ser posto de lado. \u00c9 algo que n\u00e3o posso arrancar do meu cora\u00e7\u00e3o\u201d (Alegria do Evangelho, 27).<\/p>\n\n\n\n<p>N\u00f3s crist\u00e3os somos convidados a defender e cuidar da vida em todas as suas dimens\u00f5es. Jesus de Nazar\u00e9 definiu sua a\u00e7\u00e3o no mundo como o Divino Cuidador: \u201cEu vim para que todos tenham vida e vida em abund\u00e2ncia\u201d (Jo10,10). Esse tamb\u00e9m deve ser o compromisso de todos os mission\u00e1rios e mission\u00e1rias, pois a vida \u00e9 miss\u00e3o.<\/p>\n\n\n\n<p>A vida \u00e9 o bem fundamental e b\u00e1sico em rela\u00e7\u00e3o a todos os demais bens e valores da pessoa. Para a \u00e9tica, a vida \u00e9 um bem, mais que um valor. Deus, ao contemplar a cria\u00e7\u00e3o, \u201cviu que tudo era muito bom\u201d (Gn 1,31).<\/p>\n\n\n\n<p>Todo mission\u00e1rio \u00e9 convidado a educar o olhar sobre as realidades de dor e, sobretudo, saber contemplar o belo, como fazia S\u00e3o Francisco de Assis, encantando-se com as criaturas presentes pelo caminho.<\/p>\n\n\n\n<h4 class=\"wp-block-heading\"><strong>Materiais de estudo j\u00e1 est\u00e3o dispon\u00edveis.<\/strong><\/h4>\n\n\n\n<p>Clique nos links abaixo para fazer download.<br>&#8211;\u00a0<a rel=\"noreferrer noopener\" href=\"http:\/\/www.pom.org.br\/wp-content\/uploads\/2020\/05\/apresentacao-cm-2020-1.pptx\" target=\"_blank\">Apresenta\u00e7\u00e3o geral da Campanha Mission\u00e1ria 2020<\/a><\/p>\n\n\n\n<p>&#8211;\u00a0<a rel=\"noreferrer noopener\" href=\"http:\/\/www.pom.org.br\/wp-content\/uploads\/2020\/05\/novena-missionaria-2020.pdf\" target=\"_blank\">Livro da Novena Mission\u00e1ria<\/a><\/p>\n\n\n\n<p>&#8211;\u00a0<a rel=\"noreferrer noopener\" href=\"http:\/\/www.pom.org.br\/wp-content\/uploads\/2020\/05\/cartaz-cm2020.pdf\" target=\"_blank\">Cartaz da Campanha Mission\u00e1ria 2020<\/a><\/p>\n\n\n\n<p>&#8211;\u00a0<a rel=\"noreferrer noopener\" href=\"http:\/\/www.pom.org.br\/wp-content\/uploads\/2020\/05\/mensagem-do-papa.pdf\" target=\"_blank\">Livro com a mensagem do Papa Francisco para o Dia Mundial das Miss\u00f5es<\/a><\/p>\n\n\n\n<p>&#8211;\u00a0<a rel=\"noreferrer noopener\" href=\"http:\/\/www.pom.org.br\/wp-content\/uploads\/2020\/05\/santinhos-cm2020.pdf\" target=\"_blank\">Santinhos dos padroeiros da miss\u00e3o<\/a><\/p>\n\n\n\n<p><strong>Ora\u00e7\u00e3o do M\u00eas Mission\u00e1rio<\/strong><\/p>\n\n\n\n<p>Deus Pai, Filho e Esp\u00edrito Santo,<br>fonte transbordante da miss\u00e3o,<br>Ajuda-nos a compreender<br>que a vida \u00e9 miss\u00e3o,<br>dom e compromisso.<br>Que Maria, nossa intercessora<br>na cidade, no campo,<br>na Amaz\u00f4nia e em toda parte,<br>ajude, cada um de n\u00f3s,<br>a ser testemunhas prof\u00e9ticas<br>do Evangelho,<br>numa Igreja sinodal<br>e em estado permanente<br>de miss\u00e3o.<br>Eis-me aqui, Senhor, envia-me!<br>Am\u00e9m.<\/p>\n\n\n\n<figure class=\"wp-block-embed-youtube wp-block-embed is-type-video is-provider-youtube wp-embed-aspect-16-9 wp-has-aspect-ratio\"><div class=\"wp-block-embed__wrapper\">\n<iframe loading=\"lazy\" width=\"500\" height=\"281\" src=\"https:\/\/www.youtube.com\/embed\/QqfBpgpsx9E?feature=oembed\" frameborder=\"0\" allow=\"accelerometer; autoplay; clipboard-write; encrypted-media; gyroscope; picture-in-picture\" allowfullscreen><\/iframe>\n<\/div><\/figure>\n\n\n\n<p>Fonte: POM<\/p>\n","protected":false},"excerpt":{"rendered":"<p>Em 2020, o M\u00eas Mission\u00e1rio ter\u00e1 como tema\u00a0\u201cA vida \u00e9 miss\u00e3o\u201d\u00a0e o lema\u00a0\u201cEis-me aqui, envia-me\u201d\u00a0(Is 6,8). A celebra\u00e7\u00e3o acontece sempre no m\u00eas de outubro e \u00e9 preparada pelas\u00a0 Pontif\u00edcias Obras Mission\u00e1rias (POM) com&#8230;<\/p>\n","protected":false},"author":2,"featured_media":14545,"comment_status":"open","ping_status":"open","sticky":false,"template":"","format":"standard","meta":[],"categories":[1],"tags":[],"_links":{"self":[{"href":"https:\/\/www.salvatorianas.org.br\/blog\/wp-json\/wp\/v2\/posts\/14543"}],"collection":[{"href":"https:\/\/www.salvatorianas.org.br\/blog\/wp-json\/wp\/v2\/posts"}],"about":[{"href":"https:\/\/www.salvatorianas.org.br\/blog\/wp-json\/wp\/v2\/types\/post"}],"author":[{"embeddable":true,"href":"https:\/\/www.salvatorianas.org.br\/blog\/wp-json\/wp\/v2\/users\/2"}],"replies":[{"embeddable":true,"href":"https:\/\/www.salvatorianas.org.br\/blog\/wp-json\/wp\/v2\/comments?post=14543"}],"version-history":[{"count":1,"href":"https:\/\/www.salvatorianas.org.br\/blog\/wp-json\/wp\/v2\/posts\/14543\/revisions"}],"predecessor-version":[{"id":14546,"href":"https:\/\/www.salvatorianas.org.br\/blog\/wp-json\/wp\/v2\/posts\/14543\/revisions\/14546"}],"wp:featuredmedia":[{"embeddable":true,"href":"https:\/\/www.salvatorianas.org.br\/blog\/wp-json\/wp\/v2\/media\/14545"}],"wp:attachment":[{"href":"https:\/\/www.salvatorianas.org.br\/blog\/wp-json\/wp\/v2\/media?parent=14543"}],"wp:term":[{"taxonomy":"category","embeddable":true,"href":"https:\/\/www.salvatorianas.org.br\/blog\/wp-json\/wp\/v2\/categories?post=14543"},{"taxonomy":"post_tag","embeddable":true,"href":"https:\/\/www.salvatorianas.org.br\/blog\/wp-json\/wp\/v2\/tags?post=14543"}],"curies":[{"name":"wp","href":"https:\/\/api.w.org\/{rel}","templated":true}]}}