{"id":14530,"date":"2020-09-21T12:08:02","date_gmt":"2020-09-21T12:08:02","guid":{"rendered":"https:\/\/www.salvatorianas.org.br\/blog\/?p=14530"},"modified":"2020-09-21T12:08:04","modified_gmt":"2020-09-21T12:08:04","slug":"no-dia-internacional-da-paz-francisco-indica-o-caminho-da-fraternidade","status":"publish","type":"post","link":"https:\/\/www.salvatorianas.org.br\/blog\/no-dia-internacional-da-paz-francisco-indica-o-caminho-da-fraternidade\/","title":{"rendered":"No Dia Internacional da Paz, Francisco indica o caminho da fraternidade"},"content":{"rendered":"\n<p>O Papa Francisco assinala o Dia Internacional da Paz celebrado pelas Na\u00e7\u00f5es Unidas neste 21 de setembro com uma mensagem no Twitter.<\/p>\n\n\n\n<blockquote class=\"wp-block-quote\"><p>\u201cDevemos procurar uma fraternidade real, baseada na origem comum de Deus. O desejo de paz est\u00e1 profundamente inscrito no cora\u00e7\u00e3o do homem e n\u00e3o devemos resignar-nos com nada que seja menos que isso.\u201d<\/p><\/blockquote>\n\n\n\n<p>A fraternidade ser\u00e1 o tema da enc\u00edclica que o Pont\u00edfice assinar\u00e1 no pr\u00f3ximo dia 3 de outubro junto ao t\u00famulo de S\u00e3o Francisco de Assis, cujo t\u00edtulo \u00e9 &#8220;Fratelli Tutti&#8221;.<\/p>\n\n\n\n<p>Trata-se de um dos assuntos que o Santo Padre tem mais a peito, dedicando inclusive uma viagem apost\u00f3lica para a assinatura, em Abu Dhabi, do Documento sobre a &#8220;Fraternidade Humana em prol da Paz Mundial e da conviv\u00eancia comum&#8221;. Este texto foi assinado tamb\u00e9m pelo Gr\u00e3o Imame de Al-Azhar, Ahamad al-Tayyib.<\/p>\n\n\n\n<h2 class=\"wp-block-heading\">Moldar a Paz Juntos<\/h2>\n\n\n\n<p>Neste dia 21 de setembro, as Na\u00e7\u00f5es Unidas escolheram como tema &#8220;Moldar a Paz Juntos&#8221;.<\/p>\n\n\n\n<p>Em mensagem&nbsp;de&nbsp;v\u00eddeo, o secret\u00e1rio-geral da ONU, Ant\u00f3nio Guterres, disse que a data \u00e9 dedicada \u201ca apelar \u00e0s partes beligerantes em todos os lugares a depor armas e a trabalhar em prol da harmonia.\u201d&nbsp;<\/p>\n\n\n\n<p>Para o chefe da&nbsp;ONU, \u201c\u00e0&nbsp;medida que a pandemia da Covid-19 continua a assolar o mundo, este apelo \u00e9 mais importante do que nunca.\u201d&nbsp;<\/p>\n\n\n\n<p>Foi por isso que&nbsp;Guterres&nbsp;pediu&nbsp;um cessar-fogo global em mar\u00e7o, um apelo que ir\u00e1 repetir na abertura da semana de alto n\u00edvel da Assembleia Geral na ter\u00e7a-feira, 22.&nbsp;&nbsp;<\/p>\n\n\n\n<p>Para ele,&nbsp;\u201co&nbsp;mundo enfrenta um inimigo comum,&nbsp;um v\u00edrus mortal que est\u00e1 causando imenso sofrimento,&nbsp;destruindo meios de subsist\u00eancia, contribuindo para as tens\u00f5es internacionais e agravando os j\u00e1 grandes desafios para a paz e a seguran\u00e7a.\u201d&nbsp;<\/p>\n\n\n\n<p>O secret\u00e1rio-geral tamb\u00e9m destaca dificuldades causadas pelas medidas de combate \u00e0 pandemia. Segundo ele, nestes dias de distanciamento f\u00edsico n\u00e3o&nbsp;\u00e9 poss\u00edvel&nbsp;ficar pr\u00f3ximos uns dos outros.&nbsp;Ainda&nbsp;assim, as pessoas devem&nbsp;permanecer juntas pela paz.&nbsp;<\/p>\n\n\n\n<p>Juntos,\u00a0conclui Ant\u00f3nio Guterres, os cidad\u00e3os do\u00a0mundo podem \u201cconstruir um mundo mais justo, mais sustent\u00e1vel e equitativo.\u201d\u00a0<\/p>\n\n\n\n<p>Fonte: VaticanNews<\/p>\n","protected":false},"excerpt":{"rendered":"<p>O Papa Francisco assinala o Dia Internacional da Paz celebrado pelas Na\u00e7\u00f5es Unidas neste 21 de setembro com uma mensagem no Twitter. \u201cDevemos procurar uma fraternidade real, baseada na origem comum de Deus&#8230;.<\/p>\n","protected":false},"author":2,"featured_media":14531,"comment_status":"open","ping_status":"open","sticky":false,"template":"","format":"standard","meta":[],"categories":[1],"tags":[],"_links":{"self":[{"href":"https:\/\/www.salvatorianas.org.br\/blog\/wp-json\/wp\/v2\/posts\/14530"}],"collection":[{"href":"https:\/\/www.salvatorianas.org.br\/blog\/wp-json\/wp\/v2\/posts"}],"about":[{"href":"https:\/\/www.salvatorianas.org.br\/blog\/wp-json\/wp\/v2\/types\/post"}],"author":[{"embeddable":true,"href":"https:\/\/www.salvatorianas.org.br\/blog\/wp-json\/wp\/v2\/users\/2"}],"replies":[{"embeddable":true,"href":"https:\/\/www.salvatorianas.org.br\/blog\/wp-json\/wp\/v2\/comments?post=14530"}],"version-history":[{"count":1,"href":"https:\/\/www.salvatorianas.org.br\/blog\/wp-json\/wp\/v2\/posts\/14530\/revisions"}],"predecessor-version":[{"id":14532,"href":"https:\/\/www.salvatorianas.org.br\/blog\/wp-json\/wp\/v2\/posts\/14530\/revisions\/14532"}],"wp:featuredmedia":[{"embeddable":true,"href":"https:\/\/www.salvatorianas.org.br\/blog\/wp-json\/wp\/v2\/media\/14531"}],"wp:attachment":[{"href":"https:\/\/www.salvatorianas.org.br\/blog\/wp-json\/wp\/v2\/media?parent=14530"}],"wp:term":[{"taxonomy":"category","embeddable":true,"href":"https:\/\/www.salvatorianas.org.br\/blog\/wp-json\/wp\/v2\/categories?post=14530"},{"taxonomy":"post_tag","embeddable":true,"href":"https:\/\/www.salvatorianas.org.br\/blog\/wp-json\/wp\/v2\/tags?post=14530"}],"curies":[{"name":"wp","href":"https:\/\/api.w.org\/{rel}","templated":true}]}}