{"id":14501,"date":"2020-09-15T18:24:40","date_gmt":"2020-09-15T18:24:40","guid":{"rendered":"https:\/\/www.salvatorianas.org.br\/blog\/?p=14501"},"modified":"2020-09-15T18:24:43","modified_gmt":"2020-09-15T18:24:43","slug":"recorde-alguns-dos-pontos-centrais-das-enciclicas-do-papa-francisco-que-antecedem-a-fratelli-tutti","status":"publish","type":"post","link":"https:\/\/www.salvatorianas.org.br\/blog\/recorde-alguns-dos-pontos-centrais-das-enciclicas-do-papa-francisco-que-antecedem-a-fratelli-tutti\/","title":{"rendered":"RECORDE ALGUNS DOS PONTOS CENTRAIS DAS ENC\u00cdCLICAS DO PAPA FRANCISCO QUE ANTECEDEM A FRATELLI TUTTI"},"content":{"rendered":"\n<p>No pr\u00f3ximo dia 3 de outubro, em Assis, o Papa Francisco assina sua terceira enc\u00edclica, chamada&nbsp;<em>Fratelli Tutti<\/em>. O texto sobre a fraternidade e a amizade social se insere no conjunto de cartas que at\u00e9 o momento trataram da f\u00e9 e do cuidado da casa comum. Recorde alguns dos pontos centrais destes documentos que est\u00e3o inseridos no magist\u00e9rio da Igreja.<\/p>\n\n\n\n<p>Em seu pontificado, e particularmente no momento atual, Francisco tem refor\u00e7ado a liga\u00e7\u00e3o com estas diferentes realidades ligadas \u00e0 f\u00e9 e \u00e0s quest\u00f5es sociais. Falando sobre a solidariedade na s\u00e9rie de catequeses \u201cCurar o mundo\u201d, Francisco ensina que \u201cpara ser solid\u00e1ria e dar frutos, a interdepend\u00eancia precisa de ra\u00edzes fortes no humano e na natureza criada por Deus, precisa de respeito pelos rostos e pela Terra\u201d. S\u00e3o duas dimens\u00f5es da liga\u00e7\u00e3o com Deus e o pr\u00f3ximo que caminham juntas. A enc\u00edclica \u201csobre a fraternidade e a amizade social\u201d deve refor\u00e7ar a viv\u00eancia destas dimens\u00f5es em nome de uma solidariedade humana.<\/p>\n\n\n\n<h3 class=\"wp-block-heading\">Luz da f\u00e9<\/h3>\n\n\n\n<p>Em 2013, no in\u00edcio de seu pontificado, Francisco divulgou sua primeira enc\u00edclica, concluindo o trabalho iniciado pelo Papa Bento XVI. A&nbsp;<a href=\"http:\/\/www.vatican.va\/content\/francesco\/pt\/encyclicals\/documents\/papa-francesco_20130629_enciclica-lumen-fidei.html\"><em>Lumen Fidei<\/em>&nbsp;\u2013 sobre a f\u00e9<\/a>&nbsp;foi dirigida aos bispos, aos presb\u00edteros e aos di\u00e1conos, \u00e0s pessoas consagradas e a todos os fi\u00e9is leigos. Francisco falou ao interno da Igreja a respeito da luz da f\u00e9, \u201cexpress\u00e3o com que a tradi\u00e7\u00e3o da Igreja designou o grande dom trazido por Jesus\u201d.<\/p>\n\n\n\n<div class=\"wp-block-image\"><figure class=\"alignleft is-resized\"><img decoding=\"async\" loading=\"lazy\" src=\"https:\/\/edicoescnbb.fbitsstatic.net\/img\/p\/documentos-pontificios-16-%E2%80%93-lumen-fidei-%E2%80%93-carta-enciclica-a-luz-da-fe-70615\/257109.jpg\" alt=\"\" width=\"228\" height=\"348\"\/><\/figure><\/div>\n\n\n\n<p>O documento fala da urg\u00eancia em recuperar o car\u00e1cter de luz que \u00e9 pr\u00f3prio da f\u00e9, capaz de iluminar toda a exist\u00eancia do homem, \u201cpois, quando a sua chama se apaga, todas as outras luzes acabam tamb\u00e9m por perder o seu vigor\u201d.<\/p>\n\n\n\n<p>Francisco reflete e aprofunda como \u00e9 o caminho que a f\u00e9 desvenda diante dos fi\u00e9is e a origem de sua luz \u201ct\u00e3o poderosa que permite iluminar o caminho duma vida bem sucedida e fecunda, cheia de fruto\u201d.<\/p>\n\n\n\n<p>Em artigo publicado no Portal da CNBB, o arcebispo de Montes Claros (MG), dom Jo\u00e3o Justino de Medeiros Silva ressalta o modo de Francisco enxergar a realidade com os olhos da f\u00e9, citando o par\u00e1grafo 18 do documento papal:<\/p>\n\n\n\n<blockquote class=\"wp-block-quote\"><p>\u201c<em>Diz ele: \u2018A f\u00e9 n\u00e3o s\u00f3 olha para Jesus, mas olha tamb\u00e9m a partir da perspectiva de Jesus e com os seus olhos: \u00e9 uma participa\u00e7\u00e3o no seu modo de ver<\/em>\u2019\u201d.<\/p><\/blockquote>\n\n\n\n<p>\u201cQuando Papa Francisco prop\u00f5e dois s\u00ednodos sobre a fam\u00edlia, um sobre a juventude e outro, especial, para a Pan-amaz\u00f4nia, pode-se dizer que as realidades das fam\u00edlias, da juventude e da Amaz\u00f4nia precisam ser vistas \u00e0 luz da f\u00e9. Observe-se que estes temas sinodais s\u00e3o menos internos da vida eclesial e mais voltados para a realidade vital das pessoas. A f\u00e9 crist\u00e3 n\u00e3o nega a realidade, mas busca enxerg\u00e1-la de modo mais profundo e com ela se compromete no servi\u00e7o do Reino\u201d, afirma o arcebispo.<\/p>\n\n\n\n<h3 class=\"wp-block-heading\">Cuidado da Casa Comum<\/h3>\n\n\n\n<div class=\"wp-block-image\"><figure class=\"alignleft is-resized\"><img decoding=\"async\" loading=\"lazy\" src=\"https:\/\/edicoescnbb.fbitsstatic.net\/img\/p\/documentos-pontificios-22-%E2%80%93-laudato-si-%E2%80%93-carta-enciclica-sobre-o-cuidado-da-casa-comum-70391\/256885.jpg\" alt=\"\" width=\"237\" height=\"362\"\/><\/figure><\/div>\n\n\n\n<p>\u00c9 neste contexto amplo de olhar a realidade \u00e0 luz da f\u00e9 que Francisco se dirige \u201ca cada pessoa que habita neste planeta\u201d na carta&nbsp;<a href=\"http:\/\/www.vatican.va\/content\/francesco\/pt\/encyclicals\/documents\/papa-francesco_20150524_enciclica-laudato-si.html\">enc\u00edclica Laudato Si\u2019 \u2013 sobre o cuidado da casa comum<\/a>, considerando a \u201cdeteriora\u00e7\u00e3o global do ambiente\u201d.<\/p>\n\n\n\n<p>Marca este documento a inspira\u00e7\u00e3o em S\u00e3o Francisco j\u00e1 no t\u00edtulo, com o termo extra\u00eddo do C\u00e2ntico das Criaturas. \u201cO seu testemunho mostra-nos tamb\u00e9m que uma ecologia integral requer abertura para categorias que transcendem a linguagem das ci\u00eancias exatas ou da biologia e nos p\u00f5em em contato com a ess\u00eancia do ser humano\u201d.<\/p>\n\n\n\n<p>A enc\u00edclica&nbsp;<em>Fratelli Tutti<\/em>&nbsp;tamb\u00e9m est\u00e1 relacionada ao testemunho Franciscano. A assinatura do documento em Assis tamb\u00e9m \u00e9 simbolismo desta liga\u00e7\u00e3o.<\/p>\n\n\n\n<h3 class=\"wp-block-heading\">Unir a fam\u00edlia humana<\/h3>\n\n\n\n<p>Na enc\u00edclica&nbsp;<em>Laudato Si\u2019<\/em>&nbsp;Francisco j\u00e1 faz um convite \u00e0 comunidade humana em torno de um prop\u00f3sito: \u201cO urgente desafio de proteger a nossa casa comum inclui a preocupa\u00e7\u00e3o de unir toda a fam\u00edlia humana na busca de um desenvolvimento sustent\u00e1vel e integral, pois sabemos que as coisas podem mudar\u201d.<\/p>\n\n\n\n<blockquote class=\"wp-block-quote\"><p>\u201c<em>Lan\u00e7o um convite urgente a renovar o di\u00e1logo sobre a maneira como estamos a construir o futuro do planeta. Precisamos de um debate que nos una a todos, porque o desafio ambiental, que vivemos, e as suas ra\u00edzes humanas dizem respeito e t\u00eam impacto sobre todos n\u00f3s\u201d<\/em>, escreveu Francisco na enc\u00edclica lan\u00e7ada em 2015.<\/p><\/blockquote>\n\n\n\n<p>O cuidado da casa comum, a sua preocupa\u00e7\u00e3o com a vida no planeta, se expressa em eixos que atravessam a enc\u00edclica inteira com reflex\u00f5es e indica\u00e7\u00f5es de atitudes concretas. S\u00e3o exemplos desses eixos: a rela\u00e7\u00e3o \u00edntima entre os pobres e a fragilidade do planeta; a convic\u00e7\u00e3o de que tudo est\u00e1 estreitamente interligado no mundo; a cr\u00edtica do novo paradigma e das formas de poder que derivam da tecnologia; o convite a procurar outras maneiras de entender a economia e o progresso; o valor pr\u00f3prio de cada criatura; o sentido humano da ecologia; a necessidade de debates sinceros e honestos; a grave responsabilidade da pol\u00edtica internacional e local; e a cultura do descarte e a proposta dum novo estilo de vida.<\/p>\n\n\n\n<p>Fonte: CNBB<\/p>\n","protected":false},"excerpt":{"rendered":"<p>No pr\u00f3ximo dia 3 de outubro, em Assis, o Papa Francisco assina sua terceira enc\u00edclica, chamada&nbsp;Fratelli Tutti. O texto sobre a fraternidade e a amizade social se insere no conjunto de cartas que&#8230;<\/p>\n","protected":false},"author":2,"featured_media":14502,"comment_status":"open","ping_status":"open","sticky":false,"template":"","format":"standard","meta":[],"categories":[1],"tags":[],"_links":{"self":[{"href":"https:\/\/www.salvatorianas.org.br\/blog\/wp-json\/wp\/v2\/posts\/14501"}],"collection":[{"href":"https:\/\/www.salvatorianas.org.br\/blog\/wp-json\/wp\/v2\/posts"}],"about":[{"href":"https:\/\/www.salvatorianas.org.br\/blog\/wp-json\/wp\/v2\/types\/post"}],"author":[{"embeddable":true,"href":"https:\/\/www.salvatorianas.org.br\/blog\/wp-json\/wp\/v2\/users\/2"}],"replies":[{"embeddable":true,"href":"https:\/\/www.salvatorianas.org.br\/blog\/wp-json\/wp\/v2\/comments?post=14501"}],"version-history":[{"count":1,"href":"https:\/\/www.salvatorianas.org.br\/blog\/wp-json\/wp\/v2\/posts\/14501\/revisions"}],"predecessor-version":[{"id":14503,"href":"https:\/\/www.salvatorianas.org.br\/blog\/wp-json\/wp\/v2\/posts\/14501\/revisions\/14503"}],"wp:featuredmedia":[{"embeddable":true,"href":"https:\/\/www.salvatorianas.org.br\/blog\/wp-json\/wp\/v2\/media\/14502"}],"wp:attachment":[{"href":"https:\/\/www.salvatorianas.org.br\/blog\/wp-json\/wp\/v2\/media?parent=14501"}],"wp:term":[{"taxonomy":"category","embeddable":true,"href":"https:\/\/www.salvatorianas.org.br\/blog\/wp-json\/wp\/v2\/categories?post=14501"},{"taxonomy":"post_tag","embeddable":true,"href":"https:\/\/www.salvatorianas.org.br\/blog\/wp-json\/wp\/v2\/tags?post=14501"}],"curies":[{"name":"wp","href":"https:\/\/api.w.org\/{rel}","templated":true}]}}